{"id":106211,"date":"2025-11-17T20:26:11","date_gmt":"2025-11-17T20:26:11","guid":{"rendered":"https:\/\/www.europesays.com\/pl\/106211\/"},"modified":"2025-11-17T20:26:11","modified_gmt":"2025-11-17T20:26:11","slug":"final-show-polsatu-i-plotki-o-romansie-co-laczy-maurycego-popiela-i-emme-giegzno","status":"publish","type":"post","link":"https:\/\/www.europesays.com\/pl\/106211\/","title":{"rendered":"Fina\u0142 show Polsatu i plotki o romansie. Co \u0142\u0105czy Maurycego Popiela i Emm\u0119 Gieg\u017cno?"},"content":{"rendered":"<p class=\"ods-c-paragraph \">Wed\u0142ug serwisu ShowNews 35-latek nawi\u0105za\u0142 blisk\u0105 relacj\u0119 z Emm\u0105 Gieg\u017cno podczas zdj\u0119\u0107 do serialu &#8222;Matylda&#8221;. Wkr\u00f3tce mia\u0142 oznajmi\u0107 ma\u0142\u017conce, \u017ce od niej odchodzi. \u2014 Iza nieraz widzia\u0142a m\u0119\u017ca w romantycznych scenach. Sama jest aktork\u0105 i nigdy nie robi\u0142a mu scen zazdro\u015bci. Kiedy Maurycy wszed\u0142 na plan &#8222;Matyldy&#8221; nie mia\u0142a poj\u0119cia, \u017ce nawi\u0105\u017ce tam romans \u2014 cytowa\u0142 informatora wspomniany portal.<\/p>\n<p>Dalszy ci\u0105g artyku\u0142u pod materia\u0142em wideo<\/p>\n<p> Kim jest partnerka Maurycego Popiela? <\/p>\n<p> Kto wygra\u0142 finale 'Ta\u0144ca z gwiazdami&#8217;? <\/p>\n<p> Czy \u017cona Maurycego Popiela pojawi\u0142a si\u0119 na widowni? <\/p>\n<p> Gdzie toczy si\u0119 sprawa rozwodowa Maurycego Popiela? <\/p>\n<p class=\"ods-c-paragraph \">Gieg\u017cno unikn\u0119\u0142a odpowiedzi, czy rzeczywi\u015bcie zwi\u0105za\u0142a si\u0119 ze starszym koleg\u0105 po fachu. Widownia zna j\u0105 z takich produkcji, jak &#8222;Profilerka&#8221; czy &#8222;Szad\u017a&#8221;. 30-latka uko\u0144czy\u0142a t\u0119 sam\u0105 szko\u0142\u0119 teatraln\u0105 co Popiel, regularnie wyst\u0119puje przed publiczno\u015bci\u0105, a jej zainteresowania obejmuj\u0105 pisanie surrealistycznych opowiada\u0144 i modeling.<\/p>\n<p class=\"ods-c-paragraph \">W przeciwie\u0144stwie do Maurycego, kt\u00f3rego matka jest znan\u0105 aktork\u0105, Emma pochodzi z rodziny niezwi\u0105zanej z artystycznym \u015bwiatem. Jak twierdzi\u0142o \u017ar\u00f3d\u0142o ShowNews artysta &#8222;kompletnie straci\u0142 dla niej g\u0142ow\u0119&#8221; i &#8222;z dnia na dzie\u0144 poinformowa\u0142 \u017con\u0119, \u017ce si\u0119 wyprowadza&#8221;.<\/p>\n<p class=\"ods-c-paragraph \">Nast\u0119pnie dziennikarze donosili o sprawie rozwodowej, kt\u00f3ra toczy si\u0119 w krakowskim s\u0105dzie. Zapytana latem o wyst\u0119py dawnej mi\u0142o\u015bci na parkiecie, odpowiedzia\u0142a kr\u00f3tko: &#8222;Nie \u015bledz\u0119 \u017cycia mojego jeszcze m\u0119\u017ca, ale przyjaciele mi donie\u015bli, \u017ce wyst\u0105pi w tym programie. Mo\u017ce z Emm\u0105 zata\u0144czy. Taka edycja rozwodnik\u00f3w \u2014 albo lepiej \u00bbRomans z gwiazdami\u00ab&#8221;.<\/p>\n","protected":false},"excerpt":{"rendered":"Wed\u0142ug serwisu ShowNews 35-latek nawi\u0105za\u0142 blisk\u0105 relacj\u0119 z Emm\u0105 Gieg\u017cno podczas zdj\u0119\u0107 do serialu &#8222;Matylda&#8221;. Wkr\u00f3tce mia\u0142 oznajmi\u0107&hellip;\n","protected":false},"author":2,"featured_media":106212,"comment_status":"","ping_status":"","sticky":false,"template":"","format":"standard","meta":{"footnotes":""},"categories":[5],"tags":[32,33,1942,3438,36,37,27,34,35,3437,28,31,48,25,46,42,38,40,39,41,47,1884,29,30,26],"class_list":{"0":"post-106211","1":"post","2":"type-post","3":"status-publish","4":"format-standard","5":"has-post-thumbnail","7":"category-naglowki","8":"tag-breaking-news","9":"tag-breakingnews","10":"tag-celebryci","11":"tag-emma_giegzno","12":"tag-featured-news","13":"tag-featurednews","14":"tag-headlines","15":"tag-latest-news","16":"tag-latestnews","17":"tag-maurycy_popiel","18":"tag-naglowki","19":"tag-najwazniejsze-artykuly","20":"tag-nat_styl","21":"tag-news","22":"tag-omp","23":"tag-pl","24":"tag-poland","25":"tag-polish","26":"tag-polska","27":"tag-polski","28":"tag-screening_general","29":"tag-taniec_z_gwiazdami","30":"tag-top-stories","31":"tag-topstories","32":"tag-wiadomosci"},"share_on_mastodon":{"url":"https:\/\/pubeurope.com\/@pl\/115566921998927474","error":""},"_links":{"self":[{"href":"https:\/\/www.europesays.com\/pl\/wp-json\/wp\/v2\/posts\/106211","targetHints":{"allow":["GET"]}}],"collection":[{"href":"https:\/\/www.europesays.com\/pl\/wp-json\/wp\/v2\/posts"}],"about":[{"href":"https:\/\/www.europesays.com\/pl\/wp-json\/wp\/v2\/types\/post"}],"author":[{"embeddable":true,"href":"https:\/\/www.europesays.com\/pl\/wp-json\/wp\/v2\/users\/2"}],"replies":[{"embeddable":true,"href":"https:\/\/www.europesays.com\/pl\/wp-json\/wp\/v2\/comments?post=106211"}],"version-history":[{"count":0,"href":"https:\/\/www.europesays.com\/pl\/wp-json\/wp\/v2\/posts\/106211\/revisions"}],"wp:featuredmedia":[{"embeddable":true,"href":"https:\/\/www.europesays.com\/pl\/wp-json\/wp\/v2\/media\/106212"}],"wp:attachment":[{"href":"https:\/\/www.europesays.com\/pl\/wp-json\/wp\/v2\/media?parent=106211"}],"wp:term":[{"taxonomy":"category","embeddable":true,"href":"https:\/\/www.europesays.com\/pl\/wp-json\/wp\/v2\/categories?post=106211"},{"taxonomy":"post_tag","embeddable":true,"href":"https:\/\/www.europesays.com\/pl\/wp-json\/wp\/v2\/tags?post=106211"}],"curies":[{"name":"wp","href":"https:\/\/api.w.org\/{rel}","templated":true}]}}