{"id":106257,"date":"2025-11-17T21:01:09","date_gmt":"2025-11-17T21:01:09","guid":{"rendered":"https:\/\/www.europesays.com\/pl\/106257\/"},"modified":"2025-11-17T21:01:09","modified_gmt":"2025-11-17T21:01:09","slug":"europa-podkreca-tempo-ta-bron-jest-tarcza-ktorej-naprawde-boi-sie-kreml-i-juz-niedlugo-bedzie-nalezec-do-kijowa","status":"publish","type":"post","link":"https:\/\/www.europesays.com\/pl\/106257\/","title":{"rendered":"Europa podkr\u0119ca tempo. Ta bro\u0144 jest tarcz\u0105, kt\u00f3rej naprawd\u0119 boi si\u0119 Kreml. I ju\u017c nied\u0142ugo b\u0119dzie nale\u017ce\u0107 do Kijowa"},"content":{"rendered":"<p><a href=\"https:\/\/wiadomosci.onet.pl\/swiat\/nowy-pakt-paryza-i-kijowa-ktory-moze-zmienic-zasady-gry-prawdziwie-historyczny-moment\/kwjkwlm\" id=\"eaf4c32a-dafb-40a5-9ad4-55ded9176f11\" rel=\"nofollow noopener\" target=\"_blank\">W poniedzia\u0142ek 17 listopada<\/a> Ukraina zapewni\u0142a sobie jedno ze swoich najwa\u017cniejszych d\u0142ugoterminowych zobowi\u0105za\u0144 obronnych po tym, jak prezydent Ukrainy Wo\u0142odymyr Ze\u0142enski i prezydent Francji Emmanuel Macron podpisali w Pary\u017cu 10-letni pakt bezpiecze\u0144stwa. Otwiera on Kijowowi drog\u0119 do nabycia systemu obrony powietrznej SAMP\/T oraz innych zaawansowanych rodzaj\u00f3w broni i technologii.<\/p>\n<p>To porozumienie mo\u017ce diametralnie zmieni\u0107 r\u00f3wnowag\u0119 si\u0142 nad Ukrain\u0105 i wywo\u0142a\u0107 wyra\u017any niepok\u00f3j w Moskwie. Nowy system jest bowiem zdolny przechwytywa\u0107 nawet najbardziej zaawansowane rosyjskie rakiety.<\/p>\n<p class=\"ods-c-paragraph \">Francusko-w\u0142oski system SAMP\/T m\u00f3g\u0142by za\u0142ata\u0107 jedn\u0105 z najwi\u0119kszych dziur w ukrai\u0144skiej obronie powietrznej. Umo\u017cliwi\u0142by on Ukrai\u0144com <a href=\"https:\/\/www.onet.pl\/informacje\/onetwiadomosci\/eksperci-o-zwalczaniu-dronow-nad-polska-nie-uczymy-sie-od-ukraincow\/yrmln9p,79cfc278\" id=\"cb0897c6-79d7-4049-b548-91db68971a55\" rel=\"nofollow noopener\" target=\"_blank\">zestrzeliwanie rosyjskich rakiet balistycznych <\/a>bez polegania na dostawach ameryka\u0144skich system\u00f3w obrony powietrznej Patriot, kt\u00f3re cz\u0119sto zale\u017c\u0105 od <a href=\"https:\/\/www.onet.pl\/informacje\/onetwiadomosci\/amerykanie-przekaza-nowa-bron-ukrainie-zakup-sfinansuje-rosja\/9g50zle,79cfc278\" id=\"5fd93a88-ce8d-4f79-9560-38853cdd64bf\" rel=\"nofollow noopener\" target=\"_blank\">kaprys\u00f3w Bia\u0142ego Domu<\/a> i niestabilnej sytuacji politycznej w USA.<\/p>\n<p class=\"ods-c-paragraph \">Problem stanowi produkcja \u2014 producenci, czyli MBDA i Thales s\u0105 w stanie produkowa\u0107 tylko kilka system\u00f3w SAMP\/T rocznie, podczas gdy Ukraina potrzebuje ich dziesi\u0105tki.<\/p>\n<p>Czym w\u0142a\u015bciwie jest SAMP\/T?<\/p>\n<p class=\"ods-c-paragraph \">System SAMP\/T (Sol-Air Moyenne Port\u00e9e\/Terrestre) to nowoczesny system obrony powietrznej produkowany wsp\u00f3lnie przez Francj\u0119 i W\u0142ochy. Wykorzystuje pociski Aster 30 \u2014 bardzo skuteczn\u0105 amunicj\u0119 zdoln\u0105 do zestrzeliwania zar\u00f3wno samolot\u00f3w na du\u017cych dystansach, jak i rakiet balistycznych na kr\u00f3tkich i \u015brednich odcinkach.<\/p>\n<p>   <img decoding=\"async\" src=\"https:\/\/www.europesays.com\/pl\/wp-content\/uploads\/2025\/11\/EcJk9lBaHR0cHM6Ly9vY2RuLmV1L3B1bHNjbXMvTURBXy8yNmExNzZhMTM2OTIwZDIxOTFlYTliYTFhOWJlZjU3ZS5qcGeSlQMAA.jpeg\" height=\"556\" width=\"940\" alt=\"Wystrza\u0142 pocisku ASTER 30 z lotniskowca Charles de Gaulle. Francja, 3 lutego 2023 r.\" loading=\"lazy\" class=\"ods-c-image__img ods-c-image__img--viewport-width\"\/><\/p>\n<p>Wystrza\u0142 pocisku ASTER 30 z lotniskowca Charles de Gaulle. Francja, 3 lutego 2023 r.ABACA\/Abaca\/East News \/ East News<\/p>\n<p class=\"ods-c-paragraph \">Teoretycznie najnowsze wersje pocisku Aster 30 mog\u0105 przechwyci\u0107:<\/p>\n<ul class=\"ods-m-bullet-list\">\n<li class=\"ods-a-bullet ods-a-bullet--normal\"> samolot w odleg\u0142o\u015bci ok. 150 km, <\/li>\n<li class=\"ods-a-bullet ods-a-bullet--normal\"> rakiet\u0119 balistyczn\u0105 \u015bredniego zasi\u0119gu \u2014 podobn\u0105 do tych, kt\u00f3rymi Rosja atakuje Ukrain\u0119 \u2014 nawet z 600 km, <\/li>\n<li class=\"ods-a-bullet ods-a-bullet--normal\"> du\u017ce mi\u0119dzykontynentalne pociski balistyczne. <\/li>\n<\/ul>\n<p class=\"ods-c-paragraph \">Najdro\u017cszy pocisk Aster 30 kosztuje oko\u0142o 2 mln dol. (ok. 8 mln z\u0142). Kompletny system SAMP\/T \u2014 z radarami, pojazdami wsparcia, wyrzutniami i zapasami amunicji \u2014 to koszt rz\u0119du 500 mln dolar\u00f3w (ok. 2 mld z\u0142).<\/p>\n<p>Jakie s\u0105 ograniczenia systemu SAMP\/T?<\/p>\n<p class=\"ods-c-paragraph \">Dwa systemy SAMP\/T ju\u017c funkcjonuj\u0105ce w Ukrainie i wystrzeliwuj\u0105ce starsze wersje pocisk\u00f3w Aster 30, mia\u0142y problemy z trafieniem rosyjskich pocisk\u00f3w balistycznych, kt\u00f3re manewrowa\u0142y podczas lotu do celu.<\/p>\n<p class=\"ods-c-paragraph \">MBDA i Thales produkuj\u0105 ok. 300 pocisk\u00f3w Aster 30 rocznie. Tymczasem podczas najwi\u0119kszych rosyjskich nalot\u00f3w Ukrai\u0144cy potrafi\u0105 wystrzeli\u0107 nawet 20 takich rakiet <a href=\"https:\/\/wiadomosci.onet.pl\/swiat\/rosja-atakuje-w-ukrainie-uderzenia-w-centrum-miasta\/40h2ecz\" id=\"cebe964b-b531-4e93-9822-7717f055836a\" rel=\"nofollow noopener\" target=\"_blank\">w ci\u0105gu jednej nocy<\/a>. Poniewa\u017c SAMP\/T jest g\u0142\u00f3wnym systemem obrony powietrznej Francji i W\u0142och, zbyt intensywne u\u017cycie ich w Ukrainie grozi wyczerpaniem zapas\u00f3w pocisk\u00f3w przeznaczonych do obrony ich w\u0142asnej przestrzeni powietrznej.<\/p>\n<p class=\"ods-c-paragraph \">Ponadto inne kraje \u2014 m.in. Dania i Singapur \u2014 r\u00f3wnie\u017c czekaj\u0105 w kolejce na dostawy SAMP\/T i pocisk\u00f3w Aster 30.<\/p>\n<p>Dalszy ci\u0105g artyku\u0142u pod materia\u0142em wideo<br \/>\nSAMP\/T vs. Patriot<\/p>\n<p class=\"ods-c-paragraph \">Ameryka\u0144ski <a href=\"https:\/\/wiadomosci.onet.pl\/swiat\/patrioty-coraz-mniej-skuteczne-rosjanie-przechytrzyli-amerykanski-system\/y43cm0z\" id=\"07a9a156-4f69-4d32-ad7f-029ac0abcb5b\" rel=\"nofollow noopener\" target=\"_blank\">system obrony powietrznej Patriot<\/a> zosta\u0142 po raz pierwszy wprowadzony do u\u017cytku w latach 90. i ma za sob\u0105 ogromne do\u015bwiadczenie bojowe \u2014 to jego g\u0142\u00f3wna przewaga. <\/p>\n<p class=\"ods-c-paragraph \">Pod wzgl\u0119dem parametr\u00f3w technicznych Patriot mo\u017ce trafi\u0107 cel na wi\u0119kszej wysoko\u015bci ni\u017c SAMP\/T, ale jest zaprojektowany tak, aby wystrzeli\u0107 dwa pociski przechwytuj\u0105ce na ka\u017cdy nadlatuj\u0105cy cel.<\/p>\n<p class=\"ods-c-paragraph \">Pocisk przechwytuj\u0105cy wystrzeliwany przez Patriot, PAC-3, kosztuje ok. pi\u0119\u0107 razy wi\u0119cej ni\u017c francusko-w\u0142oski Aster 30. Gotowy do walki ameryka\u0144ski system jest mniej wi\u0119cej dwa razy dro\u017cszy ni\u017c SAMP\/T. USA produkuj\u0105 tak\u017ce ok. dwa razy wi\u0119cej pocisk\u00f3w PAC-3 ni\u017c Europejczycy Aster\u00f3w 30.<\/p>\n<p class=\"ods-c-paragraph \">Jednak mimo przewagi technologicznej, wielu analityk\u00f3w podkre\u015bla, \u017ce dostawy uzbrojenia z USA s\u0105 dla Ukrainy ma\u0142o przewidywalne \u2014 administracja ameryka\u0144ska <a href=\"https:\/\/wiadomosci.onet.pl\/swiat\/ukraina-potrzebuje-wyrzutni-patriot-co-zrobi-trump-nowe-doniesienia\/qhhwrx2\" id=\"6c63e557-f15b-4530-8b53-76d34589a3ca\" rel=\"nofollow noopener\" target=\"_blank\">co najmniej trzykrotnie wycofywa\u0142a si\u0119<\/a> z obiecanych dostaw, ostatnio w marcu. Ukraina nie mia\u0142a dot\u0105d do czynienia z podobnymi op\u00f3\u017anieniami ze strony Francji czy W\u0142och, a przyw\u00f3dcy obu kraj\u00f3w o\u015bwiadczyli, \u017ce dostawy b\u0119d\u0105 kontynuowane bez \u017cadnych przerw.<\/p>\n<p>   G\u0142\u00f3wny wniosek<\/p>\n<p class=\"ods-c-paragraph \">SAMP\/T jest preferowanym kandydatem na podstawowy system obrony powietrznej Ukrainy \u2014 ta\u0144szy w eksploatacji, wystarczaj\u0105co skuteczny i politycznie bardziej przewidywalny ni\u017c ameryka\u0144ski Patriot.<\/p>\n<p class=\"ods-c-paragraph \">Niestety, europejskie ograniczenia produkcyjne sprawiaj\u0105, \u017ce szerokie rozmieszczenie SAMP\/T w Ukrainie b\u0119dzie najprawdopodobniej mo\u017cliwe dopiero za kilka lat.<\/p>\n","protected":false},"excerpt":{"rendered":"W poniedzia\u0142ek 17 listopada Ukraina zapewni\u0142a sobie jedno ze swoich najwa\u017cniejszych d\u0142ugoterminowych zobowi\u0105za\u0144 obronnych po tym, jak prezydent&hellip;\n","protected":false},"author":2,"featured_media":106258,"comment_status":"","ping_status":"","sticky":false,"template":"","format":"standard","meta":{"footnotes":""},"categories":[5],"tags":[56,32,33,36,37,96,27,76,34,35,28,31,48,25,13043,46,42,38,40,39,41,87,47,80,29,30,415,26,408,898,309],"class_list":{"0":"post-106257","1":"post","2":"type-post","3":"status-publish","4":"format-standard","5":"has-post-thumbnail","7":"category-naglowki","8":"tag-article_premium","9":"tag-breaking-news","10":"tag-breakingnews","11":"tag-featured-news","12":"tag-featurednews","13":"tag-francja","14":"tag-headlines","15":"tag-inwazja_rosji_na_ukraine","16":"tag-latest-news","17":"tag-latestnews","18":"tag-naglowki","19":"tag-najwazniejsze-artykuly","20":"tag-nat_styl","21":"tag-news","22":"tag-obrona_powietrzna","23":"tag-omp","24":"tag-pl","25":"tag-poland","26":"tag-polish","27":"tag-polska","28":"tag-polski","29":"tag-rosja","30":"tag-screening_general","31":"tag-swiat","32":"tag-top-stories","33":"tag-topstories","34":"tag-ukraina","35":"tag-wiadomosci","36":"tag-wladimir_putin","37":"tag-wlochy","38":"tag-wolodymyr_zelenski"},"share_on_mastodon":{"url":"","error":"Validation failed: Text character limit of 500 exceeded"},"_links":{"self":[{"href":"https:\/\/www.europesays.com\/pl\/wp-json\/wp\/v2\/posts\/106257","targetHints":{"allow":["GET"]}}],"collection":[{"href":"https:\/\/www.europesays.com\/pl\/wp-json\/wp\/v2\/posts"}],"about":[{"href":"https:\/\/www.europesays.com\/pl\/wp-json\/wp\/v2\/types\/post"}],"author":[{"embeddable":true,"href":"https:\/\/www.europesays.com\/pl\/wp-json\/wp\/v2\/users\/2"}],"replies":[{"embeddable":true,"href":"https:\/\/www.europesays.com\/pl\/wp-json\/wp\/v2\/comments?post=106257"}],"version-history":[{"count":0,"href":"https:\/\/www.europesays.com\/pl\/wp-json\/wp\/v2\/posts\/106257\/revisions"}],"wp:featuredmedia":[{"embeddable":true,"href":"https:\/\/www.europesays.com\/pl\/wp-json\/wp\/v2\/media\/106258"}],"wp:attachment":[{"href":"https:\/\/www.europesays.com\/pl\/wp-json\/wp\/v2\/media?parent=106257"}],"wp:term":[{"taxonomy":"category","embeddable":true,"href":"https:\/\/www.europesays.com\/pl\/wp-json\/wp\/v2\/categories?post=106257"},{"taxonomy":"post_tag","embeddable":true,"href":"https:\/\/www.europesays.com\/pl\/wp-json\/wp\/v2\/tags?post=106257"}],"curies":[{"name":"wp","href":"https:\/\/api.w.org\/{rel}","templated":true}]}}