{"id":106275,"date":"2025-11-17T21:13:11","date_gmt":"2025-11-17T21:13:11","guid":{"rendered":"https:\/\/www.europesays.com\/pl\/106275\/"},"modified":"2025-11-17T21:13:11","modified_gmt":"2025-11-17T21:13:11","slug":"mieso-i-jaja-kennedy-chce-zrewolucjonizowac-amerykanska-diete","status":"publish","type":"post","link":"https:\/\/www.europesays.com\/pl\/106275\/","title":{"rendered":"Mi\u0119so i jaja. Kennedy chce zrewolucjonizowa\u0107 ameryka\u0144sk\u0105 diet\u0119"},"content":{"rendered":"<p>Nowe wytyczne \u017cywieniowe w Stanach Zjednoczonych maj\u0105 &#8222;zako\u0144czy\u0107 wieloletni\u0105 walk\u0119 z t\u0142uszczami nasyconymi&#8221;. Robert F. Kennedy, szef Departamentu Zdrowia USA zapowiada, \u017ce ju\u017c w przysz\u0142ym miesi\u0105cu zostan\u0105 opublikowane zalecenia, kt\u00f3re mog\u0105 zmieni\u0107 dotychczasowe podej\u015bcie do diety Amerykan\u00f3w.<\/p>\n<p>                         &#13;<br \/>\n        &#13;<\/p>\n<p>                                        &#13;<br \/>\n                        &#13;<br \/>\n                            <img decoding=\"async\" src=\"https:\/\/www.europesays.com\/pl\/wp-content\/uploads\/2025\/11\/000LXU5EKS9UMK1E-C123-F4.jpg\" title=\"Mi\u0119so, jaja, mas\u0142o. Kennedy zapowiada \u017cywieniow\u0105 rewolucj\u0119 w USA\" alt=\"Robert F. Kennedy zapowiedzia\u0142 \u017cywieniow\u0105 rewolucj\u0119 \/East News\" class=\"img-responsive\"\/>&#13;<\/p>\n<p>                            &#13;<\/p>\n<p>      &#13;<br \/>\n                            Robert F. Kennedy zapowiedzia\u0142 \u017cywieniow\u0105 rewolucj\u0119&#13;<br \/>\n                                    \/East News  &#13;\n                                    <\/p>\n<p>&#13;<\/p>\n<ul class=\"bullet\">\n<li>Chcesz by\u0107 na bie\u017c\u0105co? Odwied\u017a stron\u0119 g\u0142\u00f3wn\u0105\u00a0<a href=\"https:\/\/www.rmf24.pl\/\" target=\"_blank\" rel=\"noreferrer noopener nofollow\">RMF24.pl.<\/a><\/li>\n<\/ul>\n<p>Ameryka\u0144skie media donosz\u0105, \u017ce nowe wytyczne powinny rekomendowa\u0107 wi\u0119ksz\u0105 konsumpcj\u0119 produkt\u00f3w takich jak mas\u0142o, ser, mleko oraz czerwone mi\u0119so. By\u0142oby to odej\u015bcie od dotychczasowych zalece\u0144, kt\u00f3re ostrzega\u0142y przed t\u0142uszczami nasyconymi ze wzgl\u0119du na ich wp\u0142yw na poziom cholesterolu i ryzyko chor\u00f3b serca.\u00a0<\/p>\n<p>Ko\u0144czymy wojn\u0119 przeciwko t\u0142uszczom nasyconym w naszym kraju. Opublikujemy zalecenia dietetyczne, kt\u00f3re podkre\u015bl\u0105 znaczenie bia\u0142ka i t\u0142uszcz\u00f3w nasyconych\u00a0&#8211; zapowiedzia\u0142 Kennedy.<\/p>\n<p>Kennedy jest zwolennikiem tzw. diety mi\u0119snej, kt\u00f3ra opiera si\u0119 g\u0142\u00f3wnie na spo\u017cywaniu mi\u0119sa, drobiu, jaj, owoc\u00f3w morza, ryb oraz nabia\u0142u. Podkre\u015bla r\u00f3wnie\u017c rol\u0119 fermentowanych produkt\u00f3w mlecznych i warzyw.<\/p>\n<p>To g\u0142\u00f3wnie mi\u0119so i to, co jest fermentowane. Du\u017co jogurt\u00f3w, dobrych jogurt\u00f3w bez zawarto\u015bci cukru. Coleslaw i kimchi, i r\u00f3\u017cnego rodzaju fermentowane warzywa (&#8230;)\u00a0&#8211; opisywa\u0142 swoj\u0105 diet\u0119.<\/p>\n<p>Kolejnym punktem zapalnym s\u0105 ultraprzetworzone produkty spo\u017cywcze. Kennedy wielokrotnie podkre\u015bla\u0142, \u017ce tego typu \u017cywno\u015b\u0107 &#8222;zatruwa&#8221; Amerykan\u00f3w i jest odpowiedzialna za epidemi\u0119 chor\u00f3b przewlek\u0142ych. Jednak naukowcy zwracaj\u0105 uwag\u0119, \u017ce brakuje jednoznacznych definicji i wystarczaj\u0105cych bada\u0144 klinicznych, by sformu\u0142owa\u0107 twarde zalecenia.<\/p>\n<p>Istnieje zwi\u0105zek mi\u0119dzy spo\u017cyciem ultraprzetworzonych produkt\u00f3w a wynikami zdrowotnymi, ale ograniczony\u00a0&#8211; stwierdzi\u0142a w rozmowie z NPR Deanna Hoelscher z UTHealth Houston School of Public Health.<\/p>\n<p>Federalne wytyczne \u017cywieniowe maj\u0105 kluczowe znaczenie dla program\u00f3w pomocy \u017cywno\u015bciowej, posi\u0142k\u00f3w szkolnych czy wy\u017cywienia w instytucjach publicznych. Eksperci ostrzegaj\u0105, \u017ce uproszczenie dokumentu do kilku stron i skupienie si\u0119 wy\u0142\u0105cznie na og\u00f3lnych has\u0142ach mo\u017ce os\u0142abi\u0107 jego znaczenie.<\/p>\n<p>Cho\u0107 wi\u0119kszo\u015b\u0107 Amerykan\u00f3w nie stosuje si\u0119 do obecnych wytycznych, eksperci podkre\u015blaj\u0105, \u017ce zmiana nawyk\u00f3w \u017cywieniowych wymaga kompleksowych dzia\u0142a\u0144. Dotychczasowe zalecenia opiera\u0142y si\u0119 na badaniach wskazuj\u0105cych, \u017ce t\u0142uszcze nasycone mog\u0105 zwi\u0119ksza\u0107 ryzyko chor\u00f3b serca. Nowe podej\u015bcie mo\u017ce wywo\u0142a\u0107 szerok\u0105 debat\u0119 na temat zdrowia publicznego i przysz\u0142o\u015bci ameryka\u0144skiej diety.<\/p>\n","protected":false},"excerpt":{"rendered":"Nowe wytyczne \u017cywieniowe w Stanach Zjednoczonych maj\u0105 &#8222;zako\u0144czy\u0107 wieloletni\u0105 walk\u0119 z t\u0142uszczami nasyconymi&#8221;. Robert F. Kennedy, szef Departamentu&hellip;\n","protected":false},"author":2,"featured_media":106276,"comment_status":"","ping_status":"","sticky":false,"template":"","format":"standard","meta":{"footnotes":""},"categories":[14],"tags":[32,33,27,34,35,28,31,25,40,41,80,29,30,26,82,83,84],"class_list":{"0":"post-106275","1":"post","2":"type-post","3":"status-publish","4":"format-standard","5":"has-post-thumbnail","7":"category-swiat","8":"tag-breaking-news","9":"tag-breakingnews","10":"tag-headlines","11":"tag-latest-news","12":"tag-latestnews","13":"tag-naglowki","14":"tag-najwazniejsze-artykuly","15":"tag-news","16":"tag-polish","17":"tag-polski","18":"tag-swiat","19":"tag-top-stories","20":"tag-topstories","21":"tag-wiadomosci","22":"tag-world","23":"tag-world-news","24":"tag-worldnews"},"share_on_mastodon":{"url":"https:\/\/pubeurope.com\/@pl\/115567106910319440","error":""},"_links":{"self":[{"href":"https:\/\/www.europesays.com\/pl\/wp-json\/wp\/v2\/posts\/106275","targetHints":{"allow":["GET"]}}],"collection":[{"href":"https:\/\/www.europesays.com\/pl\/wp-json\/wp\/v2\/posts"}],"about":[{"href":"https:\/\/www.europesays.com\/pl\/wp-json\/wp\/v2\/types\/post"}],"author":[{"embeddable":true,"href":"https:\/\/www.europesays.com\/pl\/wp-json\/wp\/v2\/users\/2"}],"replies":[{"embeddable":true,"href":"https:\/\/www.europesays.com\/pl\/wp-json\/wp\/v2\/comments?post=106275"}],"version-history":[{"count":0,"href":"https:\/\/www.europesays.com\/pl\/wp-json\/wp\/v2\/posts\/106275\/revisions"}],"wp:featuredmedia":[{"embeddable":true,"href":"https:\/\/www.europesays.com\/pl\/wp-json\/wp\/v2\/media\/106276"}],"wp:attachment":[{"href":"https:\/\/www.europesays.com\/pl\/wp-json\/wp\/v2\/media?parent=106275"}],"wp:term":[{"taxonomy":"category","embeddable":true,"href":"https:\/\/www.europesays.com\/pl\/wp-json\/wp\/v2\/categories?post=106275"},{"taxonomy":"post_tag","embeddable":true,"href":"https:\/\/www.europesays.com\/pl\/wp-json\/wp\/v2\/tags?post=106275"}],"curies":[{"name":"wp","href":"https:\/\/api.w.org\/{rel}","templated":true}]}}