{"id":106297,"date":"2025-11-17T21:29:10","date_gmt":"2025-11-17T21:29:10","guid":{"rendered":"https:\/\/www.europesays.com\/pl\/106297\/"},"modified":"2025-11-17T21:29:10","modified_gmt":"2025-11-17T21:29:10","slug":"grozby-karalne-wobec-prezydenta-rp-sprawca-zatrzymany-juz-po-kilku-godzinach-aktualnosci","status":"publish","type":"post","link":"https:\/\/www.europesays.com\/pl\/106297\/","title":{"rendered":"Gro\u017aby karalne wobec Prezydenta RP. Sprawca zatrzymany ju\u017c po kilku godzinach &#8211; Aktualno\u015bci"},"content":{"rendered":"<p>&#13;<\/p>\n<p>    Gro\u017aby karalne wobec Prezydenta RP. Sprawca zatrzymany ju\u017c po kilku godzinach<br \/>\n      Data publikacji  17.11.2025<\/p>\n<p class=\"intro\">Sto\u0142eczni policjanci zatrzymali m\u0119\u017cczyzn\u0119 maj\u0105cego zwi\u0105zek z kierowaniem gr\u00f3\u017ab karalnych wobec Prezydenta RP. To 19-letni obywatel Polski, mieszkaniec powiatu otwockiego. Wczoraj w Prokuraturze Rejonowej Warszawa &#8211; \u015ar\u00f3dmie\u015bcie us\u0142ysza\u0142 zarzut kierowania gr\u00f3\u017ab karalnych i zosta\u0142 obj\u0119ty policyjnym dozorem. M\u0119\u017cczy\u017anie grozi do 3 lat pozbawienia wolno\u015bci.<\/p>\n<p>   &#13;<\/p>\n<p style=\"margin-bottom:11px\">Zdarzenie mia\u0142o miejsce w pi\u0105tkowy wiecz\u00f3r, kiedy to w trakcie odbywaj\u0105cego si\u0119 meczu polskiej reprezentacji, na platformie &#8222;X.com&#8221;,\u00a0pod postem ze\u00a0zdj\u0119ciem przedstawiaj\u0105cym Prezydenta Karola Nawrockiego, obserwuj\u0105cego na Stadionie Narodowym mecz Polska-Holandia pojawi\u0142 si\u0119 komentarz z tre\u015bci\u0105: \u201edo zobaczenia Karolku\u201d, do kt\u00f3rego do\u0142\u0105czono\u00a0zdj\u0119cie osoby trzymaj\u0105cej w d\u0142oni przedmiot przypominaj\u0105cy bro\u0144 paln\u0105.<\/p>\n<p>&#13;<br \/>\n&#13;<\/p>\n<p style=\"margin-bottom:11px\">Po pozyskaniu informacji zwi\u0105zanych z wpisem na platformie &#8222;X.com&#8221;, sto\u0142eczni policjanci niezw\u0142ocznie podj\u0119li czynno\u015bci zmierzaj\u0105ce do zatrzymania m\u0119\u017cczyzny. Po kilku godzinach autor wpisu zosta\u0142 ustalony, a do jego mieszkania w powiecie otwockim zapukali policjanci. 19-latek zosta\u0142 zatrzymany w zwi\u0105zku z podejrzeniem pope\u0142nienia przest\u0119pstwa z art. 190 par.1 kk. Zgromadzony materia\u0142em dowodowy pozwoli\u0142 na postawienie mu w Prokuraturze Rejonowej Warszawa &#8211; \u015ar\u00f3dmie\u015bcie zarzutu kierowania gr\u00f3\u017ab karalnych. M\u0119\u017cczyzna zosta\u0142 obj\u0119ty\u00a0policyjnym dozorem oraz zakazem zbli\u017cania si\u0119 do prezydenta oraz budynk\u00f3w kancelarii Prezydenta RP. Grozi mu do 3 lat pozbawienia wolno\u015bci.<\/p>\n<p>&#13;<br \/>\n&#13;<\/p>\n<p style=\"margin-bottom:11px\">Tekst. podkom. Jacek Wi\u015bniewski<\/p>\n<p>&#13;<br \/>\n      &#13;<br \/>\n    \t\t\t&#13;<br \/>\n&#13;<br \/>\n  &#13;<br \/>\n  Film Gro\u017aby karalne wobec Prezydenta RP. Sprawca zatrzymany ju\u017c po kilku godzinach  &#13;<\/p>\n<p class=\"sr-only\">Opis filmu: Gro\u017aby karalne wobec Prezydenta RP. Sprawca zatrzymany ju\u017c po kilku godzinach<\/p>\n<p>  &#13;<br \/>\n  <video id=\"player1\" class=\"video-js vjs-16-9 placeholder vjs-big-play-centered\" data-setup=\"{ &quot;language&quot;: &quot;pl&quot;, &quot;controls&quot;: true, &quot;autoplay&quot;: false, &quot;preload&quot;: &quot;auto&quot;, &quot;poster&quot;: &quot;&quot; }\">&#13;<br \/>\n    &#13;<\/p>\n<p class=\"vjs-no-js\">Aby obejrze\u0107 film w\u0142\u0105cz obs\u0142ug\u0119 JavaScript w swojej przel\u0105darce.<\/p>\n<p>&#13;<br \/>\n  <\/video>&#13;<br \/>\n   &#13;<br \/>\n  &#13;<\/p>\n<p> <a href=\"https:\/\/ksp.policja.gov.pl\/dokumenty\/zalaczniki\/168\/168-127053.mp4\" download=\"\" rel=\"nofollow noopener\" target=\"_blank\">Pobierz plik Gro\u017aby karalne wobec Prezydenta RP. Sprawca zatrzymany ju\u017c po kilku godzinach<\/a> (format mp4 &#8211; rozmiar 42.07 MB)<\/p>\n<p>&#13;<br \/>\n  &#13;<br \/>\n&#13;<br \/>\n&#13;<br \/>\n\t      &#13;<br \/>\n  &#13;<\/p>\n","protected":false},"excerpt":{"rendered":"&#13; Gro\u017aby karalne wobec Prezydenta RP. Sprawca zatrzymany ju\u017c po kilku godzinach Data publikacji 17.11.2025 Sto\u0142eczni policjanci zatrzymali&hellip;\n","protected":false},"author":2,"featured_media":106298,"comment_status":"","ping_status":"","sticky":false,"template":"","format":"standard","meta":{"footnotes":""},"categories":[5],"tags":[32,33,36,37,27,34,35,28,31,25,42,38,40,39,41,29,30,26],"class_list":{"0":"post-106297","1":"post","2":"type-post","3":"status-publish","4":"format-standard","5":"has-post-thumbnail","7":"category-naglowki","8":"tag-breaking-news","9":"tag-breakingnews","10":"tag-featured-news","11":"tag-featurednews","12":"tag-headlines","13":"tag-latest-news","14":"tag-latestnews","15":"tag-naglowki","16":"tag-najwazniejsze-artykuly","17":"tag-news","18":"tag-pl","19":"tag-poland","20":"tag-polish","21":"tag-polska","22":"tag-polski","23":"tag-top-stories","24":"tag-topstories","25":"tag-wiadomosci"},"share_on_mastodon":{"url":"https:\/\/pubeurope.com\/@pl\/115567169584532200","error":""},"_links":{"self":[{"href":"https:\/\/www.europesays.com\/pl\/wp-json\/wp\/v2\/posts\/106297","targetHints":{"allow":["GET"]}}],"collection":[{"href":"https:\/\/www.europesays.com\/pl\/wp-json\/wp\/v2\/posts"}],"about":[{"href":"https:\/\/www.europesays.com\/pl\/wp-json\/wp\/v2\/types\/post"}],"author":[{"embeddable":true,"href":"https:\/\/www.europesays.com\/pl\/wp-json\/wp\/v2\/users\/2"}],"replies":[{"embeddable":true,"href":"https:\/\/www.europesays.com\/pl\/wp-json\/wp\/v2\/comments?post=106297"}],"version-history":[{"count":0,"href":"https:\/\/www.europesays.com\/pl\/wp-json\/wp\/v2\/posts\/106297\/revisions"}],"wp:featuredmedia":[{"embeddable":true,"href":"https:\/\/www.europesays.com\/pl\/wp-json\/wp\/v2\/media\/106298"}],"wp:attachment":[{"href":"https:\/\/www.europesays.com\/pl\/wp-json\/wp\/v2\/media?parent=106297"}],"wp:term":[{"taxonomy":"category","embeddable":true,"href":"https:\/\/www.europesays.com\/pl\/wp-json\/wp\/v2\/categories?post=106297"},{"taxonomy":"post_tag","embeddable":true,"href":"https:\/\/www.europesays.com\/pl\/wp-json\/wp\/v2\/tags?post=106297"}],"curies":[{"name":"wp","href":"https:\/\/api.w.org\/{rel}","templated":true}]}}