{"id":106398,"date":"2025-11-17T23:18:07","date_gmt":"2025-11-17T23:18:07","guid":{"rendered":"https:\/\/www.europesays.com\/pl\/106398\/"},"modified":"2025-11-17T23:18:07","modified_gmt":"2025-11-17T23:18:07","slug":"czysta-pietnastka-2025-te-owoce-i-warzywa-maja-najmniej-pestycydow-gazetawroclawska-pl","status":"publish","type":"post","link":"https:\/\/www.europesays.com\/pl\/106398\/","title":{"rendered":"Czysta Pi\u0119tnastka 2025. Te owoce i warzywa maj\u0105 najmniej pestycyd\u00f3w &#8211; gazetawroclawska.pl"},"content":{"rendered":"<ol>\n<li><a href=\"https:\/\/news.google.com\/rss\/articles\/CBMi-gFBVV95cUxQT3lGSEtiWVpVOGdkbE9rRW9CamxFYVdiY0gwNlhZM2ZmZzM5RFR6MkZGWm96YXktNklta0JVbHlrQ0tRZG5aeDllaHJxbzBVZXJUcnJPZ2VVR0I5OHUyOHFjc2VfcFg2RjYyeDJmbFF3TzNIX1NUQktjUVVIYWFIUk1xSkVXSGJ3S3NMT1ZITEt3UlVRTUh0TTN2ZWc4VGJtVENOY0lvUkw3Z3hDcUtZWGNWdEl0cTdwZkZBMzFORTZyci1uRU9aenZjMlNVUDZjaEZmazV5N0RJRWtGcnNkUWZtanJlRXlOQWdCRDJpcjEtNjZKMURTNFhB?oc=5\" target=\"_blank\" rel=\"nofollow noopener\">Czysta Pi\u0119tnastka 2025. Te owoce i warzywa maj\u0105 najmniej pestycyd\u00f3w<\/a>&nbsp;&nbsp;gazetawroclawska.pl<\/li>\n<li><a href=\"https:\/\/news.google.com\/rss\/articles\/CBMiswFBVV95cUxQazhhMENlTTZmM0JXbGNyaDIwTm5Qem5DQTd3VjJuU3hiUkhpTi1WaU9kZXNqN2pkalRwTmRLNHFic1dsakRhSjRYN0V4NjVIbE9sSVlwa1pQRC0xODRDdW5NUVpfVGROUGd3ekwzbld1dTVpdkZVaTd4SlYtMFhNMGY0ZHNsdHJrLUQ5M2VLMjZHTTVWMlBjWUo2eWVtcTNVMkcxRHc0N2pydTBFSTR2TGZSTQ?oc=5\" target=\"_blank\" rel=\"nofollow noopener\">&#8222;Brudna dwunastka&#8221; 2025. Kt\u00f3re owoce i warzywa zawieraj\u0105 najwi\u0119cej pestycyd\u00f3w gro\u017anych dla zdrowia?<\/a>&nbsp;&nbsp;Kobieta Interia<\/li>\n<li><a href=\"https:\/\/news.google.com\/rss\/articles\/CBMi_AFBVV95cUxNdnQ3TG1QVnVPTDA2bHc5eVJNS0VmdExybGo3bzRIa3ZSaTd0RXpaV1QtVzdsWW1OQ3Qwc3hieHZReFZrNkNQN05wSm9JWkhYSmVUNzNkMmU5STlZSWFUMU1zdDdoMnZJdGw2d0dEZ3FTa21GVGhUZEkybGh5djkyX1lSY2lIMGtCQk9zVWxFWmZkSEFiMHM4dnVjNDZPMlREcjZvS1JhUkxZRmc3QjN3TGNEa3d1UVBTamVwWjhpN1h1dHdRZDRTeXBUWDN1VlQ5eEJMNk1od2puUWVKQUhrTE5BSlNhOTM1c0t6dXFLd2dZZGxMWHBKeU1FOHM?oc=5\" target=\"_blank\" rel=\"nofollow noopener\">Owoce i warzywa &#8211; Czysta Pi\u0119tnastka 2025: 6. Groszek cukrowy<\/a>&nbsp;&nbsp;gazetawroclawska.pl<\/li>\n<li><a href=\"https:\/\/news.google.com\/rss\/articles\/CBMiyAFBVV95cUxPU0FlY0g3UkFwYmpNX0lySHdvMnUyU2RYSl9EYzBETHcwa3ROWFU4YTBiU0hsT3R5NkVTYTZSM1hlMWRVREVZa3U1RnFvZmVDWXp5MjdRMDVGSEg0cnBnTHpUb2hxSlgxdzBpMmQzMWlMRVBfbGNyZ3QxZ0wyOFZiSDR1Y2hGYnUwQlBWczZHUXQ5cXlTSnhvTkhRT2NEMDhqYkF3bndfSGZzUU1hR1hrZkh2ZWZzMFBSUmdRbUxPdWxubWVhbXJ2VQ?oc=5\" target=\"_blank\" rel=\"nofollow noopener\">Te owoce i warzywa s\u0105 najbardziej zanieczyszczone pestycydami. Oto nowa Brudna Dwunastka 2025<\/a>&nbsp;&nbsp;Gazeta Pomorska<\/li>\n<li><a href=\"https:\/\/news.google.com\/rss\/articles\/CBMipwFBVV95cUxOQ1AzM1h5bjg1U1R1QndGb3ppSXk3QzU3V1J2LUVtNng2aU92ZlVCVjhuaTNHeEpGandiUFJ3OTNCa1VwMjlHME1ydzNkMU1CU1BVNG1XRE5HdFJRaXpPVnp5ZXlXcTA4ZXlWWEFRMWt2cDE4RVd1cFlsU2JPOWRKS1VIQXNEOXFBbC1kVlZpODRZZWswWmlseW1SeTFQMm5TS3ZwSWV3Z9IBqwFBVV95cUxPNUl3MmpMOE9XazVGVy1wVnQyREZCNDZNMFR3OTA0X2NFbXZRcmxsak9tVXBtemk1Q1ltemNhaFkyak9CSTYzbWxudzM2dVd1cXlJemd6UkN2X05OV1Q4bVBkMDM5M2x5OUVSLU5ETG1OLU1MYWlNanEyZ2dQa0pCeURaejZyS2xzTjk2bVl6M2NtOEpUT1B4VURMY2lpb2tBT0dLN1ZaZVBicEk?oc=5\" target=\"_blank\" rel=\"nofollow noopener\">&#8222;Brudna Dwunastka&#8221; 2025 \u2013 znamy najnowszy ranking<\/a>&nbsp;&nbsp;Twoje Zdrowie RMF 24<\/li>\n<\/ol>\n","protected":false},"excerpt":{"rendered":"Czysta Pi\u0119tnastka 2025. Te owoce i warzywa maj\u0105 najmniej pestycyd\u00f3w&nbsp;&nbsp;gazetawroclawska.pl &#8222;Brudna dwunastka&#8221; 2025. Kt\u00f3re owoce i warzywa zawieraj\u0105&hellip;\n","protected":false},"author":2,"featured_media":60432,"comment_status":"","ping_status":"","sticky":false,"template":"","format":"standard","meta":{"footnotes":""},"categories":[16],"tags":[113,112,42,38,40,39,41],"class_list":{"0":"post-106398","1":"post","2":"type-post","3":"status-publish","4":"format-standard","5":"has-post-thumbnail","7":"category-biznes","8":"tag-biznes","9":"tag-business","10":"tag-pl","11":"tag-poland","12":"tag-polish","13":"tag-polska","14":"tag-polski"},"share_on_mastodon":{"url":"https:\/\/pubeurope.com\/@pl\/115567598173702245","error":""},"_links":{"self":[{"href":"https:\/\/www.europesays.com\/pl\/wp-json\/wp\/v2\/posts\/106398","targetHints":{"allow":["GET"]}}],"collection":[{"href":"https:\/\/www.europesays.com\/pl\/wp-json\/wp\/v2\/posts"}],"about":[{"href":"https:\/\/www.europesays.com\/pl\/wp-json\/wp\/v2\/types\/post"}],"author":[{"embeddable":true,"href":"https:\/\/www.europesays.com\/pl\/wp-json\/wp\/v2\/users\/2"}],"replies":[{"embeddable":true,"href":"https:\/\/www.europesays.com\/pl\/wp-json\/wp\/v2\/comments?post=106398"}],"version-history":[{"count":0,"href":"https:\/\/www.europesays.com\/pl\/wp-json\/wp\/v2\/posts\/106398\/revisions"}],"wp:featuredmedia":[{"embeddable":true,"href":"https:\/\/www.europesays.com\/pl\/wp-json\/wp\/v2\/media\/60432"}],"wp:attachment":[{"href":"https:\/\/www.europesays.com\/pl\/wp-json\/wp\/v2\/media?parent=106398"}],"wp:term":[{"taxonomy":"category","embeddable":true,"href":"https:\/\/www.europesays.com\/pl\/wp-json\/wp\/v2\/categories?post=106398"},{"taxonomy":"post_tag","embeddable":true,"href":"https:\/\/www.europesays.com\/pl\/wp-json\/wp\/v2\/tags?post=106398"}],"curies":[{"name":"wp","href":"https:\/\/api.w.org\/{rel}","templated":true}]}}