{"id":106411,"date":"2025-11-17T23:47:09","date_gmt":"2025-11-17T23:47:09","guid":{"rendered":"https:\/\/www.europesays.com\/pl\/106411\/"},"modified":"2025-11-17T23:47:09","modified_gmt":"2025-11-17T23:47:09","slug":"vance-moze-miec-mocnego-konkurenta-do-prezydenckiej-nominacji","status":"publish","type":"post","link":"https:\/\/www.europesays.com\/pl\/106411\/","title":{"rendered":"Vance mo\u017ce mie\u0107 mocnego konkurenta do prezydenckiej nominacji"},"content":{"rendered":"\n<p>&#13;<br \/>\nTed Cruz, konserwatywny senator Partii Republika\u0144skiej z\u00a0Teksasu, przymierza si\u0119 do\u00a0startu w\u00a0wyborach prezydenckich w\u00a0USA w\u00a02028 roku. B\u0119dzie zabiega\u0142 o\u00a0nominacj\u0119 swej partii, wykorzystuj\u0105c <a href=\"https:\/\/dorzeczy.pl\/wideo\/kanal-do-rzeczy\/802632\/izrael-dzieli-maga-muzulmanin-komunista-w-nowym-jorku-p-lisicki.html\" rel=\"nofollow noopener\" target=\"_blank\">podzia\u0142y, jakie zarysowuj\u0105 si\u0119 w\u00a0ruchu MAGA<\/a> \u2013\u00a0podaje w\u00a0poniedzia\u0142ek portal Axios. &#13;\n<\/p>\n<p>Ted Cruz powalczy o\u00a0prezydentur\u0119 w\u00a0USA? <\/p>\n<p>&#13;<br \/>\nCruz ma\u00a0zamiar podkre\u015bla\u0107 sw\u00f3j wizerunek tradycyjnego republikanina, zwolennika zaanga\u017cowania Ameryki na\u00a0\u015bwiecie, g\u0142\u0119bokiego sojuszu z\u00a0Izraelem i\u00a0pomocy dla\u00a0Ukrainy. Ma\u00a0zamiar krytykowa\u0107 izolacjonizm, propagowany przez du\u017c\u0105 cz\u0119\u015b\u0107 MAGA, w\u00a0tym przez Tuckera Carlsona \u2013\u00a0relacjonuje Axios, powo\u0142uj\u0105c si\u0119 na\u00a0o\u015bwiadczenie, jakie przes\u0142a\u0142 mu senator. &#13;\n<\/p>\n<p>&#13;<br \/>\nW komunikacie dla\u00a0Axiosa Cruz oznajmi\u0142: &#8222;gdy w\u00a0obr\u0119bie naszego w\u0142asnego ruchu pojawiaj\u0105 si\u0119 niebezpieczne g\u0142osy i\u00a0niefortunne idee, nie\u00a0mo\u017cemy odwraca\u0107 oczu&#8221;. &#8222;Nie zawaham si\u0119 wytkn\u0105\u0107 tych, kt\u00f3rzy sprzedaj\u0105 destrukcyjn\u0105, nikczemn\u0105 retoryk\u0119, zagra\u017caj\u0105 naszym zasadom i\u00a0naszej przysz\u0142o\u015bci&#8221; \u2013\u00a0napisa\u0142. &#13;\n<\/p>\n<p> A\u00a0kto u\u00a0Demokrat\u00f3w? <\/p>\n<p>&#13;<br \/>\nZ kolei po\u00a0stronie Patrii Demokratycznej w\u015br\u00f3d potencjalnych pretendent\u00f3w do\u00a0walki o\u00a0prezydentur\u0119 wymieniani s\u0105 m.in. Gavin Newsom gubernator Kalifornii, J.B. Pritzker gubernator Illinois, Gretchen Whitmer gubernator Michigan, a\u00a0tak\u017ce wp\u0142ywowi, ale\u00a0jednocze\u015bnie skrajnie lewicowi politycy \u2013\u00a0Alexandria Ocasio-Cortez i\u00a0Bernie Sanders. &#13;\n<\/p>\n<p>&#13;<br \/>\nStart w\u00a0wyborach na\u00a0prezydenta rozwa\u017ca <a href=\"https:\/\/dorzeczy.pl\/opinie\/797184\/po-trumpie-harris-zapewni-republikanom-ponownie-zwyciestwo.html\" rel=\"nofollow noopener\" target=\"_blank\">r\u00f3wnie\u017c by\u0142a wiceprezydent Kamala Harris<\/a>. Pod koniec pa\u017adziernika poinformowa\u0142a, \u017ce\u00a0nie podj\u0119\u0142a jeszcze ostatecznej decyzji o\u00a0starcie w\u00a0wyborach, ale\u00a0taka opcja istnieje. Najpierw musia\u0142aby wygra\u0107 prawybory w\u00a0Partii Demokratycznej. Jej szanse prawdopodobnie by\u0142yby niewielkie. Jednak, jak odnotowa\u0142o BBC, sama przyzna\u0142a, \u017ce\u00a0jest to\u00a0&#8222;mo\u017cliwe&#8221;. &#13;\n<\/p>\n<p>Spektakularne zwyci\u0119stwo Donalda Trumpa. Vance wiceprezydentem <\/p>\n<p>&#13;<br \/>\nPrzypomnijmy, \u017ce\u00a0kampania Harris nie\u00a0wypad\u0142a zbyt dobrze nawet na\u00a0tle kampanii Bidena. W\u00a0wyborach 5\u00a0listopada 2024 roku ameryka\u0144ski establishment zosta\u0142 przez Amerykan\u00f3w odrzucony do\u015b\u0107 wyra\u017anie. Donald <a href=\"https:\/\/dorzeczy.pl\/swiat\/654154\/donald-trump-wygrywa-wybory-prezydenckie-w-arizonie.html\" rel=\"nofollow noopener\" target=\"_blank\">Trump wygra\u0142 we\u00a0wszystkich tzw. stanach wahaj\u0105cych si\u0119<\/a>, co\u00a0zapewni\u0142o mu wysokie jak na\u00a0warunki USA zwyci\u0119stwo. Otrzyma\u0142 ponad 77 milion\u00f3w g\u0142os\u00f3w, a\u00a0Kamala Harris \u2013\u00a0oko\u0142o 75 milion\u00f3w. Prze\u0142o\u017cy\u0142o si\u0119 to\u00a0312 g\u0142os\u00f3w elektorskich Republikanina i\u00a0226 Demokratki. &#13;\n<\/p>\n<p>&#13;<br \/>\nWiceprezydentem zosta\u0142 J.D. Vance, kt\u00f3ry jest wskazywany jako naturalny kandydat na\u00a0nast\u0119pc\u0119 Trumpa. Dla\u00a0urz\u0119duj\u0105cego prezydenta trwa obecnie druga, a\u00a0wi\u0119c ostatnia kadencja. &#13;\n<\/p>\n<p>&#13;<br \/>\nCzytaj te\u017c:<br \/><a href=\"https:\/\/dorzeczy.pl\/swiat\/806238\/ruch-maga-podzielony-powodem-relacje-usa-z-izraelem.html\" rel=\"follow nofollow noopener\" data-schema=\"DORZECZY\" data-image=\"https:\/\/img.dorzeczy.pl\/_thumb\/00\/d0\/923dc998d5e139c28193cb51fcac.jpeg\" target=\"_blank\">Jak Izrael podzieli\u0142 MAGA<\/a>&#13;<\/p>\n","protected":false},"excerpt":{"rendered":"&#13; Ted Cruz, konserwatywny senator Partii Republika\u0144skiej z\u00a0Teksasu, przymierza si\u0119 do\u00a0startu w\u00a0wyborach prezydenckich w\u00a0USA w\u00a02028 roku. B\u0119dzie zabiega\u0142&hellip;\n","protected":false},"author":2,"featured_media":106412,"comment_status":"","ping_status":"","sticky":false,"template":"","format":"standard","meta":{"footnotes":""},"categories":[14],"tags":[32,33,5029,6570,98,111,27,17237,34,35,28,31,25,102,40,41,1005,80,23641,29,30,597,71,14956,26,82,83,84],"class_list":{"0":"post-106411","1":"post","2":"type-post","3":"status-publish","4":"format-standard","5":"has-post-thumbnail","7":"category-swiat","8":"tag-breaking-news","9":"tag-breakingnews","10":"tag-demokraci","11":"tag-do-rzeczy","12":"tag-dorzeczy","13":"tag-grzegorz-grzymowicz","14":"tag-headlines","15":"tag-kamala-harris","16":"tag-latest-news","17":"tag-latestnews","18":"tag-naglowki","19":"tag-najwazniejsze-artykuly","20":"tag-news","21":"tag-opinie","22":"tag-polish","23":"tag-polski","24":"tag-prezydent","25":"tag-swiat","26":"tag-ted-cruz","27":"tag-top-stories","28":"tag-topstories","29":"tag-trump","30":"tag-usa","31":"tag-vance","32":"tag-wiadomosci","33":"tag-world","34":"tag-world-news","35":"tag-worldnews"},"share_on_mastodon":{"url":"https:\/\/pubeurope.com\/@pl\/115567712231066079","error":""},"_links":{"self":[{"href":"https:\/\/www.europesays.com\/pl\/wp-json\/wp\/v2\/posts\/106411","targetHints":{"allow":["GET"]}}],"collection":[{"href":"https:\/\/www.europesays.com\/pl\/wp-json\/wp\/v2\/posts"}],"about":[{"href":"https:\/\/www.europesays.com\/pl\/wp-json\/wp\/v2\/types\/post"}],"author":[{"embeddable":true,"href":"https:\/\/www.europesays.com\/pl\/wp-json\/wp\/v2\/users\/2"}],"replies":[{"embeddable":true,"href":"https:\/\/www.europesays.com\/pl\/wp-json\/wp\/v2\/comments?post=106411"}],"version-history":[{"count":0,"href":"https:\/\/www.europesays.com\/pl\/wp-json\/wp\/v2\/posts\/106411\/revisions"}],"wp:featuredmedia":[{"embeddable":true,"href":"https:\/\/www.europesays.com\/pl\/wp-json\/wp\/v2\/media\/106412"}],"wp:attachment":[{"href":"https:\/\/www.europesays.com\/pl\/wp-json\/wp\/v2\/media?parent=106411"}],"wp:term":[{"taxonomy":"category","embeddable":true,"href":"https:\/\/www.europesays.com\/pl\/wp-json\/wp\/v2\/categories?post=106411"},{"taxonomy":"post_tag","embeddable":true,"href":"https:\/\/www.europesays.com\/pl\/wp-json\/wp\/v2\/tags?post=106411"}],"curies":[{"name":"wp","href":"https:\/\/api.w.org\/{rel}","templated":true}]}}