{"id":106422,"date":"2025-11-18T00:01:10","date_gmt":"2025-11-18T00:01:10","guid":{"rendered":"https:\/\/www.europesays.com\/pl\/106422\/"},"modified":"2025-11-18T00:01:10","modified_gmt":"2025-11-18T00:01:10","slug":"nowy-plan-niemcow-chce-rejestrowac-wykwalifikowanych-migrantow","status":"publish","type":"post","link":"https:\/\/www.europesays.com\/pl\/106422\/","title":{"rendered":"Nowy plan Niemc\u00f3w. Chc\u0119 rejestrowa\u0107 wykwalifikowanych migrant\u00f3w"},"content":{"rendered":"<p>Kanclerz RFN, Friedrich Merz, zasygnalizowa\u0142 niezb\u0119dne zmiany w\u00a0polityce imigracyjnej Niemiec, zwracaj\u0105c uwag\u0119 m.in. na nadmiern\u0105 biurokracj\u0119 kraju. Nowa platforma cyfrowa ma umo\u017cliwi\u0107 szybsz\u0105 rejestracj\u0119 wykwalifikowanych migrant\u00f3w i\u00a0usprawni\u0107 proces przyznawania pozwole\u0144 na pobyt.<\/p>\n<p>Podczas 19. szczytu gospodarczego zorganizowanego przez dziennik &#8222;Sueddeutsche Zeitung&#8221;, Merz krytycznie wypowiedzia\u0142 si\u0119 na temat Niemiec.<\/p>\n<p>Zwariowana parada w\u00a0Kolonii. &#8222;M\u0142ot mi\u0142o\u015bci&#8221; na\u00a0g\u0142owie Putina <\/p>\n<p>Mowa m.in. o\u00a0cyfryzacji polityki imigracyjnej. Zgodnie z\u00a0zapowiedzi\u0105 Merza w\u00a0przysz\u0142o\u015bci wykwalifikowani zagraniczni pracownicy b\u0119d\u0105 mogli rejestrowa\u0107 si\u0119 na platformie cyfrowej. Dzi\u0119ki niej pozwolenia na pobyt w\u00a0Niemczech maj\u0105 by\u0107 wydawane sprawniej. Kanclerz nazwa\u0142 ten projekt &#8222;pot\u0119\u017cnym eksperymentem&#8221;.<\/p>\n<p>Mimo ambitnych plan\u00f3w, Merz staje w\u00a0obliczu spadaj\u0105cego poparcia. Jak wynika z\u00a0sonda\u017cu stacji telewizyjnej RTL, jedynie 16 proc. Niemc\u00f3w popiera jego kandydatur\u0119 na kolejn\u0105 kadencj\u0119. <\/p>\n<p>Krytyka dochodzi r\u00f3wnie\u017c z\u00a0wewn\u0105trz jego partii. M\u0142odzie\u017c\u00f3wka CDU oraz niekt\u00f3rzy deputowani sprzeciwiaj\u0105 si\u0119 planowanej reformie emerytalnej.<\/p>\n<p>W odpowiedzi na wyzwania gospodarcze, niemiecka koalicja planuje reformy zwi\u0105zane z\u00a0przemys\u0142em i\u00a0energetyk\u0105. W\u015br\u00f3d nich jest wprowadzenie dotacji na energi\u0119 na lata 2026-2028, budowa elektrowni gazowych o\u00a0mocy o\u015bmiu gigawat\u00f3w do 2031 roku oraz ulgi podatkowe, w\u00a0tym obni\u017cenie podatku od bilet\u00f3w lotniczych i\u00a0podatk\u00f3w od os\u00f3b prawnych od 2028 roku.<\/p>\n","protected":false},"excerpt":{"rendered":"Kanclerz RFN, Friedrich Merz, zasygnalizowa\u0142 niezb\u0119dne zmiany w\u00a0polityce imigracyjnej Niemiec, zwracaj\u0105c uwag\u0119 m.in. na nadmiern\u0105 biurokracj\u0119 kraju. Nowa&hellip;\n","protected":false},"author":2,"featured_media":106423,"comment_status":"","ping_status":"","sticky":false,"template":"","format":"standard","meta":{"footnotes":""},"categories":[14],"tags":[32,33,27,34,35,28,31,25,40,41,80,29,30,26,82,83,84],"class_list":{"0":"post-106422","1":"post","2":"type-post","3":"status-publish","4":"format-standard","5":"has-post-thumbnail","7":"category-swiat","8":"tag-breaking-news","9":"tag-breakingnews","10":"tag-headlines","11":"tag-latest-news","12":"tag-latestnews","13":"tag-naglowki","14":"tag-najwazniejsze-artykuly","15":"tag-news","16":"tag-polish","17":"tag-polski","18":"tag-swiat","19":"tag-top-stories","20":"tag-topstories","21":"tag-wiadomosci","22":"tag-world","23":"tag-world-news","24":"tag-worldnews"},"share_on_mastodon":{"url":"https:\/\/pubeurope.com\/@pl\/115567767280750796","error":""},"_links":{"self":[{"href":"https:\/\/www.europesays.com\/pl\/wp-json\/wp\/v2\/posts\/106422","targetHints":{"allow":["GET"]}}],"collection":[{"href":"https:\/\/www.europesays.com\/pl\/wp-json\/wp\/v2\/posts"}],"about":[{"href":"https:\/\/www.europesays.com\/pl\/wp-json\/wp\/v2\/types\/post"}],"author":[{"embeddable":true,"href":"https:\/\/www.europesays.com\/pl\/wp-json\/wp\/v2\/users\/2"}],"replies":[{"embeddable":true,"href":"https:\/\/www.europesays.com\/pl\/wp-json\/wp\/v2\/comments?post=106422"}],"version-history":[{"count":0,"href":"https:\/\/www.europesays.com\/pl\/wp-json\/wp\/v2\/posts\/106422\/revisions"}],"wp:featuredmedia":[{"embeddable":true,"href":"https:\/\/www.europesays.com\/pl\/wp-json\/wp\/v2\/media\/106423"}],"wp:attachment":[{"href":"https:\/\/www.europesays.com\/pl\/wp-json\/wp\/v2\/media?parent=106422"}],"wp:term":[{"taxonomy":"category","embeddable":true,"href":"https:\/\/www.europesays.com\/pl\/wp-json\/wp\/v2\/categories?post=106422"},{"taxonomy":"post_tag","embeddable":true,"href":"https:\/\/www.europesays.com\/pl\/wp-json\/wp\/v2\/tags?post=106422"}],"curies":[{"name":"wp","href":"https:\/\/api.w.org\/{rel}","templated":true}]}}