{"id":106454,"date":"2025-11-18T01:12:08","date_gmt":"2025-11-18T01:12:08","guid":{"rendered":"https:\/\/www.europesays.com\/pl\/106454\/"},"modified":"2025-11-18T01:12:08","modified_gmt":"2025-11-18T01:12:08","slug":"ostre-slowa-donalda-trumpa-o-wenezueli-musimy-sie-nia-zajac","status":"publish","type":"post","link":"https:\/\/www.europesays.com\/pl\/106454\/","title":{"rendered":"Ostre s\u0142owa Donalda Trumpa o Wenezueli. &#8222;Musimy si\u0119 ni\u0105 zaj\u0105\u0107&#8221;"},"content":{"rendered":"<p class=\"ods-c-paragraph \">Trump odpowiedzia\u0142 w ten spos\u00f3b na pytanie o to, czy rozwa\u017ca uderzenia militarne przeciwko kartelom narkotykowym w Meksyku. \u2014 Nie mia\u0142bym nic przeciwko. Zrobimy cokolwiek, co musimy, by zatrzyma\u0107 narkotyki \u2014 powiedzia\u0142, rozmawiaj\u0105c z dziennikarzami w Gabinecie Owalnym podczas spotkania z prezesem FIFA Giannim Infantino. Pytany, czy zrobi\u0142by to tylko za zgod\u0105 meksyka\u0144skich w\u0142adz, Trump odm\u00f3wi\u0142 odpowiedzi.<\/p>\n<p>Dalszy ci\u0105g artyku\u0142u pod materia\u0142em wideo<\/p>\n<p> Co Donald Trump powiedzia\u0142 o Wenezueli? <\/p>\n<p> Jakie dzia\u0142ania rozwa\u017ca Trump wobec karteli narkotykowych? <\/p>\n<p> Czy Trump planuje rozmowy z Nicolasem Maduro? <\/p>\n<p> Co oznacza uznanie kartelu Cartel de los Soles za organizacj\u0119 terrorystyczn\u0105? <\/p>\n<p class=\"ods-c-paragraph \">\u2014 Rozmawiam z Meksykiem i oni znaj\u0105 moje stanowisko. Oni zabijaj\u0105 naszych obywateli. To jak wojna. Czy bym to zrobi\u0142? Z dum\u0105 \u2014 m\u00f3wi\u0142 Trump. \u2014 Ujm\u0119 to w ten spos\u00f3b: nie jestem zadowolony z Meksyku \u2014 doda\u0142. Prezydent USA wyrazi\u0142 te\u017c gotowo\u015b\u0107 do uderze\u0144 wewn\u0105trz Kolumbii na &#8222;fabryki&#8221; produkuj\u0105ce kokain\u0119.<\/p>\n<p>   &#8222;Musimy si\u0119 ni\u0105 zaj\u0105\u0107&#8221;<\/p>\n<p class=\"ods-c-paragraph \">Trump odni\u00f3s\u0142 si\u0119 te\u017c do mo\u017cliwej interwencji przeciwko Wenezueli. Pytany o to, czy wyklucza wys\u0142anie wojsk l\u0105dowych do tego kraju, prezydent odpar\u0142, \u017ce niczego nie wyklucza.<\/p>\n<p class=\"ods-c-paragraph \">\u2014 Musimy si\u0119 ni\u0105 zaj\u0105\u0107 \u2014 powiedzia\u0142 Trump, oskar\u017caj\u0105c Wenezuel\u0119 o wysy\u0142anie do USA przest\u0119pc\u00f3w z wi\u0119zie\u0144. Powt\u00f3rzy\u0142 wcze\u015bniejsze zapowiedzi, \u017ce mo\u017ce porozmawia\u0107 z przyw\u00f3dc\u0105 Wenezueli, cho\u0107 nie odpowiedzia\u0142 na pytanie, co Maduro mo\u017ce zrobi\u0107, by oddali\u0107 gro\u017ab\u0119 ameryka\u0144skiego ataku.<\/p>\n<p class=\"ods-c-paragraph \">\u2014 On nie by\u0142 dobry dla Stan\u00f3w Zjednoczonych. Wi\u0119c zobaczymy, co si\u0119 wydarzy. W pewnym momencie b\u0119d\u0119 z nim rozmawia\u0142 \u2014 powiedzia\u0142.<\/p>\n<p class=\"ods-c-paragraph \">W poniedzia\u0142ek na Morze Karaibskie dotar\u0142a grupa uderzeniowa najwi\u0119kszego ameryka\u0144skiego lotniskowca USS Gerald Ford, do\u0142\u0105czaj\u0105c do innych okr\u0119t\u00f3w i ameryka\u0144skich si\u0142 zgromadzonych w regionie. W niedziel\u0119 sekretarz stanu USA Marco Rubio zapowiedzia\u0142, \u017ce 24 listopada uzna wenezuelski kartel Cartel de los Soles (Kartel S\u0142o\u0144c) \u2014 na kt\u00f3rego czele sta\u0107 ma sam Maduro \u2014 za organizacj\u0119 terrorystyczn\u0105. Trump stwierdzi\u0142 w niedziel\u0119, \u017ce pozwoli to USA na uderzenie wojskowe w Wenezueli. <a href=\"https:\/\/wiadomosci.onet.pl\/swiat\/szef-pentagonu-oglosil-operacje-poludniowa-wlocznia\/xxlelm4\" id=\"c385abb7-3d54-4bb0-bf88-fb23a9598fa7\" rel=\"nofollow noopener\" target=\"_blank\">W czwartek szef Pentagonu Pete Hegseth og\u0142osi\u0142 z kolei rozpocz\u0119cie operacji &#8222;Southern Spear&#8221;<\/a> (Po\u0142udniowa W\u0142\u00f3cznia), kt\u00f3rej celem \u2014 jak zadeklarowa\u0142 \u2014 jest &#8222;usuni\u0119cie narkoterroryst\u00f3w z (zachodniej) p\u00f3\u0142kuli i ochron\u0119 ojczyzny przed narkotykami, kt\u00f3re zabijaj\u0105 naszych ludzi&#8221;.<\/p>\n","protected":false},"excerpt":{"rendered":"Trump odpowiedzia\u0142 w ten spos\u00f3b na pytanie o to, czy rozwa\u017ca uderzenia militarne przeciwko kartelom narkotykowym w Meksyku.&hellip;\n","protected":false},"author":2,"featured_media":106455,"comment_status":"","ping_status":"","sticky":false,"template":"","format":"standard","meta":{"footnotes":""},"categories":[14],"tags":[32,33,44,27,34,35,5721,28,31,48,25,46,40,41,47,80,29,30,71,3008,26,82,83,84],"class_list":{"0":"post-106454","1":"post","2":"type-post","3":"status-publish","4":"format-standard","5":"has-post-thumbnail","7":"category-swiat","8":"tag-breaking-news","9":"tag-breakingnews","10":"tag-donald_trump","11":"tag-headlines","12":"tag-latest-news","13":"tag-latestnews","14":"tag-meksyk","15":"tag-naglowki","16":"tag-najwazniejsze-artykuly","17":"tag-nat_styl","18":"tag-news","19":"tag-omp","20":"tag-polish","21":"tag-polski","22":"tag-screening_general","23":"tag-swiat","24":"tag-top-stories","25":"tag-topstories","26":"tag-usa","27":"tag-wenezuela","28":"tag-wiadomosci","29":"tag-world","30":"tag-world-news","31":"tag-worldnews"},"share_on_mastodon":{"url":"https:\/\/pubeurope.com\/@pl\/115568046401134576","error":""},"_links":{"self":[{"href":"https:\/\/www.europesays.com\/pl\/wp-json\/wp\/v2\/posts\/106454","targetHints":{"allow":["GET"]}}],"collection":[{"href":"https:\/\/www.europesays.com\/pl\/wp-json\/wp\/v2\/posts"}],"about":[{"href":"https:\/\/www.europesays.com\/pl\/wp-json\/wp\/v2\/types\/post"}],"author":[{"embeddable":true,"href":"https:\/\/www.europesays.com\/pl\/wp-json\/wp\/v2\/users\/2"}],"replies":[{"embeddable":true,"href":"https:\/\/www.europesays.com\/pl\/wp-json\/wp\/v2\/comments?post=106454"}],"version-history":[{"count":0,"href":"https:\/\/www.europesays.com\/pl\/wp-json\/wp\/v2\/posts\/106454\/revisions"}],"wp:featuredmedia":[{"embeddable":true,"href":"https:\/\/www.europesays.com\/pl\/wp-json\/wp\/v2\/media\/106455"}],"wp:attachment":[{"href":"https:\/\/www.europesays.com\/pl\/wp-json\/wp\/v2\/media?parent=106454"}],"wp:term":[{"taxonomy":"category","embeddable":true,"href":"https:\/\/www.europesays.com\/pl\/wp-json\/wp\/v2\/categories?post=106454"},{"taxonomy":"post_tag","embeddable":true,"href":"https:\/\/www.europesays.com\/pl\/wp-json\/wp\/v2\/tags?post=106454"}],"curies":[{"name":"wp","href":"https:\/\/api.w.org\/{rel}","templated":true}]}}