{"id":106551,"date":"2025-11-18T06:09:07","date_gmt":"2025-11-18T06:09:07","guid":{"rendered":"https:\/\/www.europesays.com\/pl\/106551\/"},"modified":"2025-11-18T06:09:07","modified_gmt":"2025-11-18T06:09:07","slug":"straszliwe-rozliczenie-media-kresla-czarny-scenariusz-dla-dyktatora","status":"publish","type":"post","link":"https:\/\/www.europesays.com\/pl\/106551\/","title":{"rendered":"&#8222;Straszliwe rozliczenie&#8221;. Media kre\u015bl\u0105 czarny scenariusz dla dyktatora"},"content":{"rendered":"<p>10 czerwca 2026 roku wojna Rosji przeciw Ukrainie b\u0119dzie ju\u017c d\u0142u\u017csza ni\u017c I\u00a0wojna \u015bwiatowa, tymczasem Kij\u00f3w si\u0119 nie poddaje, a\u00a0Moskwa nie wie, jak zwyci\u0119\u017cy\u0107. Im wi\u0119cej ludzkich istnie\u0144 Putin zmarnuje dzi\u015b w\u00a0tym konflikcie, tym wi\u0119kszy kryzys czeka go jutro &#8211;\u00a0prognozuje brytyjski tygodnik.<\/p>\n<p>Ma\u0142e mieszkanie? Ten problem ma\u00a0wielu Polak\u00f3w. Jest rozwi\u0105zanie <\/p>\n<p>Rosja czyni post\u0119py na froncie, jednak aby m\u00f3c okupowa\u0107 regiony, kt\u00f3re uznaje za swoje, musia\u0142aby te post\u0119py czyni\u0107 przez nast\u0119pne pi\u0119\u0107 lat. Je\u017celi tempo, w\u00a0jakim gin\u0105 \u017co\u0142nierze, by\u0142oby utrzymane, liczba rosyjskich ofiar si\u0119gn\u0119\u0142aby niemal 4\u00a0mln.<\/p>\n<p>W Europie trwaj\u0105 prace nad zapewnieniem wieloletniego finansowania dla Kijowa. Gdy do tego dojdzie, Putin b\u0119dzie ju\u017c wiedzia\u0142, \u017ce ukrai\u0144ska gospodarka mo\u017ce si\u0119 okaza\u0107 odporniejsza ni\u017c rosyjska.<\/p>\n<p>&#8222;Economist&#8221; prognozuje, \u017ce wojna b\u0119dzie si\u0119 nadal ci\u0105gn\u0105\u0107 w\u00a02026 roku, a\u00a0Putin b\u0119dzie liczy\u0142 na to, \u017ce prezydent Donald Trump albo Europa strac\u0105 cierpliwo\u015b\u0107. Je\u015bli jednak tak si\u0119 nie stanie, to rosyjskiego dyktatora mo\u017ce czeka\u0107 &#8222;straszliwe rozliczenie&#8221; z\u00a0narodem.<\/p>\n","protected":false},"excerpt":{"rendered":"10 czerwca 2026 roku wojna Rosji przeciw Ukrainie b\u0119dzie ju\u017c d\u0142u\u017csza ni\u017c I\u00a0wojna \u015bwiatowa, tymczasem Kij\u00f3w si\u0119 nie&hellip;\n","protected":false},"author":2,"featured_media":106552,"comment_status":"","ping_status":"","sticky":false,"template":"","format":"standard","meta":{"footnotes":""},"categories":[5],"tags":[32,33,36,37,27,34,35,28,31,25,42,38,40,39,41,29,30,26],"class_list":{"0":"post-106551","1":"post","2":"type-post","3":"status-publish","4":"format-standard","5":"has-post-thumbnail","7":"category-naglowki","8":"tag-breaking-news","9":"tag-breakingnews","10":"tag-featured-news","11":"tag-featurednews","12":"tag-headlines","13":"tag-latest-news","14":"tag-latestnews","15":"tag-naglowki","16":"tag-najwazniejsze-artykuly","17":"tag-news","18":"tag-pl","19":"tag-poland","20":"tag-polish","21":"tag-polska","22":"tag-polski","23":"tag-top-stories","24":"tag-topstories","25":"tag-wiadomosci"},"share_on_mastodon":{"url":"https:\/\/pubeurope.com\/@pl\/115569214244150617","error":""},"_links":{"self":[{"href":"https:\/\/www.europesays.com\/pl\/wp-json\/wp\/v2\/posts\/106551","targetHints":{"allow":["GET"]}}],"collection":[{"href":"https:\/\/www.europesays.com\/pl\/wp-json\/wp\/v2\/posts"}],"about":[{"href":"https:\/\/www.europesays.com\/pl\/wp-json\/wp\/v2\/types\/post"}],"author":[{"embeddable":true,"href":"https:\/\/www.europesays.com\/pl\/wp-json\/wp\/v2\/users\/2"}],"replies":[{"embeddable":true,"href":"https:\/\/www.europesays.com\/pl\/wp-json\/wp\/v2\/comments?post=106551"}],"version-history":[{"count":0,"href":"https:\/\/www.europesays.com\/pl\/wp-json\/wp\/v2\/posts\/106551\/revisions"}],"wp:featuredmedia":[{"embeddable":true,"href":"https:\/\/www.europesays.com\/pl\/wp-json\/wp\/v2\/media\/106552"}],"wp:attachment":[{"href":"https:\/\/www.europesays.com\/pl\/wp-json\/wp\/v2\/media?parent=106551"}],"wp:term":[{"taxonomy":"category","embeddable":true,"href":"https:\/\/www.europesays.com\/pl\/wp-json\/wp\/v2\/categories?post=106551"},{"taxonomy":"post_tag","embeddable":true,"href":"https:\/\/www.europesays.com\/pl\/wp-json\/wp\/v2\/tags?post=106551"}],"curies":[{"name":"wp","href":"https:\/\/api.w.org\/{rel}","templated":true}]}}