{"id":106553,"date":"2025-11-18T06:14:08","date_gmt":"2025-11-18T06:14:08","guid":{"rendered":"https:\/\/www.europesays.com\/pl\/106553\/"},"modified":"2025-11-18T06:14:08","modified_gmt":"2025-11-18T06:14:08","slug":"oblawa-policji-na-hulka-boss-jednego-z-najgrozniejszych-gangow-zatrzymany-w-portugalii","status":"publish","type":"post","link":"https:\/\/www.europesays.com\/pl\/106553\/","title":{"rendered":"Ob\u0142awa policji na &#8222;Hulka&#8221;. Boss jednego z najgro\u017aniejszych gang\u00f3w zatrzymany w Portugalii"},"content":{"rendered":"<p class=\"ods-c-paragraph \">Jak przekaza\u0142a portugalska policja, cytowana w poniedzia\u0142ek przez telewizj\u0119 TVI, zatrzymanym jest skazany w Brazylii w 2014 r. na 29 lat wi\u0119zienia za kierowanie grup\u0105 przest\u0119pcz\u0105 Ygor Daniel Zago, pseudonim &#8222;Hulk&#8221;. Uwa\u017cany jest on za jednego z najpot\u0119\u017cniejszych mi\u0119dzynarodowych handlarzy narkotykami.<\/p>\n<p> Kim jest Ygor Daniel Zago, pseudonim 'Hulk&#8217;? <\/p>\n<p> Gdzie zosta\u0142 zatrzymany 'Hulk&#8217;? <\/p>\n<p> Co zarzuca si\u0119 'Hulkowi&#8217;? <\/p>\n<p> Ile cz\u0142onk\u00f3w liczy grupa przest\u0119pcza PCC? <\/p>\n<p class=\"ods-c-paragraph \">Wcze\u015bniej, jak ustali\u0142a policja, &#8222;Hulk&#8221; ukrywa\u0142 si\u0119 m.in. w Brazylii, Peru i we W\u0142oszech.<\/p>\n<p>&#8222;Hulk&#8221; zatrzymany w Portugalii. Gro\u017any przest\u0119pca ukrywa\u0142 si\u0119 na luksusowym osiedlu<\/p>\n<p class=\"ods-c-paragraph \">Lizbo\u0144ska policja potwierdzi\u0142a, \u017ce podczas ob\u0142awy na 44-letniego Zago uj\u0119ta zosta\u0142a r\u00f3wnie\u017c jego ma\u0142\u017conka. 40-letnia kobieta mia\u0142a wspiera\u0107 &#8222;Hulka&#8221; w procederze zarz\u0105dzania z Portugalii grup\u0105 o charakterze mafijnym, kt\u00f3ra na terytorium Brazylii liczy sobie ponad 20 tys. cz\u0142onk\u00f3w.<\/p>\n<p class=\"ods-c-paragraph \">Z dotychczasowych ustale\u0144 \u015bledczych wynika, \u017ce Zago mieszkaj\u0105c na terenie luksusowego, strze\u017conego osiedla w portugalskim Cascais, wydawa\u0142 dyspozycje dla swoich podw\u0142adnych w Brazylii dotycz\u0105ce m.in. obrotu sfa\u0142szowanym metanolem, korumpowania urz\u0119dnik\u00f3w, a tak\u017ce prania pieni\u0119dzy.<\/p>\n<p class=\"ods-c-paragraph \">Wed\u0142ug TVI nale\u017c\u0105cy do \u015bcis\u0142ego kierownictwa PCC &#8222;Hulk&#8221; b\u0119dzie odpowiada\u0142 te\u017c za trwaj\u0105cy latami proceder przemytu narkotyk\u00f3w na du\u017c\u0105 skal\u0119 z Ameryki Po\u0142udniowej do Europy, g\u0142\u00f3wnie na Ba\u0142kany.<\/p>\n<p class=\"ods-c-paragraph \">Policja zak\u0142ada, \u017ce Zago m\u00f3g\u0142 mie\u0107 tak\u017ce wp\u0142yw na uruchomienie portugalskiego od\u0142amu PCC, kt\u00f3ry liczy obecnie co najmniej 87 cz\u0142onk\u00f3w. Zajmuje si\u0119 on g\u0142\u00f3wnie przemytem kokainy.<\/p>\n","protected":false},"excerpt":{"rendered":"Jak przekaza\u0142a portugalska policja, cytowana w poniedzia\u0142ek przez telewizj\u0119 TVI, zatrzymanym jest skazany w Brazylii w 2014 r.&hellip;\n","protected":false},"author":2,"featured_media":106554,"comment_status":"","ping_status":"","sticky":false,"template":"","format":"standard","meta":{"footnotes":""},"categories":[14],"tags":[3295,1301,32,33,27,34,35,28,31,910,48,25,46,414,40,41,1666,47,80,29,30,26,82,83,84],"class_list":{"0":"post-106553","1":"post","2":"type-post","3":"status-publish","4":"format-standard","5":"has-post-thumbnail","7":"category-swiat","8":"tag-ameryka_poludniowa","9":"tag-brazylia","10":"tag-breaking-news","11":"tag-breakingnews","12":"tag-headlines","13":"tag-latest-news","14":"tag-latestnews","15":"tag-naglowki","16":"tag-najwazniejsze-artykuly","17":"tag-narkotyki_narkomania_handel_narkotykami","18":"tag-nat_styl","19":"tag-news","20":"tag-omp","21":"tag-policja","22":"tag-polish","23":"tag-polski","24":"tag-przestepstwo","25":"tag-screening_general","26":"tag-swiat","27":"tag-top-stories","28":"tag-topstories","29":"tag-wiadomosci","30":"tag-world","31":"tag-world-news","32":"tag-worldnews"},"share_on_mastodon":{"url":"https:\/\/pubeurope.com\/@pl\/115569234015638827","error":""},"_links":{"self":[{"href":"https:\/\/www.europesays.com\/pl\/wp-json\/wp\/v2\/posts\/106553","targetHints":{"allow":["GET"]}}],"collection":[{"href":"https:\/\/www.europesays.com\/pl\/wp-json\/wp\/v2\/posts"}],"about":[{"href":"https:\/\/www.europesays.com\/pl\/wp-json\/wp\/v2\/types\/post"}],"author":[{"embeddable":true,"href":"https:\/\/www.europesays.com\/pl\/wp-json\/wp\/v2\/users\/2"}],"replies":[{"embeddable":true,"href":"https:\/\/www.europesays.com\/pl\/wp-json\/wp\/v2\/comments?post=106553"}],"version-history":[{"count":0,"href":"https:\/\/www.europesays.com\/pl\/wp-json\/wp\/v2\/posts\/106553\/revisions"}],"wp:featuredmedia":[{"embeddable":true,"href":"https:\/\/www.europesays.com\/pl\/wp-json\/wp\/v2\/media\/106554"}],"wp:attachment":[{"href":"https:\/\/www.europesays.com\/pl\/wp-json\/wp\/v2\/media?parent=106553"}],"wp:term":[{"taxonomy":"category","embeddable":true,"href":"https:\/\/www.europesays.com\/pl\/wp-json\/wp\/v2\/categories?post=106553"},{"taxonomy":"post_tag","embeddable":true,"href":"https:\/\/www.europesays.com\/pl\/wp-json\/wp\/v2\/tags?post=106553"}],"curies":[{"name":"wp","href":"https:\/\/api.w.org\/{rel}","templated":true}]}}