{"id":106557,"date":"2025-11-18T06:17:12","date_gmt":"2025-11-18T06:17:12","guid":{"rendered":"https:\/\/www.europesays.com\/pl\/106557\/"},"modified":"2025-11-18T06:17:12","modified_gmt":"2025-11-18T06:17:12","slug":"el-ms-2026-szczere-slowa-kamila-grosickiego-mialem-glowe-w-chmurach","status":"publish","type":"post","link":"https:\/\/www.europesays.com\/pl\/106557\/","title":{"rendered":"El. M\u015a 2026. Szczere s\u0142owa Kamila Grosickiego. &#8222;Mia\u0142em g\u0142ow\u0119 w chmurach&#8221;"},"content":{"rendered":"<p class=\"typography ids-typeset-body ids-typeset-body--preset-large link paragraph ids-paragraph ids-paragraph--default\">Co si\u0119 dzieje z koszulk\u0105, kt\u00f3r\u0105 dosta\u0142e\u015b na po\u017cegnanie w czerwcu?<\/p>\n<p class=\"typography ids-typeset-body ids-typeset-body--preset-large link paragraph ids-paragraph ids-paragraph--default\">Kamil Grosicki:\u00a0&#8211; B\u0119dzie podpisana przez wszystkich ch\u0142opak\u00f3w i powiesz\u0119 j\u0105 w specjalnym miejscu. Sto wyst\u0119p\u00f3w to wielka sprawa. My\u015bl\u0119, \u017ce dopiero, gdy naprawd\u0119 sko\u0144cz\u0119 karier\u0119, dotrze do mnie, ilu dobrych zawodnik\u00f3w min\u0105\u0142em.<\/p>\n<p class=\"typography ids-typeset-body ids-typeset-body--preset-large link paragraph ids-paragraph ids-paragraph--default\">Kt\u00f3re momenty w drodze do setki pami\u0119tasz najlepiej?<\/p>\n<p class=\"typography ids-typeset-body ids-typeset-body--preset-large link paragraph ids-paragraph ids-paragraph--default\">&#8211; Siedzia\u0142em sobie w szatni i szuka\u0142em wspomnie\u0144 w g\u0142owie. Przypomnia\u0142em sobie, jak nie pojecha\u0142em na mistrzostwa \u015bwiata do lat 20, bo odm\u00f3wi\u0142em. Mia\u0142em wtedy g\u0142ow\u0119 w chmurach, pi\u0142ka nie by\u0142a na pierwszym miejscu. Ciesz\u0119 si\u0119, \u017ce dosta\u0142em drug\u0105 szans\u0119 i j\u0105 wykorzysta\u0142em. Kariera reprezentacja rozp\u0119dza\u0142a si\u0119 i nie wyhamowa\u0142a nawet pomimo tego, \u017ce ju\u017c og\u0142osi\u0142em zako\u0144czenie&#8230; Ale powiem wam szczerze &#8211; wracaj\u0105c do kadry nie my\u015bla\u0142em, by rozegra\u0107 mecz numer 100. Wr\u00f3ci\u0142em, bo wiedzia\u0142em, \u017ce jestem potrzebny reprezentacji i wierz\u0119, \u017ce pojad\u0119 z ni\u0105 na mundial.<\/p>\n<p class=\"typography ids-typeset-body ids-typeset-body--preset-large link paragraph ids-paragraph ids-paragraph--default\">By\u0142by to najbardziej zaskakuj\u0105cy wyjazd w twojej karierze.<\/p>\n<p class=\"typography ids-typeset-body ids-typeset-body--preset-large link paragraph ids-paragraph ids-paragraph--default\">&#8211; Tak, ale wiek to tylko liczba. Zrobi\u0119 wszystko, by pom\u00f3c kadrze i podzi\u0119kowa\u0107 kibicom za to, jak nas wspieraj\u0105. Dzi\u015b zrobili mega robot\u0119 &#8211; kilka tysi\u0119cy ludzi przyjecha\u0142o, prowadzili \u015bwietny doping.<\/p>\n<p class=\"typography ids-typeset-body ids-typeset-body--preset-large link paragraph ids-paragraph ids-paragraph--default\">A mimo to strasznie si\u0119 m\u0119czyli\u015bcie.\u00a0<\/p>\n<p class=\"typography ids-typeset-body ids-typeset-body--preset-large link paragraph ids-paragraph ids-paragraph--default\">&#8211; Trener si\u0119 tego spodziewa\u0142, \u017ce b\u0119dzie ci\u0119\u017cko. Mieli\u015bmy wczoraj spotkanie z nim, na kt\u00f3rym us\u0142yszeli\u015bmy, \u017ce po meczu z Holandi\u0105 mo\u017ce wkra\u015b\u0107 si\u0119 rozlu\u017anienie&#8230; Nie b\u0119d\u0119 szuka\u0142 wym\u00f3wek, \u017ce boisko by\u0142o w bardzo kiepskim stanie, bo pope\u0142niali\u015bmy b\u0142\u0119dy niezale\u017cnie od niego. Brakowa\u0142o koncentracji w obronie &#8211; na to trener na pewno b\u0119dzie zwraca\u0142 uwag\u0119. Nie przystoi tak \u0142atwo traci\u0107 bramek.<\/p>\n<p class=\"typography ids-typeset-body ids-typeset-body--preset-large link paragraph ids-paragraph ids-paragraph--default\">Szykujesz co\u015b z okazji setki wyst\u0119p\u00f3w?<\/p>\n<p class=\"typography ids-typeset-body ids-typeset-body--preset-large link paragraph ids-paragraph ids-paragraph--default\">&#8211; Wr\u00f3cimy zaraz do hotelu, porozmawiam z trenerem, czy pozwoli na chwil\u0119 relaksu. Dru\u017cynie si\u0119 to nale\u017cy po kilku miesi\u0105cach pracy. Dzi\u015b mo\u017cna na nas ponarzeka\u0107. Mo\u017ce si\u0119 to nam przyda. Zimny prysznic czasem pomaga, natomiast doceniam, \u017ce wygrali\u015bmy. Nie wyobra\u017cam sobie rozmawia\u0107 teraz po 2:2.<\/p>\n<p class=\"typography ids-typeset-body ids-typeset-body--preset-large link paragraph ids-paragraph ids-paragraph--default\">M\u0142odzi za s\u0142abo naciskaj\u0105, \u017ce wci\u0105\u017c jeste\u015b w kadrze?<\/p>\n<p class=\"typography ids-typeset-body ids-typeset-body--preset-large link paragraph ids-paragraph ids-paragraph--default\">&#8211; Mam nadziej\u0119, \u017ce b\u0119d\u0105 naciska\u0107 coraz mocniej. Wiem, \u017ce reprezentacja Jerzego Brz\u0119czka gra bardzo dobrze i jej pi\u0142karze pojawi\u0105 si\u0119 w pierwszej kadrze. Ale to sprawa Jana Urbana &#8211; on wie, jakich zawodnik\u00f3w powo\u0142ywa\u0107 i jak tym zarz\u0105dza\u0107.<\/p>\n<ul class=\"typography ids-typeset-body ids-typeset-body--preset-small list--article-list ids-list ids-list--unordered ids-list--size-small \" datatype=\"disc\">\n<li class=\"ids-list-item ids-list-item__content brief-list-item\"><a class=\"ids-undecorated-link link ids-link \" data-spons=\"false\" href=\"https:\/\/sport.interia.pl\/pilka-nozna\/reprezentacja-polski\/news-jan-urban-pierwszy-raz-w-tarapatach-bez-ogrodek-wskazal-glow,nId,22455160\" rel=\"nofollow noopener\" target=\"_blank\">Jan Urban pierwszy raz w tarapatach. Bez ogr\u00f3dek wskaza\u0142 g\u0142\u00f3wny problem w meczu z Malt\u0105<\/a><\/li>\n<li class=\"ids-list-item ids-list-item__content brief-list-item\"><a class=\"ids-undecorated-link link ids-link \" data-spons=\"false\" href=\"https:\/\/sport.interia.pl\/pilka-nozna\/reprezentacja-polski\/news-to-byl-horror-tak-zachowal-sie-lewandowski-po-meczu-gdybym-j,nId,22455159\" rel=\"nofollow noopener\" target=\"_blank\">To by\u0142 horror. Tak zachowa\u0142 si\u0119 Lewandowski po meczu. &#8222;Gdybym jeszcze raz&#8230;&#8221; <\/a><\/li>\n<\/ul>\n<p><img decoding=\"async\" class=\"ids-image-holder__img\" loading=\"lazy\" alt=\"M\u0119\u017cczyzna w kurtce sportowej z herbem Polski, siedz\u0105cy na \u0142awce przy stadionie, w tle widoczny fragment napisu STADION \u015aL\u0104SKI i niebieskie oparcie.\" title=\"Kamil Grosicki\" width=\"2000\" height=\"1369\" src=\"https:\/\/www.europesays.com\/pl\/wp-content\/uploads\/2025\/11\/000LXGQUPXK4SP5M-C322-F4.webp.webp\"\/><\/p>\n<p>Kamil Grosicki Bartlomiej Bodzek East News<\/p>\n<p><img decoding=\"async\" class=\"ids-image-holder__img\" loading=\"lazy\" alt=\"Pi\u0142karz w bia\u0142ej koszulce z czerwonymi elementami i numerem 11 stoi na podwy\u017cszeniu z roz\u0142o\u017conymi szeroko ramionami, w tle stadion o\u015bwietlony reflektorami oraz pozostali zawodnicy na murawie.\" title=\"Kamil Grosicki ma na koncie 100 wyst\u0119p\u00f3w w reprezentacji Polski\" width=\"5472\" height=\"3648\" src=\"https:\/\/www.europesays.com\/pl\/wp-content\/uploads\/2025\/11\/000LXTRM640NDS0K-C322-F4.webp.webp\"\/><\/p>\n<p>Kamil Grosicki ma na koncie 100 wyst\u0119p\u00f3w w reprezentacji PolskiMateusz Porzucek \/ PressFocus\/NEWSPIX.PLNewspix.pl<\/p>\n<p><img decoding=\"async\" class=\"ids-image-holder__img\" loading=\"lazy\" alt=\"Kamil Grosicki\" title=\"Kamil Grosicki\" width=\"2000\" height=\"1333\" src=\"https:\/\/www.europesays.com\/pl\/wp-content\/uploads\/2025\/11\/000L1JX7Q1WK4V4U-C322-F4.webp.webp\"\/><\/p>\n<p>Kamil GrosickiIwanczuk\/Sport\/REPORTEREast News<\/p>\n<p><a class=\"ids-undecorated-link source ids-page-info--source__link\" href=\"https:\/\/www.interia.pl\" rel=\"nofollow noopener\" target=\"_blank\"><img decoding=\"async\" class=\"ids-image-holder__img\" loading=\"lazy\" alt=\"\" title=\"\" height=\"24px\" src=\"https:\/\/www.europesays.com\/pl\/wp-content\/uploads\/2025\/11\/1763129291_425_0009A60QQ5I2TYF7-C202-F4.webp.webp\"\/><\/a><\/p>\n<p>Masz sugestie, uwagi albo widzisz b\u0142\u0105d? Napisz do nas<\/p>\n","protected":false},"excerpt":{"rendered":"Co si\u0119 dzieje z koszulk\u0105, kt\u00f3r\u0105 dosta\u0142e\u015b na po\u017cegnanie w czerwcu? Kamil Grosicki:\u00a0&#8211; B\u0119dzie podpisana przez wszystkich ch\u0142opak\u00f3w&hellip;\n","protected":false},"author":2,"featured_media":106558,"comment_status":"","ping_status":"","sticky":false,"template":"","format":"standard","meta":{"footnotes":""},"categories":[24],"tags":[42,38,40,39,41,127,126],"class_list":{"0":"post-106557","1":"post","2":"type-post","3":"status-publish","4":"format-standard","5":"has-post-thumbnail","7":"category-sport","8":"tag-pl","9":"tag-poland","10":"tag-polish","11":"tag-polska","12":"tag-polski","13":"tag-sport","14":"tag-sports"},"share_on_mastodon":{"url":"https:\/\/pubeurope.com\/@pl\/115569246247445594","error":""},"_links":{"self":[{"href":"https:\/\/www.europesays.com\/pl\/wp-json\/wp\/v2\/posts\/106557","targetHints":{"allow":["GET"]}}],"collection":[{"href":"https:\/\/www.europesays.com\/pl\/wp-json\/wp\/v2\/posts"}],"about":[{"href":"https:\/\/www.europesays.com\/pl\/wp-json\/wp\/v2\/types\/post"}],"author":[{"embeddable":true,"href":"https:\/\/www.europesays.com\/pl\/wp-json\/wp\/v2\/users\/2"}],"replies":[{"embeddable":true,"href":"https:\/\/www.europesays.com\/pl\/wp-json\/wp\/v2\/comments?post=106557"}],"version-history":[{"count":0,"href":"https:\/\/www.europesays.com\/pl\/wp-json\/wp\/v2\/posts\/106557\/revisions"}],"wp:featuredmedia":[{"embeddable":true,"href":"https:\/\/www.europesays.com\/pl\/wp-json\/wp\/v2\/media\/106558"}],"wp:attachment":[{"href":"https:\/\/www.europesays.com\/pl\/wp-json\/wp\/v2\/media?parent=106557"}],"wp:term":[{"taxonomy":"category","embeddable":true,"href":"https:\/\/www.europesays.com\/pl\/wp-json\/wp\/v2\/categories?post=106557"},{"taxonomy":"post_tag","embeddable":true,"href":"https:\/\/www.europesays.com\/pl\/wp-json\/wp\/v2\/tags?post=106557"}],"curies":[{"name":"wp","href":"https:\/\/api.w.org\/{rel}","templated":true}]}}