{"id":106651,"date":"2025-11-18T07:52:09","date_gmt":"2025-11-18T07:52:09","guid":{"rendered":"https:\/\/www.europesays.com\/pl\/106651\/"},"modified":"2025-11-18T07:52:09","modified_gmt":"2025-11-18T07:52:09","slug":"bezprecedensowy-atak-ukraincy-uszkodzili-elektrocieplownie-w-tzw-donieckiej-republice-ludowej","status":"publish","type":"post","link":"https:\/\/www.europesays.com\/pl\/106651\/","title":{"rendered":"&#8222;Bezprecedensowy atak&#8221;. Ukrai\u0144cy uszkodzili elektrociep\u0142ownie w tzw. Donieckiej Republice Ludowej"},"content":{"rendered":"<p>Si\u0142y ukrai\u0144skie przeprowadzi\u0142y &#8222;bezprecedensowy&#8221; atak na tzw. Donieck\u0105 Republik\u0119 Ludow\u0105, uszkadzaj\u0105c dwie elektrociep\u0142ownie. W wielu miejscowo\u015bciach dosz\u0142o do przerw w dostawie pr\u0105du.<\/p>\n<p>                         &#13;<br \/>\n        &#13;<\/p>\n<p>                                        &#13;<br \/>\n                        &#13;<br \/>\n                            <img decoding=\"async\" src=\"https:\/\/www.europesays.com\/pl\/wp-content\/uploads\/2025\/11\/000LXUTR9BS30PN6-C123-F4.jpg\" title=\"&quot;Bezprecedensowy&quot; atak Ukrai\u0144c\u00f3w na sie\u0107 energetyczn\u0105 rosyjskiej &quot;republiki&quot;\" alt=\"Archiwalne zdj\u0119cie przedstawiaj\u0105ce elektrociep\u0142owni\u0119 Starobeszewskaja \/AA\/ABACA \/PAP\/Abaca\" class=\"img-responsive\"\/>&#13;<\/p>\n<p>                            &#13;<\/p>\n<p>      &#13;<br \/>\n                            Archiwalne zdj\u0119cie przedstawiaj\u0105ce elektrociep\u0142owni\u0119 Starobeszewskaja&#13;<br \/>\n                                    \/AA\/ABACA \/PAP\/Abaca  &#13;\n                                    <\/p>\n<p>&#13;<\/p>\n<p>Wspomniane dwie elektrociep\u0142ownie, kt\u00f3re zosta\u0142y w nocy z poniedzia\u0142ku na wtorek zaatakowane przez Ukrai\u0144c\u00f3w, to\u00a0Zuewskaja i Starobeszewskaja.<\/p>\n<p>&#8222;Bezprecedensowy atak na sie\u0107 energetyczn\u0105 Republiki. (&#8230;) W wielu miejscowo\u015bciach dosz\u0142o do przerw w dostawie pr\u0105du&#8221; &#8211; poinformowa\u0142 we wpisie na Telegramie Denis Puszylin, szef samozwa\u0144czej i nieuznawanej na arenie mi\u0119dzynarodowej tzw. Donieckiej Republiki Ludowej.<\/p>\n<p>        Telegram<\/p>\n<p>Portal The Moscow Times poinformowa\u0142, \u017ce elektrociep\u0142ownia Zuewskaja znajduje si\u0119 40 km od Doniecka, w miejscowo\u015bci Zuhres. Serwis cytuje mieszka\u0144c\u00f3w, kt\u00f3rzy minionej nocy s\u0142yszeli liczne eksplozje, a nast\u0119pnie widzieli po\u017car na terenie obiektu. P\u00f3\u017aniej nast\u0105pi\u0142a przerwa w dostawie pr\u0105du. Energii elektrycznej nie by\u0142o r\u00f3wnie\u017c w s\u0105siednim mie\u015bcie I\u0142owajsk.<\/p>\n<p>W\u0142adze Zuhres przekaza\u0142y agencji TASS, \u017ce si\u0142y obrony powietrznej przechwyci\u0142y pocisk wystrzelony w kierunku elektrociep\u0142owni.<\/p>\n<p>Druga z elektrowni &#8211;\u00a0Starobeszewskaja &#8211; znajduje si\u0119\u00a0w miejscowo\u015bci Nowy \u015awiat, po\u0142o\u017conej ok. 20 km od Doniecka. The Moscow Times przypomnia\u0142, \u017ce obie elektrociep\u0142ownie zosta\u0142y wcze\u015bniej ostrzelane na pocz\u0105tku 2023 roku.<\/p>\n<p>Rosyjski portal RBK zauwa\u017cy\u0142, \u017ce to kolejny ukrai\u0144ski atak wymierzony w infrastruktur\u0119 energetyczn\u0105 tzw. Donieckiej Republiki Ludowej. Do poprzedniego uderzenia dosz\u0142o dzie\u0144 wcze\u015bniej, tj. 17 listopada.<\/p>\n<p>Ukrai\u0144skie drony spowodowa\u0142y, \u017ce bez pr\u0105du by\u0142o ok. 500 tys. mieszka\u0144c\u00f3w Doniecka,\u00a0Makiejewki, Gor\u0142\u00f3wki i Jasynuwatej.<\/p>\n","protected":false},"excerpt":{"rendered":"Si\u0142y ukrai\u0144skie przeprowadzi\u0142y &#8222;bezprecedensowy&#8221; atak na tzw. Donieck\u0105 Republik\u0119 Ludow\u0105, uszkadzaj\u0105c dwie elektrociep\u0142ownie. W wielu miejscowo\u015bciach dosz\u0142o do&hellip;\n","protected":false},"author":2,"featured_media":106652,"comment_status":"","ping_status":"","sticky":false,"template":"","format":"standard","meta":{"footnotes":""},"categories":[14],"tags":[32,33,27,34,35,28,31,25,40,41,80,29,30,26,82,83,84],"class_list":{"0":"post-106651","1":"post","2":"type-post","3":"status-publish","4":"format-standard","5":"has-post-thumbnail","7":"category-swiat","8":"tag-breaking-news","9":"tag-breakingnews","10":"tag-headlines","11":"tag-latest-news","12":"tag-latestnews","13":"tag-naglowki","14":"tag-najwazniejsze-artykuly","15":"tag-news","16":"tag-polish","17":"tag-polski","18":"tag-swiat","19":"tag-top-stories","20":"tag-topstories","21":"tag-wiadomosci","22":"tag-world","23":"tag-world-news","24":"tag-worldnews"},"share_on_mastodon":{"url":"https:\/\/pubeurope.com\/@pl\/115569619380234507","error":""},"_links":{"self":[{"href":"https:\/\/www.europesays.com\/pl\/wp-json\/wp\/v2\/posts\/106651","targetHints":{"allow":["GET"]}}],"collection":[{"href":"https:\/\/www.europesays.com\/pl\/wp-json\/wp\/v2\/posts"}],"about":[{"href":"https:\/\/www.europesays.com\/pl\/wp-json\/wp\/v2\/types\/post"}],"author":[{"embeddable":true,"href":"https:\/\/www.europesays.com\/pl\/wp-json\/wp\/v2\/users\/2"}],"replies":[{"embeddable":true,"href":"https:\/\/www.europesays.com\/pl\/wp-json\/wp\/v2\/comments?post=106651"}],"version-history":[{"count":0,"href":"https:\/\/www.europesays.com\/pl\/wp-json\/wp\/v2\/posts\/106651\/revisions"}],"wp:featuredmedia":[{"embeddable":true,"href":"https:\/\/www.europesays.com\/pl\/wp-json\/wp\/v2\/media\/106652"}],"wp:attachment":[{"href":"https:\/\/www.europesays.com\/pl\/wp-json\/wp\/v2\/media?parent=106651"}],"wp:term":[{"taxonomy":"category","embeddable":true,"href":"https:\/\/www.europesays.com\/pl\/wp-json\/wp\/v2\/categories?post=106651"},{"taxonomy":"post_tag","embeddable":true,"href":"https:\/\/www.europesays.com\/pl\/wp-json\/wp\/v2\/tags?post=106651"}],"curies":[{"name":"wp","href":"https:\/\/api.w.org\/{rel}","templated":true}]}}