{"id":106759,"date":"2025-11-18T08:59:09","date_gmt":"2025-11-18T08:59:09","guid":{"rendered":"https:\/\/www.europesays.com\/pl\/106759\/"},"modified":"2025-11-18T08:59:09","modified_gmt":"2025-11-18T08:59:09","slug":"zmarly-slynne-blizniaczki-alice-i-ellen-kessler-zdecydowaly-sie-na-wspomagane-samobojstwo-2","status":"publish","type":"post","link":"https:\/\/www.europesays.com\/pl\/106759\/","title":{"rendered":"Zmar\u0142y\u00a0s\u0142ynne bli\u017aniaczki. Alice i Ellen Kessler\u00a0zdecydowa\u0142y si\u0119 na\u00a0wspomagane samob\u00f3jstwo"},"content":{"rendered":"<p class=\"Paragraph_desktopParagraph__U31Gm\">Alice i Ellen Kessler urodzi\u0142y si\u0119 20 sierpnia 1936 r. w Nerchau, w Saksonii. Od najm\u0142odszych lat zachwyca\u0142y talentem, a ich kariera szybko nabra\u0142a mi\u0119dzynarodowego rozmachu. By\u0142y nie tylko znakomitymi tancerkami, ale r\u00f3wnie\u017c piosenkarkami, aktorkami i konferansjerkami. Wyst\u0119powa\u0142y w presti\u017cowych programach telewizyjnych, takich jak &#8222;Perry Como Show&#8221; czy &#8222;Rolf Harris Show&#8221;.<\/p>\n<p class=\"Paragraph_desktopParagraph__U31Gm\">Najwi\u0119ksz\u0105 rozpoznawalno\u015b\u0107 przyni\u00f3s\u0142 im rok 1959, kiedy to ich wyst\u0119py, podkre\u015blaj\u0105ce ich charakterystyczny urok i wdzi\u0119k, uczyni\u0142y z nich gwiazdy \u015bwiatowego formatu.<\/p>\n<ul class=\"OchatFollowUps_wrapper__1ry7X\">\n<li class=\"OchatFollowUps_item__Dhyly OchatFollowUps_itemDesktop__R6aBv\">Kiedy urodzi\u0142y si\u0119 Alice i Ellen Kessler?<\/li>\n<li class=\"OchatFollowUps_item__Dhyly OchatFollowUps_itemDesktop__R6aBv\">Gdzie zmar\u0142y bli\u017aniaczki Kessler?<\/li>\n<li class=\"OchatFollowUps_item__Dhyly OchatFollowUps_itemDesktop__R6aBv\">Co zrobi\u0142y siostry przed \u015bmierci\u0105?<\/li>\n<li class=\"OchatFollowUps_item__Dhyly OchatFollowUps_itemDesktop__R6aBv\">Czy policja potwierdzi\u0142a udzia\u0142 os\u00f3b trzecich?<\/li>\n<\/ul>\n<p class=\"Paragraph_desktopParagraph__U31Gm\">Siostry Kessler by\u0142y nieroz\u0142\u0105czne przez ca\u0142e \u017cycie, a ich ostatnia decyzja odzwierciedla\u0142a t\u0119 blisko\u015b\u0107. W wywiadzie udzielonym w kwietniu 2024 r. dla &#8222;BILD&#8221; Ellen Kessler wyzna\u0142a, \u017ce razem z siostr\u0105 chcia\u0142yby spocz\u0105\u0107 w jednej urnie, wraz z prochami swojej matki Elsy oraz ich ukochanego psa Yello. T\u0119 wol\u0119 zapisa\u0142y w swoim testamencie.<\/p>\n<p class=\"Paragraph_desktopParagraph__U31Gm\">Jak podaje &#8222;BILD&#8221;, siostry skorzysta\u0142y z mo\u017cliwo\u015bci wspomaganego samob\u00f3jstwa, kt\u00f3re w Niemczech jest legalne pod \u015bci\u015ble okre\u015blonymi warunkami.<\/p>\n<p class=\"Paragraph_desktopParagraph__U31Gm\">W poniedzia\u0142ek po po\u0142udniu policja zosta\u0142a poinformowana o \u015bmierci bli\u017aniaczek. Funkcjonariusze przybyli na miejsce i przeprowadzili wst\u0119pne ogl\u0119dziny. Wykluczono udzia\u0142 os\u00f3b trzecich w zdarzeniu.<\/p>\n<p class=\"Paragraph_desktopParagraph__U31Gm\">Nieoznakowany radiow\u00f3z zaparkowa\u0142 przed rezydencj\u0105 si\u00f3str Kessler w Gr\u00fcnwaldzie, a \u015bledczy potwierdzili, \u017ce zgon nast\u0105pi\u0142 zgodnie z zasadami wspomaganego samob\u00f3jstwa.<\/p>\n<p class=\"Paragraph_desktopParagraph__U31Gm\">Przeczytaj r\u00f3wnie\u017c:<\/p>\n","protected":false},"excerpt":{"rendered":"Alice i Ellen Kessler urodzi\u0142y si\u0119 20 sierpnia 1936 r. w Nerchau, w Saksonii. Od najm\u0142odszych lat zachwyca\u0142y&hellip;\n","protected":false},"author":2,"featured_media":106760,"comment_status":"","ping_status":"","sticky":false,"template":"","format":"standard","meta":{"footnotes":""},"categories":[22],"tags":[122,808,8426,53,52,68,51,55,42,38,40,39,41,123,47,196,65,50],"class_list":{"0":"post-106759","1":"post","2":"type-post","3":"status-publish","4":"format-standard","5":"has-post-thumbnail","7":"category-rozrywka","8":"tag-entertainment","9":"tag-film_filmy_kino_kinematografia_aktorka_aktor_aktorzy_aktorki_rezyserzy","10":"tag-najnowsze","11":"tag-new_header","12":"tag-onet3","13":"tag-onet3d","14":"tag-onet3d_2i","15":"tag-phx","16":"tag-pl","17":"tag-poland","18":"tag-polish","19":"tag-polska","20":"tag-polski","21":"tag-rozrywka","22":"tag-screening_general","23":"tag-styl_zycia","24":"tag-update_me","25":"tag-v2021"},"share_on_mastodon":{"url":"https:\/\/pubeurope.com\/@pl\/115569883030257940","error":""},"_links":{"self":[{"href":"https:\/\/www.europesays.com\/pl\/wp-json\/wp\/v2\/posts\/106759","targetHints":{"allow":["GET"]}}],"collection":[{"href":"https:\/\/www.europesays.com\/pl\/wp-json\/wp\/v2\/posts"}],"about":[{"href":"https:\/\/www.europesays.com\/pl\/wp-json\/wp\/v2\/types\/post"}],"author":[{"embeddable":true,"href":"https:\/\/www.europesays.com\/pl\/wp-json\/wp\/v2\/users\/2"}],"replies":[{"embeddable":true,"href":"https:\/\/www.europesays.com\/pl\/wp-json\/wp\/v2\/comments?post=106759"}],"version-history":[{"count":0,"href":"https:\/\/www.europesays.com\/pl\/wp-json\/wp\/v2\/posts\/106759\/revisions"}],"wp:featuredmedia":[{"embeddable":true,"href":"https:\/\/www.europesays.com\/pl\/wp-json\/wp\/v2\/media\/106760"}],"wp:attachment":[{"href":"https:\/\/www.europesays.com\/pl\/wp-json\/wp\/v2\/media?parent=106759"}],"wp:term":[{"taxonomy":"category","embeddable":true,"href":"https:\/\/www.europesays.com\/pl\/wp-json\/wp\/v2\/categories?post=106759"},{"taxonomy":"post_tag","embeddable":true,"href":"https:\/\/www.europesays.com\/pl\/wp-json\/wp\/v2\/tags?post=106759"}],"curies":[{"name":"wp","href":"https:\/\/api.w.org\/{rel}","templated":true}]}}