{"id":106854,"date":"2025-11-18T10:20:12","date_gmt":"2025-11-18T10:20:12","guid":{"rendered":"https:\/\/www.europesays.com\/pl\/106854\/"},"modified":"2025-11-18T10:20:12","modified_gmt":"2025-11-18T10:20:12","slug":"sniezyce-i-mroz-uderza-w-polske-w-tych-regionach-zrobi-sie-bialo-pogoda-2","status":"publish","type":"post","link":"https:\/\/www.europesays.com\/pl\/106854\/","title":{"rendered":"\u015anie\u017cyce i mr\u00f3z uderz\u0105 w Polsk\u0119. W tych regionach zrobi si\u0119 bia\u0142o [POGODA]"},"content":{"rendered":"<p class=\"Paragraph_desktopParagraph__U31Gm\">W poniedzia\u0142ek mocno popada\u0142o szczeg\u00f3lnie na po\u0142udniu Polski. Z up\u0142ywem godzin deszcz zacz\u0105\u0142 przechodzi\u0107 w \u015bnieg i zrobi\u0142o si\u0119 nawet bia\u0142o. Niewielka pokrywa \u015bnie\u017cna pojawi\u0142a si\u0119 na Wy\u017cynie Krakowsko-Cz\u0119stochowskiej i w Zakopanem (3 cm). Zdecydowanie mocniej sypn\u0119\u0142o wysoko w g\u00f3rach. Na Kasprowym Wierchu pokrywa \u015bnie\u017cna w dob\u0119 zwi\u0119kszy\u0142a si\u0119 a\u017c o 25 cm.<\/p>\n<p class=\"VideoPlayerText_videoPlayerText__iDwyz\">Dalszy ci\u0105g materia\u0142u pod wideo<\/p>\n<ul class=\"OchatFollowUps_wrapper__1ry7X\">\n<li class=\"OchatFollowUps_item__Dhyly OchatFollowUps_itemDesktop__R6aBv\">Gdzie w Polsce spadnie najwi\u0119cej \u015bniegu?<\/li>\n<li class=\"OchatFollowUps_item__Dhyly OchatFollowUps_itemDesktop__R6aBv\">Jakie b\u0119d\u0105 temperatury w najbli\u017cszych dniach?<\/li>\n<li class=\"OchatFollowUps_item__Dhyly OchatFollowUps_itemDesktop__R6aBv\">Kiedy zacznie si\u0119 ociepla\u0107?<\/li>\n<li class=\"OchatFollowUps_item__Dhyly OchatFollowUps_itemDesktop__R6aBv\">W jakich regionach przewidziano mr\u00f3z?<\/li>\n<\/ul>\n<p class=\"Paragraph_desktopParagraph__U31Gm\">Najbli\u017csze trzy dni przynios\u0105 pogod\u0119 charakterystyczn\u0105 dla przedzimia. Do czwartku temperatura maksymalna zwykle wyniesie od 3 do 7 st. C, przy czym najch\u0142odniej b\u0119dzie na p\u00f3\u0142nocy, a najcieplej na po\u0142udniowym wschodzie.<\/p>\n<p class=\"Paragraph_desktopParagraph__U31Gm\">Nocami zapowiadamy jednak <a href=\"https:\/\/wiadomosci.onet.pl\/mroz\" id=\"2f7cf5ac-6d47-4f28-b0da-fe10494079eb\" rel=\"nofollow noopener\" target=\"_blank\">mr\u00f3z<\/a>, przede wszystkim od Podlasia po centrum, \u015al\u0105sk, Ma\u0142opolsk\u0119 i Podkarpacie. Mo\u017cliwe s\u0105 tam spadki temperatury do -5\/-3 st. C, a na po\u0142udniu Ma\u0142opolski i Podkarpacia do ok. -8\/-6 st. C. Przy gruncie b\u0119dzie jeszcze zimniej. Na niebie nie zabraknie jednak s\u0142o\u0144ca i tylko czasami popada s\u0142aby, przelotny deszcz albo deszcz ze \u015bniegiem, a w g\u00f3rach \u015bnieg.<\/p>\n<p><img decoding=\"async\" class=\"Image_image__0tuHp \" height=\"503\" width=\"940\" src=\"https:\/\/www.europesays.com\/pl\/wp-content\/uploads\/2025\/11\/7V5k9kpTURBXy9hYTA2MjU0ZGY0ZjQzYjFhMTRlMjdmY2JjMDA0MjM4NS5wbmeRlQLNA6wAwsPeAAOhMAGhMQGhM8M.jpeg\" alt=\"Do Polski nadci\u0105gaj\u0105 mro\u017ane noce. Temperatura lokalnie spadnie poni\u017cej -5 st. C\" loading=\"lazy\" \/>IMGW<\/p>\n<p>Do Polski nadci\u0105gaj\u0105 mro\u017ane noce. Temperatura lokalnie spadnie poni\u017cej -5 st. C<\/p>\n<p class=\"Paragraph_desktopParagraph__U31Gm\">Tymczasem pod koniec tygodnia <a href=\"https:\/\/wiadomosci.onet.pl\/zima\" id=\"a919801a-831f-46eb-9d1f-a4dd99d7db9d\" rel=\"nofollow noopener\" target=\"_blank\">zima<\/a> zaznaczy si\u0119 jeszcze mocniej. Coraz wi\u0119cej prognoz wskazuje, \u017ce do Polski z po\u0142udnia dotrze strefa z do\u015b\u0107 intensywnymi opadami deszczu ze \u015bniegiem i <a href=\"https:\/\/wiadomosci.onet.pl\/snieg\" id=\"02c02d84-a0d7-4ed6-be29-a5296018a1be\" rel=\"nofollow noopener\" target=\"_blank\">\u015bniegu<\/a>. Da si\u0119 ona we znaki szczeg\u00f3lnie na po\u0142udniowym wschodzie, gdzie prawdopodobnie zrobi si\u0119 bia\u0142o. Mo\u017cliwe, \u017ce opady oraz pokrywa \u015bnie\u017cna za oknami obejm\u0105 r\u00f3wnie\u017c inne miejsca, m.in. centrum i wsch\u00f3d Polski. Im dalej na zach\u00f3d i p\u00f3\u0142nocny zach\u00f3d, tym ryzyko opad\u00f3w ma jednak spada\u0107.<\/p>\n<p><img decoding=\"async\" class=\"Image_image__0tuHp \" height=\"629\" width=\"900\" src=\"https:\/\/www.europesays.com\/pl\/wp-content\/uploads\/2025\/11\/2VNk9kpTURBXy81NGEzMGUwMzI5ODQ2MjA1ZTc5MGQyZjVlOGJiZmEzNC5wbmeRlQLNA6wAwsPeAAOhMAGhMQGhM8M.jpeg\" alt=\"Koniec tygodnia, zw\u0142aszcza na po\u0142udniowym wschodzie, mo\u017ce przynie\u015b\u0107 i\u015bcie zimow\u0105 pogod\u0119 ze \u015bnie\u017cycami\" loading=\"lazy\" \/>wxcharts<\/p>\n<p>Koniec tygodnia, zw\u0142aszcza na po\u0142udniowym wschodzie, mo\u017ce przynie\u015b\u0107 i\u015bcie zimow\u0105 pogod\u0119 ze \u015bnie\u017cycami<\/p>\n<p class=\"Paragraph_desktopParagraph__U31Gm\">Co wi\u0119cej, przewidujemy dalszy spadek temperatury. Nocami w ca\u0142ej Polsce chwyta\u0107 ma niewielki, kilkustopniowy mr\u00f3z. Natomiast popo\u0142udniami nie b\u0119dzie szans na wi\u0119cej ni\u017c 3-5 st. C, a tam, gdzie pojawi\u0105 si\u0119 opady, nawet maksymalnie odnotujemy ok. 0 st. C. Wed\u0142ug najnowszych prognoz taka ch\u0142odna aura pozostanie z nami tak\u017ce na pocz\u0105tku przysz\u0142ego tygodnia, po czym powinno si\u0119 zacz\u0105\u0107 ociepla\u0107.<\/p>\n<p><img decoding=\"async\" class=\"Image_image__0tuHp \" height=\"629\" width=\"900\" src=\"https:\/\/www.europesays.com\/pl\/wp-content\/uploads\/2025\/11\/hdrk9kpTURBXy8xYTEyYTMzZTQ2YWQwZGM3NjFhZGI4Yjg0MGMyNTlhOC5wbmeRlQLNA6wAwsPeAAOhMAGhMQGhM8M.jpeg\" alt=\"Koniec tygodnia przyniesie najwi\u0119kszy sp\u0142yw ch\u0142odu. W ca\u0142ej Polsce zrobi si\u0119 du\u017co zimniej ni\u017c zwykle\" loading=\"lazy\" \/>wxcharts<\/p>\n<p>Koniec tygodnia przyniesie najwi\u0119kszy sp\u0142yw ch\u0142odu. W ca\u0142ej Polsce zrobi si\u0119 du\u017co zimniej ni\u017c zwykle<\/p>\n","protected":false},"excerpt":{"rendered":"W poniedzia\u0142ek mocno popada\u0142o szczeg\u00f3lnie na po\u0142udniu Polski. Z up\u0142ywem godzin deszcz zacz\u0105\u0142 przechodzi\u0107 w \u015bnieg i zrobi\u0142o&hellip;\n","protected":false},"author":2,"featured_media":106855,"comment_status":"","ping_status":"","sticky":false,"template":"","format":"standard","meta":{"footnotes":""},"categories":[12],"tags":[32,33,36,37,27,67,34,35,6987,28,31,53,25,52,68,51,55,42,78,38,40,39,41,47,7312,29,30,65,50,26,7441],"class_list":{"0":"post-106854","1":"post","2":"type-post","3":"status-publish","4":"format-standard","5":"has-post-thumbnail","7":"category-polska","8":"tag-breaking-news","9":"tag-breakingnews","10":"tag-featured-news","11":"tag-featurednews","12":"tag-headlines","13":"tag-intextvideo_splayer","14":"tag-latest-news","15":"tag-latestnews","16":"tag-mroz","17":"tag-naglowki","18":"tag-najwazniejsze-artykuly","19":"tag-new_header","20":"tag-news","21":"tag-onet3","22":"tag-onet3d","23":"tag-onet3d_2i","24":"tag-phx","25":"tag-pl","26":"tag-pogoda","27":"tag-poland","28":"tag-polish","29":"tag-polska","30":"tag-polski","31":"tag-screening_general","32":"tag-snieg","33":"tag-top-stories","34":"tag-topstories","35":"tag-update_me","36":"tag-v2021","37":"tag-wiadomosci","38":"tag-zima"},"share_on_mastodon":{"url":"https:\/\/pubeurope.com\/@pl\/115570201498702749","error":""},"_links":{"self":[{"href":"https:\/\/www.europesays.com\/pl\/wp-json\/wp\/v2\/posts\/106854","targetHints":{"allow":["GET"]}}],"collection":[{"href":"https:\/\/www.europesays.com\/pl\/wp-json\/wp\/v2\/posts"}],"about":[{"href":"https:\/\/www.europesays.com\/pl\/wp-json\/wp\/v2\/types\/post"}],"author":[{"embeddable":true,"href":"https:\/\/www.europesays.com\/pl\/wp-json\/wp\/v2\/users\/2"}],"replies":[{"embeddable":true,"href":"https:\/\/www.europesays.com\/pl\/wp-json\/wp\/v2\/comments?post=106854"}],"version-history":[{"count":0,"href":"https:\/\/www.europesays.com\/pl\/wp-json\/wp\/v2\/posts\/106854\/revisions"}],"wp:featuredmedia":[{"embeddable":true,"href":"https:\/\/www.europesays.com\/pl\/wp-json\/wp\/v2\/media\/106855"}],"wp:attachment":[{"href":"https:\/\/www.europesays.com\/pl\/wp-json\/wp\/v2\/media?parent=106854"}],"wp:term":[{"taxonomy":"category","embeddable":true,"href":"https:\/\/www.europesays.com\/pl\/wp-json\/wp\/v2\/categories?post=106854"},{"taxonomy":"post_tag","embeddable":true,"href":"https:\/\/www.europesays.com\/pl\/wp-json\/wp\/v2\/tags?post=106854"}],"curies":[{"name":"wp","href":"https:\/\/api.w.org\/{rel}","templated":true}]}}