{"id":106890,"date":"2025-11-18T10:45:46","date_gmt":"2025-11-18T10:45:46","guid":{"rendered":"https:\/\/www.europesays.com\/pl\/106890\/"},"modified":"2025-11-18T10:45:46","modified_gmt":"2025-11-18T10:45:46","slug":"poco-f8-pro-i-ultra-zapowiedz-nowej-serii-od-xiaomi","status":"publish","type":"post","link":"https:\/\/www.europesays.com\/pl\/106890\/","title":{"rendered":"POCO F8 (Pro i Ultra) zapowied\u017a nowej serii od Xiaomi"},"content":{"rendered":"<p class=\"lead\">Submarka Xiaomi przygotowuje, szybszy ni\u017c oczekiwano, powr\u00f3t swojej topowej serii. Firma ju\u017c pokaza\u0142a pierwszy teaser nowego urz\u0105dzenia. Wszystko wskazuje na rych\u0142o zbli\u017caj\u0105cy si\u0119 debiut POCO F8, a oto dost\u0119pne informacje.<\/p>\n<p>POCO pokaza\u0142o grafik\u0119 zapowiadaj\u0105c\u0105 seri\u0119 POCO F8. Producent informuje o mocnym procesorze i nowym systemie akustycznym. Zmiany maj\u0105 poprawi\u0107 wra\u017cenia z gier i multimedi\u00f3w. Teaser sugeruje, \u017ce premiera mo\u017ce odby\u0107 si\u0119 ju\u017c w grudniu 2025 roku.<\/p>\n<p>POCO F8 Pro i POCO F8 Ultra coraz bli\u017cej premiery<\/p>\n<p>Nowa seria obejmie modele: POCO F8 (o nim napisz\u0119 co\u015b p\u00f3\u017aniej) <a href=\"https:\/\/www.gsmmaniak.pl\/1608982\/poco-f8-pro-ultra-pojemnosc-baterii\/\" rel=\"nofollow noopener\" target=\"_blank\">POCO F8 Pro<\/a> oraz <a href=\"https:\/\/www.gsmmaniak.pl\/1613565\/poco-f8-ultra-wydajnosc-specyfikacja-wyglad\/\" rel=\"nofollow noopener\" target=\"_blank\">POCO F8 Ultra<\/a>. Dwa wymienione jako ostatnie b\u0119d\u0105 globalnymi odpowiednikami Redmi K90 i <a href=\"https:\/\/www.gsmmaniak.pl\/1608852\/redmi-k90-pro-max-oficjalnie-cena-specyfikacja-premiera\/\" rel=\"nofollow noopener\" target=\"_blank\">Redmi K90 Pro Max<\/a>. G\u0142\u00f3wne r\u00f3\u017cnice mog\u0105 dotyczy\u0107 mniejszych baterii. Producent postawi jednak na wyra\u017ane ulepszenia audio i solidn\u0105 wydajno\u015b\u0107.<\/p>\n<p><a href=\"https:\/\/www.gsmmaniak.pl\/wp-content\/uploads\/gsmmaniak\/2025\/11\/1-5.jpg\" rel=\"lightbox-post4 nofollow noopener\" target=\"_blank\"><img decoding=\"async\" aria-describedby=\"caption-attachment-1614120\" loading=\"lazy\" class=\"size-medium wp-image-1614120\" src=\"https:\/\/www.europesays.com\/pl\/wp-content\/uploads\/2025\/11\/1-5-medium.jpg\" alt=\"POCO F8\" width=\"500\" height=\"625\"   itemprop=\"image\" \/><\/a><\/p>\n<p id=\"caption-attachment-1614120\" class=\"wp-caption-text\">POCO F8 \/ fot. producenta<\/p>\n<p>POCO F8 Pro otrzyma Snapdragona 8 Elite. To uk\u0142ad klasy premium przygotowany do wysokiej wydajno\u015bci w grach. Model POCO F8 Ultra dostanie nowszego Snapdragona 8 Elite Gen 5. Jednostka Qualcomm oferuje jeszcze lepsz\u0105 moc, bo to istnie flagowy SoC.<\/p>\n<p>Grafika pokazuje nowy wygl\u0105d, kt\u00f3ry wskazuje zmiany w konstrukcji. Submarka Xiaomi podkre\u015bla, \u017ce przeprojektowano system d\u017awi\u0119ku. Zapowiedziano bardziej immersyjne wra\u017cenia dzi\u0119ki usprawnionej akustyce. Celem jest poprawa jako\u015bci multimedi\u00f3w bez dodatkowych akcesori\u00f3w.<\/p>\n<p>Co wiemy o bazowym POCO F8?<\/p>\n<p>W planach jest tak\u017ce podstawowy model POCO F8. Ten wariant mo\u017ce pojawi\u0107 si\u0119 p\u00f3\u017aniej i zaczerpnie specyfikacj\u0119 z <a href=\"https:\/\/www.gsmmaniak.pl\/1611811\/redmi-turbo-5-pro-pelna-specyfikacja-przed-premiera\/\" rel=\"nofollow noopener\" target=\"_blank\">Redmi Turbo 5 Pro<\/a>. Telefon jeszcze nie zadebiutowa\u0142 w Chinach, co mo\u017ce wp\u0142yn\u0105\u0107 na harmonogram premiery globalnej.<\/p>\n<p>Co istotne, POCO pracuje tak\u017ce nad nowym tabletem. POCO Pad M1 tak\u017ce b\u0119dzie rebrandingow\u0105 wersj\u0105 innego urz\u0105dzenia, a konkretnie <a href=\"https:\/\/www.gsmmaniak.pl\/1608436\/redmi-pad-2-pro-test-recenzja-opinia\/\" rel=\"nofollow noopener\" target=\"_blank\">Redmi Pad 2 Pro<\/a>. Je\u017celi ciekawi Ci\u0119 recenzja pierwowzoru, sprawd\u017a poni\u017cszy artyku\u0142.<\/p>\n<blockquote class=\"wp-embedded-content\" data-secret=\"cbFKqTkJ5M\">\n<p><a href=\"https:\/\/www.gsmmaniak.pl\/1608436\/redmi-pad-2-pro-test-recenzja-opinia\/\" rel=\"nofollow noopener\" target=\"_blank\">TEST | Redmi Pad 2 Pro to sztandarowy przyk\u0142ad tego, jak zrobi\u0107 tani tablet bez wad<\/a><\/p>\n<\/blockquote>\n<p>\u0179r\u00f3d\u0142o: via <a href=\"https:\/\/www.gizmochina.com\/2025\/11\/16\/poco-f8-series-teasers-begin-december-launch-expected\/\" rel=\"nofollow noopener\" target=\"_blank\">gizmochina<\/a><\/p>\n<p>Na stronie mog\u0105 wyst\u0119powa\u0107 linki afiliacyjne lub reklamowe.<\/p>\n","protected":false},"excerpt":{"rendered":"Submarka Xiaomi przygotowuje, szybszy ni\u017c oczekiwano, powr\u00f3t swojej topowej serii. Firma ju\u017c pokaza\u0142a pierwszy teaser nowego urz\u0105dzenia. Wszystko&hellip;\n","protected":false},"author":2,"featured_media":106891,"comment_status":"","ping_status":"","sticky":false,"template":"","format":"standard","meta":{"footnotes":""},"categories":[20],"tags":[120,118,119,42,23746,23749,23476,23481,23750,23747,22247,22249,22250,23748,38,40,39,41,116,114,115,121,117],"class_list":{"0":"post-106890","1":"post","2":"type-post","3":"status-publish","4":"format-standard","5":"has-post-thumbnail","7":"category-nauka-i-technika","8":"tag-nauka","9":"tag-nauka-i-technika","10":"tag-naukatechnika","11":"tag-pl","12":"tag-poco-f8","13":"tag-poco-f8-premiera","14":"tag-poco-f8-pro","15":"tag-poco-f8-pro-premiera","16":"tag-poco-f8-pro-specyfikacja","17":"tag-poco-f8-specyfikacja","18":"tag-poco-f8-ultra","19":"tag-poco-f8-ultra-premiera","20":"tag-poco-f8-ultra-specyfikacja","21":"tag-poco-f8-zapowiedz","22":"tag-poland","23":"tag-polish","24":"tag-polska","25":"tag-polski","26":"tag-science","27":"tag-science-and-technology","28":"tag-sciencetechnology","29":"tag-technika","30":"tag-technology"},"share_on_mastodon":{"url":"https:\/\/pubeurope.com\/@pl\/115570299930587370","error":""},"_links":{"self":[{"href":"https:\/\/www.europesays.com\/pl\/wp-json\/wp\/v2\/posts\/106890","targetHints":{"allow":["GET"]}}],"collection":[{"href":"https:\/\/www.europesays.com\/pl\/wp-json\/wp\/v2\/posts"}],"about":[{"href":"https:\/\/www.europesays.com\/pl\/wp-json\/wp\/v2\/types\/post"}],"author":[{"embeddable":true,"href":"https:\/\/www.europesays.com\/pl\/wp-json\/wp\/v2\/users\/2"}],"replies":[{"embeddable":true,"href":"https:\/\/www.europesays.com\/pl\/wp-json\/wp\/v2\/comments?post=106890"}],"version-history":[{"count":0,"href":"https:\/\/www.europesays.com\/pl\/wp-json\/wp\/v2\/posts\/106890\/revisions"}],"wp:featuredmedia":[{"embeddable":true,"href":"https:\/\/www.europesays.com\/pl\/wp-json\/wp\/v2\/media\/106891"}],"wp:attachment":[{"href":"https:\/\/www.europesays.com\/pl\/wp-json\/wp\/v2\/media?parent=106890"}],"wp:term":[{"taxonomy":"category","embeddable":true,"href":"https:\/\/www.europesays.com\/pl\/wp-json\/wp\/v2\/categories?post=106890"},{"taxonomy":"post_tag","embeddable":true,"href":"https:\/\/www.europesays.com\/pl\/wp-json\/wp\/v2\/tags?post=106890"}],"curies":[{"name":"wp","href":"https:\/\/api.w.org\/{rel}","templated":true}]}}