{"id":107021,"date":"2025-11-18T12:47:09","date_gmt":"2025-11-18T12:47:09","guid":{"rendered":"https:\/\/www.europesays.com\/pl\/107021\/"},"modified":"2025-11-18T12:47:09","modified_gmt":"2025-11-18T12:47:09","slug":"tragiczne-wiesci-z-ukrainy-nie-zyje-karina-bachur","status":"publish","type":"post","link":"https:\/\/www.europesays.com\/pl\/107021\/","title":{"rendered":"Tragiczne wie\u015bci z Ukrainy. Nie \u017cyje Karina Bachur"},"content":{"rendered":"\n<p class=\"contentpart contentpart--default contentpart--text\" data-position=\"0\">Ukrai\u0144ski sport pogr\u0105\u017cy\u0142 si\u0119 w \u017ca\u0142obie. Portal nakypilo.ua poinformowa\u0142 we wtorek, 18 listopada, o tragicznej \u015bmierci 17-letniej <a href=\"https:\/\/sportowefakty.wp.pl\/kickboxing\/karina-bachur\" rel=\"nofollow noopener\" target=\"_blank\">Kariny Bachur<\/a>, mistrzyni Ukrainy i Europy junior\u00f3w w kickboxingu.<\/p>\n<p class=\"contentpart contentpart--default contentpart--text\" data-position=\"1\">M\u0142oda sportsmenka zgin\u0119\u0142a w wyniku ataku rakietowego na miejscowo\u015b\u0107 Berestyn w obwodzie charkowskim.<\/p>\n<p> <img role=\"presentation\" src=\"https:\/\/std.wpcdn.pl\/images\/adv\/placeholder_wp.svg\" loading=\"lazy\" alt=\"\" decoding=\"async\"\/>  <\/p>\n<p class=\"contentpart contentpart--default contentpart--text\" data-position=\"2\">Wed\u0142ug relacji \u015bwiadk\u00f3w, Bachur bieg\u0142a do budynku, w kt\u00f3rym znajdowa\u0142 si\u0119 schron, ale zosta\u0142a zraniona od\u0142amkami podczas ostrza\u0142u. Odnios\u0142a powa\u017cne obra\u017cenia i zmar\u0142a w pobliskim szpitalu.<\/p>\n<p class=\"contentpart contentpart--default contentpart--text\" data-position=\"3\">Zawodniczka sport\u00f3w walki, kt\u00f3ra od si\u00f3dmego roku \u017cycia trenowa\u0142a w wojskowo-sportowym klubie &#8222;Peresvit&#8221;, by\u0142a mistrzyni\u0105 sportu Ukrainy, mistrzyni\u0105 kraju w kickboxingu, a tak\u017ce zdobywczyni\u0105 nagr\u00f3d na mistrzostwach \u015bwiata i Europy. W 2023 roku wywalczy\u0142a mistrzostwo Europy juniorek w kickboxingu.<\/p>\n<p class=\"contentpart contentpart--default contentpart--text\" data-position=\"4\">W poniedzia\u0142ek, 17 listopada, oko\u0142o godz. 22:50, w Berestyn uderzy\u0142y dwa rosyjskie pociski. Dwa kolejne spad\u0142y na miasto oko\u0142o godziny p\u00f3\u017aniej.<\/p>\n<p class=\"contentpart contentpart--default contentpart--text\" data-position=\"5\">W mie\u015bcie uszkodzone zosta\u0142y budynki mieszkalne, pomieszczenia gospodarcze, ko\u015bci\u00f3\u0142, sklepy, infrastruktura kolejowa. Jedna osoba zgin\u0119\u0142a, osiem zosta\u0142o rannych, w tym 16-letni ch\u0142opiec.<\/p>\n<p> <img role=\"presentation\" src=\"https:\/\/std.wpcdn.pl\/images\/adv\/placeholder_wp.svg\" loading=\"lazy\" alt=\"\" decoding=\"async\"\/>  <\/p>\n<p class=\"contentpart contentpart--default contentpart--text\" data-position=\"6\">Wed\u0142ug danych do po\u0142owy 2025 roku, w wyniku rosyjskiej agresji zgin\u0119\u0142o ok. 600 ukrai\u0144skich sportowc\u00f3w i trener\u00f3w.\u00a0Ministerstwo Spraw Zagranicznych Ukrainy poda\u0142o t\u0119 informacj\u0119, podkre\u015blaj\u0105c r\u00f3wnie\u017c, \u017ce ponad 700 obiekt\u00f3w sportowych zosta\u0142o uszkodzonych lub zniszczonych przez ataki pa\u0144stwa-agresora (wojna, za kt\u00f3r\u0105 stoi re\u017cim Putina, trwa od lutego 2022 roku).<\/p>\n","protected":false},"excerpt":{"rendered":"Ukrai\u0144ski sport pogr\u0105\u017cy\u0142 si\u0119 w \u017ca\u0142obie. Portal nakypilo.ua poinformowa\u0142 we wtorek, 18 listopada, o tragicznej \u015bmierci 17-letniej Kariny&hellip;\n","protected":false},"author":2,"featured_media":107022,"comment_status":"","ping_status":"","sticky":false,"template":"","format":"standard","meta":{"footnotes":""},"categories":[14],"tags":[32,33,27,23755,20476,34,35,28,31,25,40,41,87,1256,80,29,30,415,26,82,83,84],"class_list":{"0":"post-107021","1":"post","2":"type-post","3":"status-publish","4":"format-standard","5":"has-post-thumbnail","7":"category-swiat","8":"tag-breaking-news","9":"tag-breakingnews","10":"tag-headlines","11":"tag-karina-bachur","12":"tag-kickboxing","13":"tag-latest-news","14":"tag-latestnews","15":"tag-naglowki","16":"tag-najwazniejsze-artykuly","17":"tag-news","18":"tag-polish","19":"tag-polski","20":"tag-rosja","21":"tag-sporty-walki","22":"tag-swiat","23":"tag-top-stories","24":"tag-topstories","25":"tag-ukraina","26":"tag-wiadomosci","27":"tag-world","28":"tag-world-news","29":"tag-worldnews"},"share_on_mastodon":{"url":"https:\/\/pubeurope.com\/@pl\/115570779500510415","error":""},"_links":{"self":[{"href":"https:\/\/www.europesays.com\/pl\/wp-json\/wp\/v2\/posts\/107021","targetHints":{"allow":["GET"]}}],"collection":[{"href":"https:\/\/www.europesays.com\/pl\/wp-json\/wp\/v2\/posts"}],"about":[{"href":"https:\/\/www.europesays.com\/pl\/wp-json\/wp\/v2\/types\/post"}],"author":[{"embeddable":true,"href":"https:\/\/www.europesays.com\/pl\/wp-json\/wp\/v2\/users\/2"}],"replies":[{"embeddable":true,"href":"https:\/\/www.europesays.com\/pl\/wp-json\/wp\/v2\/comments?post=107021"}],"version-history":[{"count":0,"href":"https:\/\/www.europesays.com\/pl\/wp-json\/wp\/v2\/posts\/107021\/revisions"}],"wp:featuredmedia":[{"embeddable":true,"href":"https:\/\/www.europesays.com\/pl\/wp-json\/wp\/v2\/media\/107022"}],"wp:attachment":[{"href":"https:\/\/www.europesays.com\/pl\/wp-json\/wp\/v2\/media?parent=107021"}],"wp:term":[{"taxonomy":"category","embeddable":true,"href":"https:\/\/www.europesays.com\/pl\/wp-json\/wp\/v2\/categories?post=107021"},{"taxonomy":"post_tag","embeddable":true,"href":"https:\/\/www.europesays.com\/pl\/wp-json\/wp\/v2\/tags?post=107021"}],"curies":[{"name":"wp","href":"https:\/\/api.w.org\/{rel}","templated":true}]}}