{"id":107118,"date":"2025-11-18T13:58:09","date_gmt":"2025-11-18T13:58:09","guid":{"rendered":"https:\/\/www.europesays.com\/pl\/107118\/"},"modified":"2025-11-18T13:58:09","modified_gmt":"2025-11-18T13:58:09","slug":"nowe-informacje-w-sprawie-dywersji-na-kolei-donald-tusk-zdradza-szczegoly","status":"publish","type":"post","link":"https:\/\/www.europesays.com\/pl\/107118\/","title":{"rendered":"Nowe informacje w sprawie dywersji na kolei. Donald Tusk zdradza szczeg\u00f3\u0142y"},"content":{"rendered":"<ul class=\"UnorderedList_container__nmfSl\">\n<li class=\"UnorderedList_listElement__Py7xi\" data-id=\"ai-summary-link\">Du\u017co czytania, a ma\u0142o czasu? Sprawd\u017a\u00a0skr\u00f3t\u00a0artyku\u0142u<\/li>\n<\/ul>\n<p class=\"Paragraph_desktopParagraph__U31Gm\">\u2014 Min\u0119\u0142o niewiele wi\u0119cej ni\u017c 70 godz. Ustalone osoby to obywatele dw\u00f3ch obywateli Ukrainy, dzia\u0142aj\u0105cych i wsp\u00f3\u0142pracuj\u0105cych od d\u0142u\u017cszego czasu z rosyjskimi s\u0142u\u017cbami. Jest to ustalenie naszych s\u0142u\u017cb i prokuratury, a tak\u017ce wynika to ze wsp\u00f3\u0142pracy z naszymi s\u0142u\u017cbami sojuszniczymi \u2014 stwierdzi\u0142 z sejmowej m\u00f3wnicy Donald Tusk.<\/p>\n<p class=\"Paragraph_desktopParagraph__U31Gm\">Jak m\u00f3wi\u0142 premier, jedna z tych os\u00f3b to obywatel Ukrainy, przez s\u0105d we Lwowie w maju tego roku za akty dywersji na terenie Ukrainy, przebywaj\u0105cy na Bia\u0142orusi. Drugi to mieszkaniec Donbasu, kt\u00f3ry przedosta\u0142 si\u0119 z Bia\u0142orusi do Polski razem z pierwszym podejrzanym jesieni\u0105 tego roku. Po dokonaniu aktu dywersji w miejscowo\u015bci Mika osoby te opu\u015bci\u0142y teren Polski przez przej\u015bcie graniczne w Terespolu. Nadal s\u0105 poszukiwane.<\/p>\n<p class=\"Paragraph_desktopParagraph__U31Gm\">\u2014 Akty dywersji przebiega\u0142y w odst\u0119pach czasowych. Pierwszy polega\u0142 na zamontowaniu na torach obejmy stalowej, kt\u00f3ra mia\u0142a prawdopodobnie doprowadzi\u0107 do wykolejenia poci\u0105gu. Zdarzenie to mia\u0142o zosta\u0107 utrwalone przez zamontowany w obr\u0119bie torowiska telefon kom\u00f3rkowy z powerbankiem. Ta pr\u00f3ba okaza\u0142a si\u0119 na szcz\u0119\u015bcie zupe\u0142nie nieskuteczna \u2014 m\u00f3wi\u0142 Donald Tusk.<\/p>\n<p class=\"VideoPlayerText_videoPlayerText__iDwyz\">Dalszy ci\u0105g materia\u0142u pod wideo<\/p>\n<ul class=\"OchatFollowUps_wrapper__1ry7X\">\n<li class=\"OchatFollowUps_item__Dhyly OchatFollowUps_itemDesktop__R6aBv\">Kiedy mia\u0142y miejsce incydenty na kolei?<\/li>\n<li class=\"OchatFollowUps_item__Dhyly OchatFollowUps_itemDesktop__R6aBv\">Co ustalono na temat sprawc\u00f3w dywersji?<\/li>\n<li class=\"OchatFollowUps_item__Dhyly OchatFollowUps_itemDesktop__R6aBv\">Jaki \u0142adunek wybuchowy zosta\u0142 u\u017cyty w jednym z incydent\u00f3w?<\/li>\n<li class=\"OchatFollowUps_item__Dhyly OchatFollowUps_itemDesktop__R6aBv\">Jakie dzia\u0142ania podj\u0119\u0142a policja po zg\u0142oszeniu eksplozji?<\/li>\n<\/ul>\n<p class=\"Paragraph_desktopParagraph__U31Gm\">Jak doda\u0142 premier, drugie g\u0142o\u015bne zdarzenie mia\u0142o miejsce w dniu 15 listopada o godz. 20:58. \u2014 Tak wykaza\u0142a rejestracja na kamerze monitoringu. \u0141adunek wybuchowy typu wojskowego C4 zosta\u0142 zdetonowany przy pomocy urz\u0105dzenia inicjuj\u0105cego poprzez kabel elektryczny o d\u0142ugo\u015bci 300 metr\u00f3w. Na miejscu zdarzenia zabezpieczono tak\u017ce pewn\u0105 ilo\u015b\u0107 materia\u0142u wybuchowego. \u0141adunek eksplodowa\u0142 podczas przejazdu poci\u0105gu towarowego relacji Warszawa &#8211; Pu\u0142awy, nie doprowadzaj\u0105c do wykolejenia, a jedynie do niewielkiego uszkodzenia pod\u0142ogi wagonu \u2014 wyja\u015bnia\u0142 premier.<\/p>\n<p class=\"Paragraph_desktopParagraph__U31Gm\">\u2014 Pierwsze zg\u0142oszenie to sobota 15 listopada, godz. 21.40. To jest zg\u0142oszenie przez mieszkank\u0119 mieszkaj\u0105c\u0105 niedaleko miejsca zdarzenia w miejscowo\u015bci Mika, kt\u00f3ra zg\u0142osi\u0142a policji, \u017ce us\u0142ysza\u0142a huk. Policja zjawi\u0142a si\u0119 na posesji zawiadamiaj\u0105cej. Po 20 minutach. Na podstawie zeznania osoby, kt\u00f3ra zg\u0142osi\u0142a t\u0119 domnieman\u0105 eksplozj\u0119 i zgodnie z jej wskazaniami przeszukiwano teren przez ponad godzin\u0119 \u2014 m\u00f3wi\u0142 szef rz\u0105du.<\/p>\n<p class=\"Paragraph_desktopParagraph__U31Gm\">Premier opisa\u0142, \u017ce to by\u0142a noc i osoba zg\u0142aszaj\u0105ca by\u0142a w stanie stwierdzi\u0107 ani zasugerowa\u0107, w jakim miejscu dosz\u0142o do tej eksplozji. \u2014 Nawet nie wiedzia\u0142a, \u017ce to jest eksplozja, poniewa\u017c ona odnotowa\u0142a tylko huk. Policja po godzinnych poszukiwaniach w terenie wok\u00f3\u0142 posesji odst\u0105pi\u0142a od dalszych dzia\u0142a\u0144, nie odnotowuj\u0105c okoliczno\u015bci, kt\u00f3re kaza\u0142yby prowadzi\u0107 inne czynno\u015bci \u2014 powiedzia\u0142 Tusk.<\/p>\n<p class=\"Paragraph_desktopParagraph__U31Gm\">\u2014 O godz. 7:40 w niedziel\u0119 kolejny poci\u0105g przeje\u017cd\u017caj\u0105cy przez ten fragment torowiska si\u0119 zatrzyma\u0142. Miejsce, w kt\u00f3rym dosz\u0142o do eksplozji, by\u0142o naruszane przez kolejne przejazdy i ten poci\u0105g. Ten, kt\u00f3ry w okolicy 7:40 w niedziel\u0119 rano si\u0119 zatrzyma\u0142, by\u0142 ju\u017c nara\u017cony ze wzgl\u0119du na naruszenie torowiska ju\u017c na wi\u0119ksz\u0105 skal\u0119, na wykolejenie, ale dzi\u0119ki refleksowi maszynisty nie dosz\u0142o do tragedii. O godz. 9:43 w niedziel\u0119 rano poinformowano w\u0142adze pa\u0144stwowe, kt\u00f3re w takiej sytuacji powinny by\u0107 informowane. Tak\u0105 informacj\u0119 mia\u0142em. Ja jako premier, pan prezydent oczywi\u015bcie, ministrowie i zainteresowani z racji dziedziny, jak\u0105 si\u0119 zajmuj\u0105 ca\u0142\u0105 spraw\u0105. To tyle, je\u015bli chodzi o te podstawowe fakty &#8211; opisa\u0142 szef rz\u0105du.<\/p>\n<p class=\"Paragraph_desktopParagraph__U31Gm\">Na trasie kolejowej mi\u0119dzy Warszaw\u0105 a Lublinem dosz\u0142o przez weekend do dw\u00f3ch incydent\u00f3w. <a href=\"https:\/\/wiadomosci.onet.pl\/lublin\/donald-tusk-na-trasie-warszawa-lublin-doszlo-do-aktu-dywersji\/6fceq0x\" id=\"71ad1f21-a2de-4aa9-87b3-af6ba4526908\" rel=\"nofollow noopener\" target=\"_blank\">Podczas pierwszego z nich eksplozja \u0142adunku wybuchowego zniszczy\u0142a tor kolejowy<\/a>. W innym miejscu poci\u0105g z 475 pasa\u017cerami <a href=\"https:\/\/wiadomosci.onet.pl\/kraj\/zerwana-trakcja-pod-pulawami-jest-reakcja-policji-i-ministerstwa\/jg60b5s\" id=\"297063de-2086-47ca-b523-951f57314b67\" rel=\"nofollow noopener\" target=\"_blank\">musia\u0142 nagle hamowa\u0107 przez uszkodzon\u0105 lini\u0119 trakcyjn\u0105<\/a>.<\/p>\n<p class=\"Paragraph_desktopParagraph__U31Gm\">\u2014 Eksplozja mia\u0142a najprawdopodobniej na celu wysadzenie poci\u0105gu na trasie Warszawa-D\u0119blin \u2014 <a href=\"https:\/\/wiadomosci.onet.pl\/lublin\/donald-tusk-eksplozja-miala-najprawdopodobniej-na-celu-wysadzenie-pociagu\/ee9l27h\" id=\"2e8f2647-2269-4d16-9037-7efa828c4614\" rel=\"nofollow noopener\" target=\"_blank\">o\u015bwiadczy\u0142 w poniedzia\u0142ek premier Donald Tusk<\/a>. Doda\u0142, \u017ce do podobnego zdarzenia mog\u0142o doj\u015b\u0107 r\u00f3wnie\u017c na po\u0142udniowy wsch\u00f3d od tego miejsca, na tej samej trasie.<\/p>\n<p class=\"Paragraph_desktopParagraph__U31Gm\">O kolejnym mo\u017cliwym akcie dywersji ko\u0142o Pu\u0142aw <a href=\"https:\/\/wiadomosci.onet.pl\/lublin\/zerwana-trakcja-pod-pulawami-doszlo-do-uszkodzenia-pociagu\/9r02kqy\" id=\"2e89bc00-8d0f-47ea-aed0-92468f8b1575\" rel=\"nofollow noopener\" target=\"_blank\">poinformowa\u0142 w poniedzia\u0142ek rano Onet<\/a>. Informacj\u0119 t\u0119 potwierdzi\u0142a lubelska policja, kt\u00f3ra na platformie X przekaza\u0142a, \u017ce w niedziel\u0119 po godz. 21 policjanci z Pu\u0142aw otrzymali informacj\u0119 o nag\u0142ym zatrzymaniu osobowego poci\u0105gu relacji \u015awinouj\u015bcie-Rzesz\u00f3w, kt\u00f3rym podr\u00f3\u017cowa\u0142o 475 pasa\u017cer\u00f3w.<\/p>\n<p class=\"Paragraph_desktopParagraph__U31Gm\">W zwi\u0105zku ze zdarzeniami po godz. 10 w poniedzia\u0142ek w MSWiA odby\u0142o si\u0119 spotkanie ministr\u00f3w i szef\u00f3w s\u0142u\u017cb. \u2014 Dosz\u0142o do odpalenia \u0142adunku wybuchowego, kt\u00f3ry uszkodzi\u0142 tory kolejowe. Eksperci potwierdzili to ponad wszelk\u0105 w\u0105tpliwo\u015b\u0107 \u2014 <a href=\"https:\/\/wiadomosci.onet.pl\/kraj\/dywersja-na-kolei-minister-ujawnia-doszlo-do-odpalenia-ladunku-wybuchowego\/5hx0y75\" id=\"d396b6bb-ee52-46ba-a5cb-f4c43bdbe332\" rel=\"nofollow noopener\" target=\"_blank\">przekaza\u0142 po spotkaniu szef MSWiA Marcin Kierwi\u0144ski<\/a>.<\/p>\n","protected":false},"excerpt":{"rendered":"Du\u017co czytania, a ma\u0142o czasu? Sprawd\u017a\u00a0skr\u00f3t\u00a0artyku\u0142u \u2014 Min\u0119\u0142o niewiele wi\u0119cej ni\u017c 70 godz. Ustalone osoby to obywatele dw\u00f3ch&hellip;\n","protected":false},"author":2,"featured_media":107119,"comment_status":"","ping_status":"","sticky":false,"template":"","format":"standard","meta":{"footnotes":""},"categories":[12],"tags":[864,32,33,4096,36,37,27,67,64,34,35,23766,28,31,53,25,52,68,51,55,42,38,40,39,41,47,29,30,390,65,50,26,912,6025],"class_list":{"0":"post-107118","1":"post","2":"type-post","3":"status-publish","4":"format-standard","5":"has-post-thumbnail","7":"category-polska","8":"tag-bialorus_bialorusin_bialorusinka_bialorusini","9":"tag-breaking-news","10":"tag-breakingnews","11":"tag-dywersja","12":"tag-featured-news","13":"tag-featurednews","14":"tag-headlines","15":"tag-intextvideo_splayer","16":"tag-inwazja_rosji_na_ukraine_2014_","17":"tag-latest-news","18":"tag-latestnews","19":"tag-mika","20":"tag-naglowki","21":"tag-najwazniejsze-artykuly","22":"tag-new_header","23":"tag-news","24":"tag-onet3","25":"tag-onet3d","26":"tag-onet3d_2i","27":"tag-phx","28":"tag-pl","29":"tag-poland","30":"tag-polish","31":"tag-polska","32":"tag-polski","33":"tag-screening_general","34":"tag-top-stories","35":"tag-topstories","36":"tag-ukraina_ukrainiec_ukrainka_ukraincy_ukrainki","37":"tag-update_me","38":"tag-v2021","39":"tag-wiadomosci","40":"tag-wojna_wojny_konflikt_zbrojny_konflikty_zbrojne","41":"tag-wykolejenie"},"share_on_mastodon":{"url":"","error":"Validation failed: Text character limit of 500 exceeded"},"_links":{"self":[{"href":"https:\/\/www.europesays.com\/pl\/wp-json\/wp\/v2\/posts\/107118","targetHints":{"allow":["GET"]}}],"collection":[{"href":"https:\/\/www.europesays.com\/pl\/wp-json\/wp\/v2\/posts"}],"about":[{"href":"https:\/\/www.europesays.com\/pl\/wp-json\/wp\/v2\/types\/post"}],"author":[{"embeddable":true,"href":"https:\/\/www.europesays.com\/pl\/wp-json\/wp\/v2\/users\/2"}],"replies":[{"embeddable":true,"href":"https:\/\/www.europesays.com\/pl\/wp-json\/wp\/v2\/comments?post=107118"}],"version-history":[{"count":0,"href":"https:\/\/www.europesays.com\/pl\/wp-json\/wp\/v2\/posts\/107118\/revisions"}],"wp:featuredmedia":[{"embeddable":true,"href":"https:\/\/www.europesays.com\/pl\/wp-json\/wp\/v2\/media\/107119"}],"wp:attachment":[{"href":"https:\/\/www.europesays.com\/pl\/wp-json\/wp\/v2\/media?parent=107118"}],"wp:term":[{"taxonomy":"category","embeddable":true,"href":"https:\/\/www.europesays.com\/pl\/wp-json\/wp\/v2\/categories?post=107118"},{"taxonomy":"post_tag","embeddable":true,"href":"https:\/\/www.europesays.com\/pl\/wp-json\/wp\/v2\/tags?post=107118"}],"curies":[{"name":"wp","href":"https:\/\/api.w.org\/{rel}","templated":true}]}}