{"id":107132,"date":"2025-11-18T14:07:16","date_gmt":"2025-11-18T14:07:16","guid":{"rendered":"https:\/\/www.europesays.com\/pl\/107132\/"},"modified":"2025-11-18T14:07:16","modified_gmt":"2025-11-18T14:07:16","slug":"dzik-gorzowski-przemowil-w-sprawie-igi-swiatek-tak-ja-nazwal-przeglad-sportowy-onet","status":"publish","type":"post","link":"https:\/\/www.europesays.com\/pl\/107132\/","title":{"rendered":"&quot;Dzik Gorzowski&quot; przem\u00f3wi\u0142 w sprawie Igi \u015awi\u0105tek. Tak j\u0105 nazwa\u0142 &#8211; Przegl\u0105d Sportowy Onet"},"content":{"rendered":"<ol>\n<li><a href=\"https:\/\/news.google.com\/rss\/articles\/CBMiqwFBVV95cUxPal90VWU4aWVMalRNS0xkS1g3ZXQ4YVJYZ2dzbDhOS0NBSUx2ektfaE1fQ0ZUV09DbGRzWGxpWEJyeUF4Vm9hZlpUbVBjZW9XSmx1c3VGZ1k5R3NiemctMHh5ZDFJeU85elEwVUdXdE5WLVJiaGx6RFVjc2pFaVpnWFZVLVJQa3NJTHJYVnc3YXVFS3pVOUNoZF9zXzlUNzNuZWlLaE9YbTVqQ00?oc=5\" target=\"_blank\" rel=\"nofollow noopener\">&#8222;Dzik Gorzowski&#8221; przem\u00f3wi\u0142 w sprawie Igi \u015awi\u0105tek. Tak j\u0105 nazwa\u0142<\/a>&nbsp;&nbsp;Przegl\u0105d Sportowy Onet<\/li>\n<li><a href=\"https:\/\/news.google.com\/rss\/articles\/CBMitgFBVV95cUxQVFNlck9hcWV5MDZBTnhPN3BLZDlBbXBJTUkyXzhMVTBqamY4ZXA1T1NMX29ISFJxYnp4VDE4RTFuYnV4MjBTWHZXdV9hQlNoWWZaMFlrSGxQR1AzOVI0VmNzOWE1aHRLaFUtTnp2bktPU0ZTdzRfbkQtOEN6aGJyNGhmcDh2WU9ya0tDcFA5bW1IWnQtek0xYW5KVUFMc0paZng1c1JqZjFSSGc3aTU0eGxwaktJUQ?oc=5\" target=\"_blank\" rel=\"nofollow noopener\">Nie odst\u0119powa\u0142 \u015awi\u0105tek ani na krok. Teraz ujawnia prawd\u0119 o Polce. Taka jest naprawd\u0119<\/a>&nbsp;&nbsp;Sport w INTERIA.PL<\/li>\n<li><a href=\"https:\/\/news.google.com\/rss\/articles\/CBMitwFBVV95cUxNNDJ5UkJlYlZBQnptUTNrbG40VkdjNkszcGZ1R2UtZ1Z4cm45eTRNODZmWjVUZEhBTjJyRlhNVnBRdE04c3BEZE9iaUlkYV9teGJiQWZua3YyVHhyQjNkcFNBTEpDOW9jc1ZfZXdFYmxFdm10ZTNGU2dHYWFRVlVZcXJ6VVF4aGY5amxwVUd3dFhrWldPSzZqYnFTdHRITDdmMW1mYzZCNW0tNjFMbGtfdDNNNTdwNWs?oc=5\" target=\"_blank\" rel=\"nofollow noopener\">Nie do wiary, kto pojawi\u0142 si\u0119 u boku Igi \u015awi\u0105tek. Znamy jego to\u017csamo\u015b\u0107<\/a>&nbsp;&nbsp;Przegl\u0105d Sportowy Onet<\/li>\n<li><a href=\"https:\/\/news.google.com\/rss\/articles\/CBMiqwFBVV95cUxPVklSVkMtbXNmMW84enFnU1ktbXd3Ni1FQ2RQc1UwZnBuZXdzUTFHVHRibmZ2dXVKSjBIUUVybndkTy1GVEFRY3hHUW1odUpHU1l0REJqOUFkOE55YndCWWw1V2tiSk5wR0JBbnIydWxwMnNIV2E5WDhGSlY4NWhPdGhEb3pvLVpGNlZjMUs5SEtNbEtkZXVNRjlobnJWNmZtTmJSLThxbFlJM28?oc=5\" target=\"_blank\" rel=\"nofollow noopener\">Ochroniarz powiedzia\u0142 prawd\u0119 o \u015awi\u0105tek. Ludziom otworz\u0105 si\u0119 oczy Tenis<\/a>&nbsp;&nbsp;Sport.pl<\/li>\n<li><a href=\"https:\/\/news.google.com\/rss\/articles\/CBMitgFBVV95cUxQU3BBSkJ2aVZoZ1JONG51Sk92R2JjT0drRHZuYjJjZl9kM2hsT3hhLURpa1FUSGdqY2JwV0Q4TFJnOGNrUmJGZ1FwVFVOTHMzeS13T1lILUw3RTAxZ0lBdTc4S3RJT2RCRG9NVHowbWtPMDh3ZWJuTVpsSlJ4VzBmNVk2T2ZMWVNKR2UwSVdxTEdTLXZnWG95WGs3cFZ5OWlZQVFVWFVETXJQbWFYU3laQWlVZDdQZw?oc=5\" target=\"_blank\" rel=\"nofollow noopener\">Ros\u0142y ochroniarz nie spuszcza\u0142 jej z oka. Ju\u017c wiadomo, kto pilnowa\u0142 \u015awi\u0105tek<\/a>&nbsp;&nbsp;SportoweFakty<\/li>\n<\/ol>\n","protected":false},"excerpt":{"rendered":"&#8222;Dzik Gorzowski&#8221; przem\u00f3wi\u0142 w sprawie Igi \u015awi\u0105tek. Tak j\u0105 nazwa\u0142&nbsp;&nbsp;Przegl\u0105d Sportowy Onet Nie odst\u0119powa\u0142 \u015awi\u0105tek ani na krok.&hellip;\n","protected":false},"author":2,"featured_media":107133,"comment_status":"","ping_status":"","sticky":false,"template":"","format":"standard","meta":{"footnotes":""},"categories":[24],"tags":[252,67,11744,42,38,40,39,41,136,128,47,127,135,126,156],"class_list":{"0":"post-107132","1":"post","2":"type-post","3":"status-publish","4":"format-standard","5":"has-post-thumbnail","7":"category-sport","8":"tag-iga_swiatek","9":"tag-intextvideo_splayer","10":"tag-ogor","11":"tag-pl","12":"tag-poland","13":"tag-polish","14":"tag-polska","15":"tag-polski","16":"tag-ps_detal_new","17":"tag-psv2","18":"tag-screening_general","19":"tag-sport","20":"tag-sport_sport","21":"tag-sports","22":"tag-tenis"},"share_on_mastodon":{"url":"https:\/\/pubeurope.com\/@pl\/115571093849952424","error":""},"_links":{"self":[{"href":"https:\/\/www.europesays.com\/pl\/wp-json\/wp\/v2\/posts\/107132","targetHints":{"allow":["GET"]}}],"collection":[{"href":"https:\/\/www.europesays.com\/pl\/wp-json\/wp\/v2\/posts"}],"about":[{"href":"https:\/\/www.europesays.com\/pl\/wp-json\/wp\/v2\/types\/post"}],"author":[{"embeddable":true,"href":"https:\/\/www.europesays.com\/pl\/wp-json\/wp\/v2\/users\/2"}],"replies":[{"embeddable":true,"href":"https:\/\/www.europesays.com\/pl\/wp-json\/wp\/v2\/comments?post=107132"}],"version-history":[{"count":0,"href":"https:\/\/www.europesays.com\/pl\/wp-json\/wp\/v2\/posts\/107132\/revisions"}],"wp:featuredmedia":[{"embeddable":true,"href":"https:\/\/www.europesays.com\/pl\/wp-json\/wp\/v2\/media\/107133"}],"wp:attachment":[{"href":"https:\/\/www.europesays.com\/pl\/wp-json\/wp\/v2\/media?parent=107132"}],"wp:term":[{"taxonomy":"category","embeddable":true,"href":"https:\/\/www.europesays.com\/pl\/wp-json\/wp\/v2\/categories?post=107132"},{"taxonomy":"post_tag","embeddable":true,"href":"https:\/\/www.europesays.com\/pl\/wp-json\/wp\/v2\/tags?post=107132"}],"curies":[{"name":"wp","href":"https:\/\/api.w.org\/{rel}","templated":true}]}}