{"id":107206,"date":"2025-11-18T14:55:05","date_gmt":"2025-11-18T14:55:05","guid":{"rendered":"https:\/\/www.europesays.com\/pl\/107206\/"},"modified":"2025-11-18T14:55:05","modified_gmt":"2025-11-18T14:55:05","slug":"slawomir-mentzen-zostanie-ukarany-za-podpalenie-racy-policja-skierowala-wniosek","status":"publish","type":"post","link":"https:\/\/www.europesays.com\/pl\/107206\/","title":{"rendered":"S\u0142awomir Mentzen zostanie ukarany za podpalenie racy? Policja skierowa\u0142a wniosek"},"content":{"rendered":"<p class=\"ods-c-paragraph \">S\u0142awomir Mentzen podczas tegorocznego Marszu Niepodleg\u0142o\u015bci podpali\u0142 rac\u0119, czym z\u0142ama\u0142 zakaz wydany przez wojewod\u0119. Polityk <a href=\"https:\/\/wiadomosci.onet.pl\/warszawa\/tak-slawomir-mentzen-zlamal-zakaz-na-marszu-niepodleglosci-jest-zdjecie\/qfb4nrk\" id=\"69da516d-c18b-40fe-a3ef-901c3573f569\" rel=\"nofollow noopener\" target=\"_blank\">zamie\u015bci\u0142 nawet w mediach spo\u0142eczno\u015bciowych zdj\u0119cie z wydarzenia.<\/a> \u200bRMF FM nied\u0142ugo po \u015awi\u0119cie Niepodleg\u0142o\u015bci poinformowa\u0142o, \u017ce policja przygotowuje wniosek o uchylenie immunitetu liderowi Konfederacji.<\/p>\n<p>Dalszy ci\u0105g artyku\u0142u pod materia\u0142em wideo<\/p>\n<p> Jakie konsekwencje gro\u017c\u0105 S\u0142awomirowi Mentzenowi za podpalenie racy? <\/p>\n<p> Jakie dzia\u0142ania podj\u0119\u0142a policja w tej sprawie? <\/p>\n<p> Kto b\u0119dzie analizowa\u0107 wniosek o ukaranie Mentzena? <\/p>\n<p> Do kogo trafi wniosek o poci\u0105gni\u0119cie Mentzena do odpowiedzialno\u015bci? <\/p>\n<p class=\"ods-c-paragraph \">Teraz, jak wskazuje serwis, wniosek o ukaranie pos\u0142a analizuje Komenda G\u0142\u00f3wna Policji. Biuro prewencji sprawdzi, czy zgromadzone dowody uzasadniaj\u0105 pope\u0142nienie wykroczenia przez polityka.<\/p>\n<p>   Wniosek trafi do nowego marsza\u0142ka Sejmu<\/p>\n<p class=\"ods-c-paragraph \">Nast\u0119pnym krokiem b\u0119dzie przes\u0142anie wniosku o zgod\u0119 na poci\u0105gni\u0119cie Mentzena do odpowiedzialno\u015bci do nowego marsza\u0142ka Sejmu. Dokona si\u0119 to za po\u015brednictwem Prokuratora Generalnego, je\u015bli materia\u0142 oka\u017ce si\u0119 kompletny, a biuro prawne dokona analizy wniosku pod k\u0105tem wskazanych przepis\u00f3w prawnych. P\u00f3\u017aniej dopiero ruszy sejmowa procedura uchylenia politykowi immunitetu. <\/p>\n<p class=\"ods-c-paragraph \">Wyst\u0119pek Mentzena to wykroczenie przeciwko zgromadzeniu. Liderowi Konfederacji grozi za nie grzywna, ograniczenie wolno\u015bci lub areszt na okres 14 dni. <\/p>\n","protected":false},"excerpt":{"rendered":"S\u0142awomir Mentzen podczas tegorocznego Marszu Niepodleg\u0142o\u015bci podpali\u0142 rac\u0119, czym z\u0142ama\u0142 zakaz wydany przez wojewod\u0119. Polityk zamie\u015bci\u0142 nawet w&hellip;\n","protected":false},"author":2,"featured_media":107207,"comment_status":"","ping_status":"","sticky":false,"template":"","format":"standard","meta":{"footnotes":""},"categories":[5],"tags":[32,33,36,37,27,49,34,35,16788,28,31,48,25,46,42,38,414,40,39,41,5427,47,865,29,30,26],"class_list":{"0":"post-107206","1":"post","2":"type-post","3":"status-publish","4":"format-standard","5":"has-post-thumbnail","7":"category-naglowki","8":"tag-breaking-news","9":"tag-breakingnews","10":"tag-featured-news","11":"tag-featurednews","12":"tag-headlines","13":"tag-kraj","14":"tag-latest-news","15":"tag-latestnews","16":"tag-marsz_niepodleglosci","17":"tag-naglowki","18":"tag-najwazniejsze-artykuly","19":"tag-nat_styl","20":"tag-news","21":"tag-omp","22":"tag-pl","23":"tag-poland","24":"tag-policja","25":"tag-polish","26":"tag-polska","27":"tag-polski","28":"tag-prokurator_generalny","29":"tag-screening_general","30":"tag-slawomir_mentzen","31":"tag-top-stories","32":"tag-topstories","33":"tag-wiadomosci"},"share_on_mastodon":{"url":"https:\/\/pubeurope.com\/@pl\/115571282677983278","error":""},"_links":{"self":[{"href":"https:\/\/www.europesays.com\/pl\/wp-json\/wp\/v2\/posts\/107206","targetHints":{"allow":["GET"]}}],"collection":[{"href":"https:\/\/www.europesays.com\/pl\/wp-json\/wp\/v2\/posts"}],"about":[{"href":"https:\/\/www.europesays.com\/pl\/wp-json\/wp\/v2\/types\/post"}],"author":[{"embeddable":true,"href":"https:\/\/www.europesays.com\/pl\/wp-json\/wp\/v2\/users\/2"}],"replies":[{"embeddable":true,"href":"https:\/\/www.europesays.com\/pl\/wp-json\/wp\/v2\/comments?post=107206"}],"version-history":[{"count":0,"href":"https:\/\/www.europesays.com\/pl\/wp-json\/wp\/v2\/posts\/107206\/revisions"}],"wp:featuredmedia":[{"embeddable":true,"href":"https:\/\/www.europesays.com\/pl\/wp-json\/wp\/v2\/media\/107207"}],"wp:attachment":[{"href":"https:\/\/www.europesays.com\/pl\/wp-json\/wp\/v2\/media?parent=107206"}],"wp:term":[{"taxonomy":"category","embeddable":true,"href":"https:\/\/www.europesays.com\/pl\/wp-json\/wp\/v2\/categories?post=107206"},{"taxonomy":"post_tag","embeddable":true,"href":"https:\/\/www.europesays.com\/pl\/wp-json\/wp\/v2\/tags?post=107206"}],"curies":[{"name":"wp","href":"https:\/\/api.w.org\/{rel}","templated":true}]}}