{"id":107242,"date":"2025-11-18T15:21:09","date_gmt":"2025-11-18T15:21:09","guid":{"rendered":"https:\/\/www.europesays.com\/pl\/107242\/"},"modified":"2025-11-18T15:21:09","modified_gmt":"2025-11-18T15:21:09","slug":"imigranci-na-wyspach-bez-zasilkow-dziennikarz-kilkaset-tys-polakow","status":"publish","type":"post","link":"https:\/\/www.europesays.com\/pl\/107242\/","title":{"rendered":"Imigranci na Wyspach bez zasi\u0142k\u00f3w? Dziennikarz: kilkaset tys. Polak\u00f3w"},"content":{"rendered":"<p>Partia Reform UK, kierowana przez Nigela Farage&#8217;a, prowadzi w\u00a0sonda\u017cach na Wyspach. Nale\u017cy jednak podkre\u015bli\u0107, \u017ce najbli\u017csze wybory zaplanowano w\u00a02029 r. Farage wysy\u0142a jednak jasny sygna\u0142 do swoich wyborc\u00f3w. To on by\u0142 liderem Brexit Party i\u00a0zale\u017ca\u0142o mu na wyj\u015bciu Wielkiej Brytanii z\u00a0UE. Farage marzy, \u017ceby zosta\u0107 premierem.<\/p>\n<p>Partia Reform w\u00a0poniedzia\u0142ek wieczorem wyda\u0142a o\u015bwiadczenie, kt\u00f3rym informuje, \u017ce wszyscy obcokrajowcy \u2013\u00a0w\u00a0tym osoby posiadaj\u0105ce status osiedle\u0144ca UE \u2013\u00a0utrac\u0105 prawo do ubiegania si\u0119 o\u00a0zasi\u0142ek uniwersalny po trzymiesi\u0119cznym okresie wypowiedzenia, co wed\u0142ug partii pozwoli zaoszcz\u0119dzi\u0107 6\u00a0mld funt\u00f3w rocznie.<\/p>\n<p>&#8222;Obywatele UE \u2013\u00a0oraz obywatele Europejskiego Obszaru Gospodarczego i\u00a0Szwajcarii \u2013\u00a0mogli ubiega\u0107 si\u0119 o\u00a0status osiedle\u0144ca na warunkach umowy brexitowej, co dawa\u0142o im dost\u0119p do us\u0142ug publicznych i\u00a0niekt\u00f3rych \u015bwiadcze\u0144&#8221; &#8211;\u00a0podaje Guardian.<\/p>\n<p>Jak zwr\u00f3ci\u0142 uwag\u0119 Jakub Krupa &#8211;\u00a0w\u00a0tej grupie jest kilkaset tys. Polak\u00f3w.<\/p>\n<p>Doda\u0142 te\u017c, \u017ce realizacja tego planu przez Farage&#8217;a, b\u0119dzie bardzo trudna, o\u00a0ile w\u00a0og\u00f3le jest wykonalna. &#8222;Taka decyzja narusza\u0142aby postanowienia porozumienia o\u00a0wyj\u015bciu Wielkiej Brytanii z\u00a0UE, wywo\u0142a\u0142aby w\u015bciek\u0142\u0105 reakcj\u0119 UE i\u00a0potencjalne konsekwencje gospodarcze&#8221; &#8211;\u00a0czytamy. <\/p>\n<p>Opuszczenie Unii Europejskiej przez Wielk\u0105 Brytani\u0119 by\u0142o kosztowne dla mieszka\u0144c\u00f3w Wysp. &#8222;Minionych kilka lat to dla Wielkiej Brytanii okres nieomal <a href=\"https:\/\/www.money.pl\/gospodarka\/prestizowy-magazyn-pisze-o-polsce-to-porownanie-daje-do-myslenia-7210435087969248a.html\" rel=\"noopener noreferrer nofollow\" target=\"_blank\">stagnacji<\/a>. Aktywno\u015b\u0107 w\u00a0tamtejszej gospodarce, mierzona produktem krajowym brutto, w\u00a02024 r. by\u0142a realnie o\u00a0zaledwie 3,6 proc. wi\u0119ksza ni\u017c pi\u0119\u0107 lat wcze\u015bniej, gdy kraj formalnie przesta\u0142 by\u0107 cz\u0142onkiem Unii Europejskiej. Dla por\u00f3wnania, w\u00a0tym czasie aktywno\u015b\u0107 ekonomiczna w\u00a0USA zwi\u0119kszy\u0142a si\u0119 o\u00a0niemal 13 proc., a\u00a0w\u00a0Unii Europejskiej o\u00a05,5 proc.&#8221; <a href=\"https:\/\/www.money.pl\/gospodarka\/najdrozszy-rozwod-w-historii-tyle-brytyjczykow-kosztowal-brexit-analiza-7221348987632512a.html\" rel=\"noopener noreferrer nofollow\" target=\"_blank\">&#8211; pisze Grzegorz Siemionczyk, g\u0142\u00f3wny analityk money.pl.<\/a><\/p>\n<p>Najnowszy <a href=\"https:\/\/www.money.pl\/gospodarka\/brytyjczycy-zmieniaja-zdanie-ws-brexitu-oszacowano-koszty-dla-gospodarki-7120082680089408a.html\" rel=\"noopener noreferrer nofollow\" target=\"_blank\">sonda\u017c o\u015brodka YouGov<\/a>, z\u00a0po\u0142owy 2025 r., wskazuje, \u017ce dziewi\u0119\u0107 lat po referendum w\u00a0sprawie przynale\u017cno\u015bci Wielkiej Brytanii do UE, a\u017c 56 proc. Brytyjczyk\u00f3w uwa\u017ca podj\u0119t\u0105 wtedy decyzj\u0119 za b\u0142\u0105d. Zadowolonych z\u00a0Brexitu by\u0142o 31 proc. respondent\u00f3w.<\/p>\n","protected":false},"excerpt":{"rendered":"Partia Reform UK, kierowana przez Nigela Farage&#8217;a, prowadzi w\u00a0sonda\u017cach na Wyspach. Nale\u017cy jednak podkre\u015bli\u0107, \u017ce najbli\u017csze wybory zaplanowano&hellip;\n","protected":false},"author":2,"featured_media":107243,"comment_status":"","ping_status":"","sticky":false,"template":"","format":"standard","meta":{"footnotes":""},"categories":[14],"tags":[32,33,27,34,35,28,31,25,40,41,80,29,30,26,82,83,84],"class_list":{"0":"post-107242","1":"post","2":"type-post","3":"status-publish","4":"format-standard","5":"has-post-thumbnail","7":"category-swiat","8":"tag-breaking-news","9":"tag-breakingnews","10":"tag-headlines","11":"tag-latest-news","12":"tag-latestnews","13":"tag-naglowki","14":"tag-najwazniejsze-artykuly","15":"tag-news","16":"tag-polish","17":"tag-polski","18":"tag-swiat","19":"tag-top-stories","20":"tag-topstories","21":"tag-wiadomosci","22":"tag-world","23":"tag-world-news","24":"tag-worldnews"},"share_on_mastodon":{"url":"https:\/\/pubeurope.com\/@pl\/115571384820940176","error":""},"_links":{"self":[{"href":"https:\/\/www.europesays.com\/pl\/wp-json\/wp\/v2\/posts\/107242","targetHints":{"allow":["GET"]}}],"collection":[{"href":"https:\/\/www.europesays.com\/pl\/wp-json\/wp\/v2\/posts"}],"about":[{"href":"https:\/\/www.europesays.com\/pl\/wp-json\/wp\/v2\/types\/post"}],"author":[{"embeddable":true,"href":"https:\/\/www.europesays.com\/pl\/wp-json\/wp\/v2\/users\/2"}],"replies":[{"embeddable":true,"href":"https:\/\/www.europesays.com\/pl\/wp-json\/wp\/v2\/comments?post=107242"}],"version-history":[{"count":0,"href":"https:\/\/www.europesays.com\/pl\/wp-json\/wp\/v2\/posts\/107242\/revisions"}],"wp:featuredmedia":[{"embeddable":true,"href":"https:\/\/www.europesays.com\/pl\/wp-json\/wp\/v2\/media\/107243"}],"wp:attachment":[{"href":"https:\/\/www.europesays.com\/pl\/wp-json\/wp\/v2\/media?parent=107242"}],"wp:term":[{"taxonomy":"category","embeddable":true,"href":"https:\/\/www.europesays.com\/pl\/wp-json\/wp\/v2\/categories?post=107242"},{"taxonomy":"post_tag","embeddable":true,"href":"https:\/\/www.europesays.com\/pl\/wp-json\/wp\/v2\/tags?post=107242"}],"curies":[{"name":"wp","href":"https:\/\/api.w.org\/{rel}","templated":true}]}}