{"id":107254,"date":"2025-11-18T15:29:09","date_gmt":"2025-11-18T15:29:09","guid":{"rendered":"https:\/\/www.europesays.com\/pl\/107254\/"},"modified":"2025-11-18T15:29:09","modified_gmt":"2025-11-18T15:29:09","slug":"akty-dywersji-czlowiek-prezydenta-nie-wytrzymal-uderza-w-rzad","status":"publish","type":"post","link":"https:\/\/www.europesays.com\/pl\/107254\/","title":{"rendered":"Akty dywersji. Cz\u0142owiek prezydenta nie wytrzyma\u0142. Uderza w rz\u0105d"},"content":{"rendered":"<p class=\"ods-c-paragraph \">Na trasie Warszawa-Lublin dosz\u0142o do dw\u00f3ch powa\u017cnych incydent\u00f3w. <a href=\"https:\/\/wiadomosci.onet.pl\/lublin\/donald-tusk-na-trasie-warszawa-lublin-doszlo-do-aktu-dywersji\/6fceq0x\" id=\"baf0cbb2-d6c4-4615-a47a-5e824d37e5a1\" rel=\"nofollow noopener\" target=\"_blank\">Podczas pierwszego z nich eksplozja \u0142adunku wybuchowego zniszczy\u0142a tor kolejowy<\/a>, co zdaniem Donalda Tuska mia\u0142o najprawdopodobniej doprowadzi\u0107 do wysadzenia poci\u0105gu. Premier m\u00f3wi wprost: &#8222;mieli\u015bmy do czynienia z bezprecedensowym aktem dywersji wymierzonym w bezpiecze\u0144stwo pa\u0144stwa&#8221;. <a href=\"https:\/\/wiadomosci.onet.pl\/kraj\/zerwana-trakcja-pod-pulawami-jest-reakcja-policji-i-ministerstwa\/jg60b5s\" id=\"6b5f376e-e2b7-49f9-97e7-e151190b488c\" rel=\"nofollow noopener\" target=\"_blank\">W innym miejscu poci\u0105g z 475 pasa\u017cerami musia\u0142 nagle hamowa\u0107 przez uszkodzon\u0105 lini\u0119 kolejow\u0105<\/a>.<\/p>\n<p>Dalszy ci\u0105g artyku\u0142u pod materia\u0142em wideo<\/p>\n<p> Co powiedzia\u0142 Pawe\u0142 Szefernaker o rz\u0105dzie Donalda Tuska? <\/p>\n<p> Jakie incydenty mia\u0142y miejsce na trasie Warszawa-Lublin? <\/p>\n<p> Co prezydent RP oczekuje od szef\u00f3w s\u0142u\u017cb? <\/p>\n<p> Jakie dokumenty planowano wystawi\u0107 na sprzeda\u017c w niemieckim Neuss? <\/p>\n<p class=\"ods-c-paragraph \">Szef Gabinetu Prezydenta RP Pawe\u0142 Szefernaker odni\u00f3s\u0142 si\u0119 do tych wydarze\u0144 za po\u015brednictwem swojego konta na platformie X.<\/p>\n<blockquote class=\"ods-o-quota\">\n<p class=\"ods-o-quota__paragraph\">W jeden weekend zdarzy\u0142a si\u0119 seria pozornie niepowi\u0105zanych zdarze\u0144. Ka\u017cde z nich mog\u0142oby przej\u015b\u0107 osobno\u2026 ale razem uk\u0142adaj\u0105 si\u0119 w obraz sytuacji, w kt\u00f3rej znale\u017ali\u015bmy si\u0119 jako pa\u0144stwo i kt\u00f3r\u0105 musimy natychmiast odwr\u00f3ci\u0107, je\u015bli chcemy, by Polska pozosta\u0142a suwerenna i bezpieczna<\/p>\n<\/blockquote>\n<p class=\"ods-c-paragraph \">\u2014 napisa\u0142 na platformie X Pawe\u0142 Szefernaker.<\/p>\n<p>Akty dywersji na kolei w Polsce. Cz\u0142owiek prezydenta uderza w rz\u0105d. &#8222;Chaos&#8221;   <\/p>\n<p class=\"ods-c-paragraph \">W dalszej cz\u0119\u015bci swojego wpisu szef Gabinetu Prezydenta RP nawi\u0105za\u0142 m.in. do tego, \u017ce <a href=\"https:\/\/wiadomosci.onet.pl\/swiat\/niemiecki-dom-aukcyjny-chce-sprzedac-dokumenty-z-holokaustu-cyniczne-i-bezwstydne\/p4rknde\" id=\"0379535f-73dc-46e3-8016-ae120f1a33e4\" rel=\"nofollow noopener\" target=\"_blank\">dom aukcyjny Felzmann w niemieckim mie\u015bcie Neuss planowa\u0142 wystawi\u0107 na sprzeda\u017c 632 dokumenty i przedmioty zwi\u0105zane z Holokaustem, w tym nale\u017c\u0105ce do ofiar Zag\u0142ady.<\/a> Pawe\u0142 Szefernaker wspomnia\u0142 r\u00f3wnie\u017c o sprawie Zbigniewa Ziobry czy niedawnym nagraniu Donalda Tuska, na kt\u00f3rym premier spaceruje po lesie, trzymaj\u0105c w r\u0119ku podgrzybka i chwal\u0105c tempo wzrostu polskiej gospodarki. <a href=\"https:\/\/www.onet.pl\/styl-zycia\/plejada\/donald-tusk-poszedl-na-grzyby-byly-doradca-andrzeja-dudy-mowi-o-majdanach\/xz5n93z,0898b825\" id=\"a712101e-bc0d-47a2-933a-b2fd20920c46\" rel=\"nofollow noopener\" target=\"_blank\">Polityk por\u00f3wna\u0142 je do ro\u015bni\u0119cia grzyb\u00f3w po deszczu<\/a>.<\/p>\n<blockquote class=\"ods-o-quota\">\n<p class=\"ods-o-quota__paragraph\">Ten chaos odwraca uwag\u0119 i oczy opinii publicznej od rzeczy najistotniejszych. W tym samym czasie &#8222;kto\u015b&#8221; wysadza w powietrze tory mi\u0119dzy D\u0119blinem a Warszaw\u0105 i uszkadza trakcj\u0119 kolejow\u0105 ko\u0142o Pu\u0142aw<\/p>\n<\/blockquote>\n<p class=\"ods-c-paragraph \">\u2014 stwierdzi\u0142 Pawe\u0142 Szefernaker.<\/p>\n<p class=\"ods-c-paragraph \">W dalszej cz\u0119\u015bci swojego wpisu polityk stwierdzi\u0142, \u017ce prezydentowi RP, kt\u00f3ry jest zwierzchnikiem si\u0142 zbrojnych, &#8222;odmawia si\u0119 kontaktu z szefami najwa\u017cniejszych s\u0142u\u017cb&#8221;.<\/p>\n<blockquote class=\"ods-o-quota\">\n<p class=\"ods-o-quota__paragraph\">Prezydent oczekuje na pe\u0142ne i wyczerpuj\u0105ce informacje od szef\u00f3w s\u0142u\u017cb na temat bezpiecze\u0144stwa Polak\u00f3w<\/p>\n<\/blockquote>\n<p class=\"ods-c-paragraph \">\u2014 napisa\u0142 Gabinetu Prezydenta RP.<\/p>\n<p class=\"ods-c-paragraph \">Pawe\u0142 Szefernaker uderzy\u0142 w rz\u0105d Donalda Tuska, twierdz\u0105c, \u017ce &#8222;zamiast nagrywa\u0107 filmy, powinien si\u0119 zaj\u0105\u0107 bezpiecze\u0144stwem polskich rodzin&#8221;.<\/p>\n<blockquote class=\"ods-o-quota\">\n<p class=\"ods-o-quota__paragraph\">Bezpiecze\u0144stwo pa\u0144stwa to najwa\u017cniejsze zadanie w\u0142adz! Czas na stanowcze i odpowiedzialne dzia\u0142ania. Spo\u0142ecze\u0144stwo musi by\u0107 informowane, a nie dezinformowane o sytuacji w kraju<\/p>\n<\/blockquote>\n<p class=\"ods-c-paragraph \">\u2014 zaapelowa\u0142 polityk.<\/p>\n","protected":false},"excerpt":{"rendered":"Na trasie Warszawa-Lublin dosz\u0142o do dw\u00f3ch powa\u017cnych incydent\u00f3w. Podczas pierwszego z nich eksplozja \u0142adunku wybuchowego zniszczy\u0142a tor kolejowy,&hellip;\n","protected":false},"author":2,"featured_media":107255,"comment_status":"","ping_status":"","sticky":false,"template":"","format":"standard","meta":{"footnotes":""},"categories":[12],"tags":[32,33,212,4096,36,37,27,43,49,34,35,28,31,48,25,46,2265,42,38,40,39,41,380,47,29,30,26],"class_list":{"0":"post-107254","1":"post","2":"type-post","3":"status-publish","4":"format-standard","5":"has-post-thumbnail","7":"category-polska","8":"tag-breaking-news","9":"tag-breakingnews","10":"tag-donald_tusk","11":"tag-dywersja","12":"tag-featured-news","13":"tag-featurednews","14":"tag-headlines","15":"tag-karol_nawrocki","16":"tag-kraj","17":"tag-latest-news","18":"tag-latestnews","19":"tag-naglowki","20":"tag-najwazniejsze-artykuly","21":"tag-nat_styl","22":"tag-news","23":"tag-omp","24":"tag-pawel_szefernaker","25":"tag-pl","26":"tag-poland","27":"tag-polish","28":"tag-polska","29":"tag-polski","30":"tag-rzad","31":"tag-screening_general","32":"tag-top-stories","33":"tag-topstories","34":"tag-wiadomosci"},"share_on_mastodon":{"url":"https:\/\/pubeurope.com\/@pl\/115571416406800103","error":""},"_links":{"self":[{"href":"https:\/\/www.europesays.com\/pl\/wp-json\/wp\/v2\/posts\/107254","targetHints":{"allow":["GET"]}}],"collection":[{"href":"https:\/\/www.europesays.com\/pl\/wp-json\/wp\/v2\/posts"}],"about":[{"href":"https:\/\/www.europesays.com\/pl\/wp-json\/wp\/v2\/types\/post"}],"author":[{"embeddable":true,"href":"https:\/\/www.europesays.com\/pl\/wp-json\/wp\/v2\/users\/2"}],"replies":[{"embeddable":true,"href":"https:\/\/www.europesays.com\/pl\/wp-json\/wp\/v2\/comments?post=107254"}],"version-history":[{"count":0,"href":"https:\/\/www.europesays.com\/pl\/wp-json\/wp\/v2\/posts\/107254\/revisions"}],"wp:featuredmedia":[{"embeddable":true,"href":"https:\/\/www.europesays.com\/pl\/wp-json\/wp\/v2\/media\/107255"}],"wp:attachment":[{"href":"https:\/\/www.europesays.com\/pl\/wp-json\/wp\/v2\/media?parent=107254"}],"wp:term":[{"taxonomy":"category","embeddable":true,"href":"https:\/\/www.europesays.com\/pl\/wp-json\/wp\/v2\/categories?post=107254"},{"taxonomy":"post_tag","embeddable":true,"href":"https:\/\/www.europesays.com\/pl\/wp-json\/wp\/v2\/tags?post=107254"}],"curies":[{"name":"wp","href":"https:\/\/api.w.org\/{rel}","templated":true}]}}