{"id":107256,"date":"2025-11-18T15:30:08","date_gmt":"2025-11-18T15:30:08","guid":{"rendered":"https:\/\/www.europesays.com\/pl\/107256\/"},"modified":"2025-11-18T15:30:08","modified_gmt":"2025-11-18T15:30:08","slug":"jest-decyzja-sejmu-szymon-holownia-nowym-wicemarszalkiem","status":"publish","type":"post","link":"https:\/\/www.europesays.com\/pl\/107256\/","title":{"rendered":"Jest decyzja Sejmu. Szymon Ho\u0142ownia nowym wicemarsza\u0142kiem"},"content":{"rendered":"<p class=\"ods-c-paragraph \">Za wyborem Ho\u0142owni na wicemarsza\u0142ka g\u0142osowa\u0142o 261 pos\u0142\u00f3w, przeciw by\u0142o 14, a od g\u0142osu wstrzyma\u0142y si\u0119 162 osoby. Wi\u0119kszo\u015b\u0107 bezwzgl\u0119dna wynios\u0142a 219 pos\u0142\u00f3w.<\/p>\n<p>Dalszy ci\u0105g artyku\u0142u pod materia\u0142em wideo<\/p>\n<p> Kto zosta\u0142 nowym wicemarsza\u0142kiem Sejmu? <\/p>\n<p> Ile g\u0142os\u00f3w poparcia otrzyma\u0142 Szymon Ho\u0142ownia? <\/p>\n<p> Kto zast\u0105pi\u0142 Szymona Ho\u0142owni\u0119 na stanowisku marsza\u0142ka Sejmu? <\/p>\n<p> Kiedy Szymon Ho\u0142ownia z\u0142o\u017cy\u0142 rezygnacj\u0119 z funkcji marsza\u0142ka? <\/p>\n<p class=\"ods-c-paragraph \">Niespodziewanym g\u0142osem by\u0142 sprzeciw Magdaleny Filiks, pos\u0142anki Koalicji Obywatelskiej. Niemal ca\u0142y klub PiS (157 pos\u0142\u00f3w) wstrzyma\u0142 si\u0119 od g\u0142osu w sprawie kandydatury Szymona Ho\u0142owni. 13 os\u00f3b by\u0142o przeciw, a 5 os\u00f3b popar\u0142o jego kandydatur\u0119 na funkcj\u0119 wicemarsza\u0142ka.<\/p>\n<p>W\u0142odzimierz Czarzasty zast\u0105pi\u0142 Szymona Ho\u0142owni\u0119   <\/p>\n<p class=\"ods-c-paragraph \">Ho\u0142ownia 13 listopada z\u0142o\u017cy\u0142 rezygnacj\u0119 z funkcji marsza\u0142ka Sejmu. Jest to wype\u0142nienie umowy koalicyjnej, w my\u015bl kt\u00f3rej w drugiej po\u0142owie kadencji na fotelu marsza\u0142ka zast\u0105pi\u0142 go W\u0142odzimierz Czarzasty.<\/p>\n<p class=\"ods-c-paragraph \">\u2014 Dzi\u0119kuj\u0119 serdecznie za wyb\u00f3r, bardzo serdecznie. Chcia\u0142em podzi\u0119kowa\u0107 panu marsza\u0142kowi Ho\u0142owni. Jeste\u015b wzorem, je\u015bli chodzi o prowadzenie obrad, je\u017celi chodzi o marsza\u0142ka. Zrobi\u0119 wszystko, \u017ceby poziom utrzyma\u0107. Mam nadziej\u0119, \u017ce to si\u0119 zdarzy \u2014 <a href=\"https:\/\/wiadomosci.onet.pl\/kraj\/wlodzimierz-czarzasty-nowym-marszalkiem-sejm-podjal-decyzje\/jjcyb0c\" id=\"29db21f6-060a-4548-8fbb-63ecd5827618\" rel=\"nofollow noopener\" target=\"_blank\">powiedzia\u0142 we wtorek Czarzasty po tym, jak Sejm wybra\u0142 go na nowego marsza\u0142ka.<\/a><\/p>\n<p class=\"ods-c-paragraph \">Jednocze\u015bnie pod koniec wrze\u015bnia Ho\u0142ownia poinformowa\u0142 o z\u0142o\u017ceniu aplikacji w naborze na funkcj\u0119 wysokiego komisarza narod\u00f3w zjednoczonych ds. uchod\u017ac\u00f3w. Poza nim o to stanowisko ubiegaj\u0105 si\u0119 m.in. sta\u0142y przedstawiciel Turcji przy ONZ czy obecna mer Pary\u017ca.<\/p>\n<p>Pierwszy lewicowy marsza\u0142ek od dw\u00f3ch dekad   <\/p>\n<p class=\"ods-c-paragraph \">Zapis o przekazaniu Czarzastemu fotela marsza\u0142ka w drugiej po\u0142owie kadencji znalaz\u0142 si\u0119 w umowie koalicyjnej podpisanej 10 listopada 2023 r. \u2014 Po 18 latach Lewica wraca do wsp\u00f3\u0142rz\u0105dzenia. Chc\u0119 wam powiedzie\u0107, \u017ce nikt nam tego nie zabierze. Nasze postulaty b\u0119d\u0105 wprowadzane w \u017cycie, bo po to jest partia i formacja, \u017ceby zdobywa\u0107 w\u0142adz\u0119 \u2014 m\u00f3wi\u0142 Czarzasty podczas wieczoru wyborczego 15 pa\u017adziernika 2023 r.<\/p>\n<p class=\"ods-c-paragraph \">Czarzasty jest pierwszym od 20 lat lewicowym politykiem, kt\u00f3ry obj\u0105\u0142 fotel marsza\u0142ka. Poprzednim by\u0142 w 2005 r. W\u0142odzimierz Cimoszewicz, ostatni marsza\u0142ek Sejmu IV kadencji (2001\u20132005). W tej samej kadencji marsza\u0142kami z ramienia SLD byli tak\u017ce Marek Borowski i J\u00f3zef Oleksy, przy czym Oleksy pe\u0142ni\u0142 t\u0119 funkcj\u0119 tak\u017ce w latach 1993\u20131995, w trakcie II kadencji Sejmu.<\/p>\n","protected":false},"excerpt":{"rendered":"Za wyborem Ho\u0142owni na wicemarsza\u0142ka g\u0142osowa\u0142o 261 pos\u0142\u00f3w, przeciw by\u0142o 14, a od g\u0142osu wstrzyma\u0142y si\u0119 162 osoby.&hellip;\n","protected":false},"author":2,"featured_media":107257,"comment_status":"","ping_status":"","sticky":false,"template":"","format":"standard","meta":{"footnotes":""},"categories":[5],"tags":[32,33,36,37,27,49,34,35,28,31,48,25,46,42,38,40,39,41,47,5485,204,29,30,26,23775],"class_list":{"0":"post-107256","1":"post","2":"type-post","3":"status-publish","4":"format-standard","5":"has-post-thumbnail","7":"category-naglowki","8":"tag-breaking-news","9":"tag-breakingnews","10":"tag-featured-news","11":"tag-featurednews","12":"tag-headlines","13":"tag-kraj","14":"tag-latest-news","15":"tag-latestnews","16":"tag-naglowki","17":"tag-najwazniejsze-artykuly","18":"tag-nat_styl","19":"tag-news","20":"tag-omp","21":"tag-pl","22":"tag-poland","23":"tag-polish","24":"tag-polska","25":"tag-polski","26":"tag-screening_general","27":"tag-sejm_rp","28":"tag-szymon_holownia","29":"tag-top-stories","30":"tag-topstories","31":"tag-wiadomosci","32":"tag-wicemarszalek_sejmu"},"share_on_mastodon":{"url":"https:\/\/pubeurope.com\/@pl\/115571420248173968","error":""},"_links":{"self":[{"href":"https:\/\/www.europesays.com\/pl\/wp-json\/wp\/v2\/posts\/107256","targetHints":{"allow":["GET"]}}],"collection":[{"href":"https:\/\/www.europesays.com\/pl\/wp-json\/wp\/v2\/posts"}],"about":[{"href":"https:\/\/www.europesays.com\/pl\/wp-json\/wp\/v2\/types\/post"}],"author":[{"embeddable":true,"href":"https:\/\/www.europesays.com\/pl\/wp-json\/wp\/v2\/users\/2"}],"replies":[{"embeddable":true,"href":"https:\/\/www.europesays.com\/pl\/wp-json\/wp\/v2\/comments?post=107256"}],"version-history":[{"count":0,"href":"https:\/\/www.europesays.com\/pl\/wp-json\/wp\/v2\/posts\/107256\/revisions"}],"wp:featuredmedia":[{"embeddable":true,"href":"https:\/\/www.europesays.com\/pl\/wp-json\/wp\/v2\/media\/107257"}],"wp:attachment":[{"href":"https:\/\/www.europesays.com\/pl\/wp-json\/wp\/v2\/media?parent=107256"}],"wp:term":[{"taxonomy":"category","embeddable":true,"href":"https:\/\/www.europesays.com\/pl\/wp-json\/wp\/v2\/categories?post=107256"},{"taxonomy":"post_tag","embeddable":true,"href":"https:\/\/www.europesays.com\/pl\/wp-json\/wp\/v2\/tags?post=107256"}],"curies":[{"name":"wp","href":"https:\/\/api.w.org\/{rel}","templated":true}]}}