{"id":107266,"date":"2025-11-18T15:37:09","date_gmt":"2025-11-18T15:37:09","guid":{"rendered":"https:\/\/www.europesays.com\/pl\/107266\/"},"modified":"2025-11-18T15:37:09","modified_gmt":"2025-11-18T15:37:09","slug":"zwloki-38-latka-w-potoku-w-tarnowie-obok-lezal-rower-cialo-znalazl-ojciec","status":"publish","type":"post","link":"https:\/\/www.europesays.com\/pl\/107266\/","title":{"rendered":"Zw\u0142oki 38-latka w potoku w Tarnowie. Obok le\u017ca\u0142 rower, cia\u0142o znalaz\u0142 ojciec"},"content":{"rendered":"<p class=\"article-p\" data-section=\"detail-body\">Do makabrycznego odkrycia dosz\u0142o we worek, 18 listopada, w rejonie ul. Klikowskiej w Tarnowie. Na miejsce wezwano policj\u0119, stra\u017c po\u017carn\u0105 i prokuratora. Jak podaje portal <a rel=\"nofollow noopener\" href=\"https:\/\/112tarnow.pl\" id=\"ececf492-278d-4d11-a36f-6efdaaf83c2d\" target=\"_blank\">112tarnow.pl<\/a>, teren zosta\u0142 odgrodzony policyjn\u0105 ta\u015bm\u0105, a w rejonie pojawi\u0142o si\u0119 wiele jednostek s\u0142u\u017cb. Przez kilka godzin trwa\u0142y czynno\u015bci dochodzeniowe, kt\u00f3re mia\u0142y ustali\u0107, w jakich okoliczno\u015bciach dosz\u0142o do tragedii.<\/p>\n<p>        Wyszed\u0142 z domu i znikn\u0105\u0142. Wieczorem ojciec znalaz\u0142 jego rower<\/p>\n<p class=\"article-p\" data-section=\"detail-body\">Jak ustali\u0142 &#8222;Fakt&#8221;, ofiara to 38-letni mieszkaniec Tarnowa. W poniedzia\u0142ek po po\u0142udniu m\u0119\u017cczyzna wyszed\u0142 z domu. Jego ojciec powiedzia\u0142 potem mundurowym, \u017ce nie by\u0142 to pierwszy raz, kiedy <a href=\"https:\/\/www.fakt.pl\/wydarzenia\/polska\/trojmiasto\/slupsk-final-poszukiwan-14-latka-policja-przekazala-informacje\/d0ynkqg\" id=\"99cdad1e-e71f-4681-8e0d-1a60c5d0bed4\" rel=\"nofollow noopener\" target=\"_blank\">znika\u0142 bez s\u0142owa.<\/a><\/p>\n<p class=\"article-p\" data-section=\"detail-body\">Wieczorem zaniepokojony ojciec <a href=\"https:\/\/www.fakt.pl\/wydarzenia\/polska\/slask\/znikniecie-11-latki-nowe-fakty-w-sprawie-karola-b\/pkd28wf\" id=\"a353894a-7929-4528-81d0-b33eb1c39a62\" rel=\"nofollow noopener\" target=\"_blank\">rozpocz\u0105\u0142 poszukiwania <\/a>na w\u0142asn\u0105 r\u0119k\u0119. W rejonie ulicy Klikowskiej znalaz\u0142 rower syna, ale samego 38-latka nigdzie nie by\u0142o. Mimo to nie zawiadomi\u0142 s\u0142u\u017cb.<\/p>\n<p class=\"article-p\" data-section=\"detail-body\">Dopiero we wtorek rano wr\u00f3ci\u0142 w to samo miejsce. Tym razem zauwa\u017cy\u0142 co\u015b w wodzie. Cia\u0142o syna znajdowa\u0142o si\u0119 w potoku, niedaleko miejsca, gdzie le\u017ca\u0142 rower. M\u0119\u017cczyzna natychmiast wezwa\u0142 pomoc.<\/p>\n<p>        Policja: To m\u00f3g\u0142 by\u0107 nieszcz\u0119\u015bliwy wypadek<\/p>\n<p class=\"article-p\" data-section=\"detail-body\">Z nieoficjalnych informacji wynika, \u017ce cia\u0142o znajdowa\u0142o si\u0119 w wodzie ju\u017c kilka godzin. Wst\u0119pnie wykluczono udzia\u0142 os\u00f3b trzecich \u2014 m\u00f3wi asp. Kamil W\u00f3jcik, rzecznik Komendy Miejskiej Policji w Tarnowie, w rozmowie z &#8222;Faktem&#8221;.<\/p>\n<p class=\"article-p\" data-section=\"detail-body\">\u015aledczy bior\u0105 pod uwag\u0119, \u017ce dosz\u0142o do <a href=\"https:\/\/wiadomosci.onet.pl\/poznan\/tragedia-na-s5-pod-poznaniem-nie-zyje-kierowca-lezal-przy-aucie-na-poboczu\/w8dxmxd\" id=\"12a27ce2-f9ea-414f-b4f7-963cd062a814\" rel=\"nofollow noopener\" target=\"_blank\">nieszcz\u0119\u015bliwego wypadku. <\/a>M\u0119\u017cczyzna m\u00f3g\u0142 wpa\u015b\u0107 do potoku po zmroku, straci\u0107 przytomno\u015b\u0107, po\u015blizgn\u0105\u0107 si\u0119 albo zas\u0142abn\u0105\u0107.<\/p>\n<p class=\"article-p\" data-section=\"detail-body\">Dok\u0142adne przyczyny \u015bmierci ma wyja\u015bni\u0107 sekcja zw\u0142ok. Spraw\u0105 zajmuje si\u0119 prokuratura.<\/p>\n<p>        \/4<\/p>\n<p>                    <img decoding=\"async\" class=\"article-image-img\" loading=\"lazy\" alt=\"\" src=\"https:\/\/www.europesays.com\/pl\/wp-content\/uploads\/2025\/11\/Vc-k9kuTURBXy80MzBhYmY4Ni05YTUxLTQzNDEtYThmYi00NjFjN2E1MDU2MWIuanBlZ5GTAs0DSM0B2N4AAqEwAaExAQ.jpeg\" width=\"840\" height=\"472\"\/><\/p>\n<p>                  112Tarn\u00f3w.pl &#8211; Tarnowski Portal Ratowniczy \/ Facebook<\/p>\n<p class=\"article-gallery-p\">\n        To tu, przy tym potoku, ojciec 38-latka dokona\u0142 makabrycznego odkrycia.\n    <\/p>\n<p>        \/4<\/p>\n<p>                    <img decoding=\"async\" class=\"article-image-img\" loading=\"lazy\" alt=\"\" src=\"https:\/\/www.europesays.com\/pl\/wp-content\/uploads\/2025\/11\/PMzk9kuTURBXy9jOTk5N2RhZi1mNDJiLTRhZWQtOGI3MC0zZDgxZGUzMzhmMDQuanBlZ5GTAs0DSM0B2N4AAqEwAaExAQ.jpeg\" width=\"840\" height=\"472\"\/><\/p>\n<p>                  112Tarn\u00f3w.pl &#8211; Tarnowski Portal Ratowniczy \/ Facebook<\/p>\n<p class=\"article-gallery-p\">\n        Potok, w kt\u00f3rym znaleziono cia\u0142o m\u0119\u017cczyzny. T\u0119dy prowadzi\u0142a jego ostatnia droga.\n    <\/p>\n","protected":false},"excerpt":{"rendered":"Do makabrycznego odkrycia dosz\u0142o we worek, 18 listopada, w rejonie ul. Klikowskiej w Tarnowie. Na miejsce wezwano policj\u0119,&hellip;\n","protected":false},"author":2,"featured_media":107267,"comment_status":"","ping_status":"","sticky":false,"template":"","format":"standard","meta":{"footnotes":""},"categories":[5],"tags":[32,33,36,37,27,34,35,28,31,25,42,38,40,39,41,29,30,26],"class_list":{"0":"post-107266","1":"post","2":"type-post","3":"status-publish","4":"format-standard","5":"has-post-thumbnail","7":"category-naglowki","8":"tag-breaking-news","9":"tag-breakingnews","10":"tag-featured-news","11":"tag-featurednews","12":"tag-headlines","13":"tag-latest-news","14":"tag-latestnews","15":"tag-naglowki","16":"tag-najwazniejsze-artykuly","17":"tag-news","18":"tag-pl","19":"tag-poland","20":"tag-polish","21":"tag-polska","22":"tag-polski","23":"tag-top-stories","24":"tag-topstories","25":"tag-wiadomosci"},"share_on_mastodon":{"url":"https:\/\/pubeurope.com\/@pl\/115571447930373774","error":""},"_links":{"self":[{"href":"https:\/\/www.europesays.com\/pl\/wp-json\/wp\/v2\/posts\/107266","targetHints":{"allow":["GET"]}}],"collection":[{"href":"https:\/\/www.europesays.com\/pl\/wp-json\/wp\/v2\/posts"}],"about":[{"href":"https:\/\/www.europesays.com\/pl\/wp-json\/wp\/v2\/types\/post"}],"author":[{"embeddable":true,"href":"https:\/\/www.europesays.com\/pl\/wp-json\/wp\/v2\/users\/2"}],"replies":[{"embeddable":true,"href":"https:\/\/www.europesays.com\/pl\/wp-json\/wp\/v2\/comments?post=107266"}],"version-history":[{"count":0,"href":"https:\/\/www.europesays.com\/pl\/wp-json\/wp\/v2\/posts\/107266\/revisions"}],"wp:featuredmedia":[{"embeddable":true,"href":"https:\/\/www.europesays.com\/pl\/wp-json\/wp\/v2\/media\/107267"}],"wp:attachment":[{"href":"https:\/\/www.europesays.com\/pl\/wp-json\/wp\/v2\/media?parent=107266"}],"wp:term":[{"taxonomy":"category","embeddable":true,"href":"https:\/\/www.europesays.com\/pl\/wp-json\/wp\/v2\/categories?post=107266"},{"taxonomy":"post_tag","embeddable":true,"href":"https:\/\/www.europesays.com\/pl\/wp-json\/wp\/v2\/tags?post=107266"}],"curies":[{"name":"wp","href":"https:\/\/api.w.org\/{rel}","templated":true}]}}