{"id":107373,"date":"2025-11-18T16:49:09","date_gmt":"2025-11-18T16:49:09","guid":{"rendered":"https:\/\/www.europesays.com\/pl\/107373\/"},"modified":"2025-11-18T16:49:09","modified_gmt":"2025-11-18T16:49:09","slug":"pielegniarki-wyszly-ze-spotkania-z-minister-zdrowia-mowia-o-protescie","status":"publish","type":"post","link":"https:\/\/www.europesays.com\/pl\/107373\/","title":{"rendered":"Piel\u0119gniarki wysz\u0142y ze spotkania z minister zdrowia. M\u00f3wi\u0105 o prote\u015bcie"},"content":{"rendered":"<p class=\"article-p\" data-section=\"detail-body\">Ministerstwo Zdrowia chce zmian w przepisach o minimalnym wynagrodzeniu w ochronie zdrowia. Proponuje nowy mechanizm, kt\u00f3ry ograniczy\u0142by podwy\u017cki dla lekarzy, ale i piel\u0119gniarek. Jak przekonuje resort zdrowia to m.in. rosn\u0105ce wydatki na wynagrodzenia bran\u017cy medycznej drenuj\u0105 kas\u0119 Narodowego Funduszu Zdrowia. Zgodnie z nowymi przepisami, maksymalne wynagrodzenie nie mog\u0142oby przekroczy\u0107 10-krotno\u015bci minimalnego wynagrodzenia \u2014 czyli ok. 48 tys. z\u0142. Zmiany mia\u0142yby dotyczy\u0107 nie tylko lekarzy, ale i piel\u0119gniarek.<\/p>\n<p>        Spotkanie w sprawie podwy\u017cek w ochronie zdrowia. Gdzie jest Ministerstwo Finans\u00f3w?<\/p>\n<p class=\"article-p\" data-section=\"detail-body\">We wtorek, 18 listopada, odby\u0142o si\u0119 posiedzenie Tr\u00f3jstronnego Zespo\u0142u ds. Ochrony Zdrowia \u2014 zasiadaj\u0105 w nim opr\u00f3cz strony rz\u0105dowej, przedstawiciele zwi\u0105zk\u00f3w zawodowych i pracodawc\u00f3w. Podczas spotkania mia\u0142by by\u0107 omawiane dwa punty: kwestia nowej ustawy &#8222;podwy\u017ckowej&#8221;, czyli zmian w wynagrodzeniach kadry medycznej oraz finansowania nadwykona\u0144 z II i III kwarta\u0142u \u2014 czyli zaleg\u0142o\u015bci w p\u0142atno\u015bciach wobec szpitali. I cho\u0107 chodzi o wielkie pieni\u0105dze, na spotkaniu nie pojawi\u0142 si\u0119 nikt z Ministerstwa Finans\u00f3w. \u2014 Zostali\u015bmy tylko &#8222;zaszczyceni&#8221; pismem wiceminister finans\u00f3w Hanny Majszczyk, w kt\u00f3rym poinformowa\u0142a o rezygnacji z obecnych przepis\u00f3w o minimalnym wynagrodzeniu \u2014 opowiada &#8222;Faktowi&#8221; Krystyna Ptok, szefowa OZZPiP. Podczas spotkania z rz\u0105dem reprezentowa\u0142a Forum Zwi\u0105zk\u00f3w Zawodowych, kt\u00f3re zrzesza tak\u017ce kadry medyczne.<\/p>\n<p class=\"article-p\" data-section=\"detail-body\"><a href=\"https:\/\/www.fakt.pl\/pieniadze\/limit-do-48-tys-zl-miesiecznie-rzad-chce-ograniczyc-wynagrodzenia-lekarzy\/cpe1jxz\" id=\"29981a53-1512-4cd3-9ed2-d3d2444108bb\" rel=\"nofollow noopener\" target=\"_blank\">Rz\u0105d szykuje limit zarobk\u00f3w dla lekarzy. To koniec pensji po 250 tys. z\u0142<\/a><\/p>\n<p>        Piel\u0119gniarki wysz\u0142y ze spotkania z minister zdrowia. &#8222;Pozorowany dialog&#8221;<\/p>\n<p class=\"article-p\" data-section=\"detail-body\">Jak m\u00f3wi &#8222;Faktowi&#8221; zwi\u0105zki zawodowe piel\u0119gniarek i po\u0142o\u017cnych od wakacji przedstawiaj\u0105 swoje propozycje zmian systemowych. \u2014 Ostatnim ruchem powinny by\u0107 zmiany w wynagrodzeniach pracownik\u00f3w \u2014 m\u00f3wi Krystyna Ptok. \u2014 Chcemy np. wiedzie\u0107, jaka grupa obecnie nie op\u0142aca sk\u0142adki zdrowotnej. Skoro wszyscy solidarnie korzystamy z ochrony zdrowia, solidarnie powinni\u015bmy te\u017c na ni\u0105 p\u0142aci\u0107. Od trzech miesi\u0119cy nie dostali\u015bmy odpowiedzi na nasze pytania \u2014 wskazuje.<\/p>\n<p class=\"article-p\" data-section=\"detail-body\">Skoro rz\u0105d nie udzieli\u0142 informacji stronie zwi\u0105zkowej, ta wyst\u0105pi\u0142a o przerw\u0119 w obradach. Jednak ich wniosek nie zyska\u0142 wi\u0119kszo\u015bci. W tej sytuacji zwi\u0105zkowcy zdecydowali si\u0119 opu\u015bci\u0107 obrady. \u2014 Nie ma naszej zgody na pozorowany dialog, na konfliktowanie pracownik\u00f3w ochrony zdrowia i pacjent\u00f3w \u2014 m\u00f3wi Krystyna Ptok.<\/p>\n<p>        Piel\u0119gniarki: 20 lat walki o godne pensje<\/p>\n<p class=\"article-p\" data-section=\"detail-body\">Jak dodaje, \u015brodowiska piel\u0119gniarek i opiekun\u00f3w medycznych nie zgadzaj\u0105 si\u0119 na zmiany w wynagrodzeniach. \u2014 20 lat walczyli\u015bmy, by wynagrodzenia by\u0142y na godnym poziomie. W 2017 r. cz\u0119\u015b\u0107 piel\u0119gniarek zarabia\u0142o mniej ni\u017c najni\u017csza krajowa, przez to system kadr zacz\u0105\u0142 si\u0119 wali\u0107. W ostatnich latach uda\u0142o si\u0119 kadry nieco odbudowa\u0107 \u2014 m\u00f3wi Krystyna Ptok. Jak podkre\u015bla, wci\u0105\u017c jeste\u015bmy w ogonie \u2014 mamy 5,7 piel\u0119gniarki na 1000 mieszka\u0144c\u00f3w, podczas gdy w Europie \u015brednia to 8,7 na 1000 mieszka\u0144c\u00f3w. \u2014 Je\u015bli nie utrzymamy tego tempa wynagrodze\u0144, czeka nas zapa\u015b\u0107 w opiece zdrowotnej. Rozwi\u0105zaniem problem\u00f3w w ochronie zdrowia nie mo\u017ce by\u0107 si\u0119ganie do portfeli pracuj\u0105cej kadry \u2014 m\u00f3wi szefowa OZZPiP.<\/p>\n<p>        B\u0119dzie wielki protest w ochronie zdrowia?<\/p>\n<p class=\"article-p\" data-section=\"detail-body\">Jak podkre\u015bla, w\u015br\u00f3d cz\u0142onk\u00f3w Forum Zwi\u0105zk\u00f3w Zawodowych, kt\u00f3re ma najwi\u0119ksz\u0105 reprezentacj\u0119 zawod\u00f3w medycznych w swoich strukturach, coraz g\u0142o\u015bniej s\u0142ycha\u0107 g\u0142osy sprzeciwu przeciw takiemu podej\u015bciu rz\u0105du.<\/p>\n<p class=\"article-p\" data-section=\"detail-body\">\u2014 Cz\u0142onkowie m\u00f3wi\u0105 nam, \u017ce je\u015bli pani minister zdrowia chce, to zorganizuj\u0105 jeszcze wi\u0119kszy protest, ni\u017c by\u0142 w 2021 r. Wtedy na ulice wysz\u0142o 40 tys. pracownik\u00f3w ochrony zdrowia. Jak podkre\u015blaj\u0105, nie trzeba b\u0119dzie ich do takiego protestu wo\u0142a\u0107 \u2014 m\u00f3wi Krystyna Ptok.<\/p>\n<p>        Skromniejsze podwy\u017cki dla piel\u0119gniarek<\/p>\n<p class=\"article-p\" data-section=\"detail-body\">Z szacunk\u00f3w Ministerstwa Zdrowia, po wej\u015bciu nowej ustawy podwy\u017ckowej, p\u0142ace w ochronie zdrowia mia\u0142yby rosn\u0105\u0107 tak, jak w sferze bud\u017cetowej (w przysz\u0142ym roku o 3 proc.). To o wiele wolniej, ni\u017c pozwala\u0142yby na to obecne przepisy. Teraz wyp\u0142aty zale\u017c\u0105 od wzrostu przeci\u0119tnego wynagrodzenia.<\/p>\n<p class=\"article-p\" data-section=\"detail-body\">I tak obecnie minimalne wynagrodzenie:<\/p>\n<p class=\"article-p\" data-section=\"detail-body\">\u2022 piel\u0119gniarki\/po\u0142o\u017cne z wymaganym wy\u017cszym wykszta\u0142ceniem na poziomie magisterskim; piel\u0119gniarki\/po\u0142o\u017cnej z wymaganym wy\u017cszym wykszta\u0142ceniem (studia I stopnia) i specjalizacj\u0105 albo piel\u0119gniarki\/po\u0142o\u017cnej ze \u015brednim wykszta\u0142ceniem i specjalizacj\u0105<\/p>\n<p class=\"article-p\" data-section=\"detail-body\">\u2014 to 8345,35 z\u0142 brutto,<\/p>\n<p class=\"article-p\" data-section=\"detail-body\">\u2014 w przysz\u0142ym roku, gdyby utrzymano obecne przepisy \u2014 wynagrodzenie mog\u0142oby wzrosn\u0105\u0107 do 10,5 tys. z\u0142 brutto,<\/p>\n<p class=\"article-p\" data-section=\"detail-body\">\u2014 gdyby wesz\u0142a w \u017cycie forsowana przez resort rodziny ustawa &#8222;podwy\u017ckowa&#8221; \u2014 wynagrodzenie wzros\u0142oby do 9736,20 z\u0142,<\/p>\n<ul class=\"article-ul\">\n<li>piel\u0119gniarki\/po\u0142o\u017cnej z wymaganym wy\u017cszym wykszta\u0142ceniem na poziomie studi\u00f3w I stopnia; piel\u0119gniarki albo po\u0142o\u017cnej z wymaganym \u015brednim wykszta\u0142ceniem, kt\u00f3ra nie posiada tytu\u0142u specjalisty w dziedzinie piel\u0119gniarstwa lub dziedzinie maj\u0105cej zastosowanie w ochronie zdrowia<\/li>\n<\/ul>\n<p class=\"article-p\" data-section=\"detail-body\">\u2014 to obecnie 7690,82 z\u0142 brutto,<\/p>\n<p class=\"article-p\" data-section=\"detail-body\">\u2014 w przysz\u0142ym roku, gdyby utrzymano obecne przepisy, wynagrodzenie mog\u0142oby wzrosn\u0105\u0107 do 9,5 tys. z\u0142 brutto,<\/p>\n<p class=\"article-p\" data-section=\"detail-body\">\u2014 gdyby wesz\u0142a w \u017cycie forsowana przez resort rodziny ustawa &#8222;podwy\u017ckowa&#8221;, wynagrodzenie wzros\u0142oby do 8918,07 z\u0142.<\/p>\n<p class=\"article-p\" data-section=\"detail-body\"><a href=\"https:\/\/www.fakt.pl\/pieniadze\/szpital-w-kaliszu-tonie-w-dlugach-czterech-lekarzy-zarabia-10-milionow-zl-rocznie\/ktfe70z\" id=\"a338c9e0-d978-43d7-9715-3f01960dec2b\" rel=\"nofollow noopener\" target=\"_blank\">W szpitalu bieda i d\u0142ugi, a czterech lekarzy zgarnia 10 milion\u00f3w z\u0142. &#8222;Taka chora sytuacja wci\u0105\u017c trwa&#8221;<\/a><\/p>\n<p>        \/3<\/p>\n<p>                    <img decoding=\"async\" class=\"article-image-img\" loading=\"lazy\" alt=\"\" src=\"https:\/\/www.europesays.com\/pl\/wp-content\/uploads\/2025\/11\/2TXk9kuTURBXy9lMzVhYTgwZi00NmY4LTQyODAtOGQxMC0xZDc3YjgzMGEwNmIuanBlZ5GTAs0DSM0B2N4AAqEwAaExAQ.jpeg\" width=\"840\" height=\"472\"\/><\/p>\n<p>                  Materia\u0142y redakcyjne<\/p>\n<p class=\"article-gallery-p\">\n        Minister zdrowia Jolanta Sobiera\u0144ska-Grenda chce zlikwidowa\u0107 przepisy, kt\u00f3re dzi\u015b pozwalaj\u0105 na szybki wzrost pensji w ochronie zdrowia. Powodem jest dziura w NFZ.\n    <\/p>\n<p>        \/3<\/p>\n<p>                    <img decoding=\"async\" class=\"article-image-img\" loading=\"lazy\" alt=\"\" src=\"https:\/\/www.europesays.com\/pl\/wp-content\/uploads\/2025\/11\/X6Sk9kuTURBXy83MjRlZjVmMi04YTQxLTQ4YjItYThmNS1mNTc0Y2M5ZTdkYWIuanBlZ5GTAs0DSM0CL94AAqEwAaExAQ.jpeg\" width=\"840\" height=\"559\"\/><\/p>\n<p>                  Rafa\u0142 Klimkiewicz \/ Edytor<\/p>\n<p class=\"article-gallery-p\">\n        Krystyna Prok szefowa Og\u00f3lnopolskiego Zwi\u0105zku Zawodowego Piel\u0119gniarek i Po\u0142o\u017cnych m\u00f3wi, \u017ce jest otwarta na prawdziwy dialog, nie pozorowane rozmowy.\n    <\/p>\n","protected":false},"excerpt":{"rendered":"Ministerstwo Zdrowia chce zmian w przepisach o minimalnym wynagrodzeniu w ochronie zdrowia. Proponuje nowy mechanizm, kt\u00f3ry ograniczy\u0142by podwy\u017cki&hellip;\n","protected":false},"author":2,"featured_media":107374,"comment_status":"","ping_status":"","sticky":false,"template":"","format":"standard","meta":{"footnotes":""},"categories":[12],"tags":[32,33,36,37,27,34,35,28,31,25,42,38,40,39,41,29,30,26],"class_list":{"0":"post-107373","1":"post","2":"type-post","3":"status-publish","4":"format-standard","5":"has-post-thumbnail","7":"category-polska","8":"tag-breaking-news","9":"tag-breakingnews","10":"tag-featured-news","11":"tag-featurednews","12":"tag-headlines","13":"tag-latest-news","14":"tag-latestnews","15":"tag-naglowki","16":"tag-najwazniejsze-artykuly","17":"tag-news","18":"tag-pl","19":"tag-poland","20":"tag-polish","21":"tag-polska","22":"tag-polski","23":"tag-top-stories","24":"tag-topstories","25":"tag-wiadomosci"},"share_on_mastodon":{"url":"https:\/\/pubeurope.com\/@pl\/115571731088906839","error":""},"_links":{"self":[{"href":"https:\/\/www.europesays.com\/pl\/wp-json\/wp\/v2\/posts\/107373","targetHints":{"allow":["GET"]}}],"collection":[{"href":"https:\/\/www.europesays.com\/pl\/wp-json\/wp\/v2\/posts"}],"about":[{"href":"https:\/\/www.europesays.com\/pl\/wp-json\/wp\/v2\/types\/post"}],"author":[{"embeddable":true,"href":"https:\/\/www.europesays.com\/pl\/wp-json\/wp\/v2\/users\/2"}],"replies":[{"embeddable":true,"href":"https:\/\/www.europesays.com\/pl\/wp-json\/wp\/v2\/comments?post=107373"}],"version-history":[{"count":0,"href":"https:\/\/www.europesays.com\/pl\/wp-json\/wp\/v2\/posts\/107373\/revisions"}],"wp:featuredmedia":[{"embeddable":true,"href":"https:\/\/www.europesays.com\/pl\/wp-json\/wp\/v2\/media\/107374"}],"wp:attachment":[{"href":"https:\/\/www.europesays.com\/pl\/wp-json\/wp\/v2\/media?parent=107373"}],"wp:term":[{"taxonomy":"category","embeddable":true,"href":"https:\/\/www.europesays.com\/pl\/wp-json\/wp\/v2\/categories?post=107373"},{"taxonomy":"post_tag","embeddable":true,"href":"https:\/\/www.europesays.com\/pl\/wp-json\/wp\/v2\/tags?post=107373"}],"curies":[{"name":"wp","href":"https:\/\/api.w.org\/{rel}","templated":true}]}}