{"id":107390,"date":"2025-11-18T16:59:08","date_gmt":"2025-11-18T16:59:08","guid":{"rendered":"https:\/\/www.europesays.com\/pl\/107390\/"},"modified":"2025-11-18T16:59:08","modified_gmt":"2025-11-18T16:59:08","slug":"karolina-gilon-poszla-z-partnerem-na-terapie-dla-par-mowi-o-kryzysie","status":"publish","type":"post","link":"https:\/\/www.europesays.com\/pl\/107390\/","title":{"rendered":"Karolina Gilon posz\u0142a z partnerem na terapi\u0119 dla par. M\u00f3wi o kryzysie"},"content":{"rendered":"<p class=\"art_paragraph\"><a href=\"https:\/\/www.plotek.pl\/karolina-gilon\" class=\"art_link\" rel=\"dofollow noopener\" target=\"_blank\">Karolina Gilon<\/a> jest <a href=\"https:\/\/www.plotek.pl\/plotek\/7,195990,30605045,wiemy-kim-jest-chlopak-karoliny-gilon-to-uczestnik-love-island.html\" class=\"art_link\" rel=\"dofollow noopener\" target=\"_blank\">w zwi\u0105zku z\u00a0Mateuszem \u015awierczy\u0144skim z si\u00f3dmej edycji &#8222;Love Island&#8221;<\/a>. O tym, \u017ce si\u0119 spotykaj\u0105, celebrytka wspomina\u0142a ju\u017c w listopadzie 2023 roku. &#8222;Jeste\u015bmy w sobie zakochani. Wiem, \u017ce przetrwamy wszystko. (\u2026) Skupiamy si\u0119 na sobie. Sami jeste\u015bmy zaskoczeni, \u017ce si\u0119 w sobie zakochali\u015bmy. Jeste\u015bmy w szoku. To by\u0142a prawdziwa strza\u0142a Amora. Ja si\u0119 zakocha\u0142am po uszy&#8221; -powiedzia\u0142a modelka w rozmowie z Pudelkiem. Teraz Gilon poinformowa\u0142a fan\u00f3w za pomoc\u0105 medi\u00f3w spo\u0142eczno\u015bciowych, \u017ce ona\u00a0i \u015awierczy\u0144ski wybieraj\u0105 si\u0119 na terapi\u0119 dla par.\u00a0<\/p>\n<p>\n    Zobacz wideo Podzieli\u0142 si\u0119 szczerym wyznaniem\n  <\/p>\n<p> Karolina Gilon o terapii dla par. &#8222;Kryzys w zwi\u0105zku, szczeg\u00f3lnie gdy pojawia si\u0119 dziecko, to normalna sprawa&#8221;<\/p>\n<p class=\"art_paragraph\">31 stycznia Karolina Gilon i Mateusz\u00a0i \u015awierczy\u0144ski powitali na \u015bwiecie syna Franka. Celebrytka\u00a0od tego momentu ch\u0119tnie relacjonuje na Instagramie now\u0105 rzeczywisto\u015b\u0107.<a href=\"https:\/\/www.plotek.pl\/plotek\/7,195992,32323183,karolina-gilon-pokazala-niepublikowane-zdjecie-zrobione-tuz.html\" class=\"art_link\" rel=\"dofollow noopener\" target=\"_blank\"> Nie lukruje jej przy tym, ukazuj\u0105c blaski i cienie macierzy\u0144stwa.<\/a> Teraz poruszy\u0142a z kolei inny problem. Przyzna\u0142a, \u017ce po narodzinach syna zar\u00f3wno ona jak i jej partner potrzebuj\u0105 terapii dla par.\u00a0<\/p>\n<blockquote class=\"art_blockquote\"><p>Tak wygl\u0105da dwoje ludzi, id\u0105cych na terapi\u0119 dla par. Kryzys w zwi\u0105zku, szczeg\u00f3lnie gdy pojawia si\u0119 dziecko, to normalna sprawa. \u017bycie zmienia si\u0119 o 180 stopni. Zm\u0119czenie, frustracja, mniej czasu dla siebie, napi\u0119cie, nowe obowi\u0105zki, chaos &#8211; a do tego jeste\u015bmy tu z tym sami<\/p><\/blockquote>\n<p class=\"art_paragraph\">&#8211; napisa\u0142a. Na tym nie koniec, bo doda\u0142a, co jeszcze sk\u0142oni\u0142o j\u0105, by si\u0119gn\u0105\u0107 po pomoc eksperta.\u00a0&#8222;Drobne rzeczy potrafi\u0105 si\u0119 przerodzi\u0107 w du\u017ce emocje. Czasem ci\u0119\u017cko nam ze sob\u0105 spokojnie rozmawia\u0107. Nikt nikogo nie chce krzywdzi\u0107, a mimo to krzywdzi, bo mamy swoje deficyty: traumy, do\u015bwiadczenia, zakodowane wyobra\u017cenia o m\u0119\u017cczy\u017anie i kobiecie&#8221; &#8211; przekaza\u0142a.<\/p>\n<p> Karolina Gilon:\u00a0Terapia to nie wstyd<\/p>\n<p class=\"art_paragraph\">Gilon w opublikowanym na Instagramie nagraniu podkre\u015bli\u0142a, \u017ce jej zwi\u0105zek wcale si\u0119 nie sypie. Terapia ma jednak umocni\u0107 jej relacj\u0119 z ukochanym.\u00a0&#8222;Idziemy na terapi\u0119 nie dlatego, \u017ce si\u0119 sypie, tylko dlatego, by si\u0119 nie posypa\u0142o! By si\u0119 lepiej s\u0142ysze\u0107 i jeszcze lepiej rozumie\u0107. By nauczy\u0107 si\u0119 m\u00f3wi\u0107 g\u0142o\u015bno, ale bez napi\u0119cia. \u017beby pozby\u0107 si\u0119 obaw i l\u0119k\u00f3w, kt\u00f3re ci\u0105gnie za nami przesz\u0142o\u015b\u0107. Przesz\u0142am dwuletni\u0105 terapi\u0119 indywidualn\u0105&#8230; Dzi\u0119ki niej w ko\u0144cu potrafi\u0142am stworzy\u0107 zdrow\u0105 relacj\u0119. Ciesz\u0119 si\u0119, \u017ce teraz idziemy na ni\u0105 razem. \u017be mamy odwag\u0119 rozmawia\u0107 o trudnych rzeczach, bo tylko to sprawi, \u017ce b\u0119dziemy jeszcze szcz\u0119\u015bliwsi&#8221; &#8211; zaznaczy\u0142a.\u00a0Wida\u0107 te\u017c, \u017ce 35-latka chce prze\u0142ama\u0107 tabu i publicznie m\u00f3wi\u0107 o terapii.\u00a0&#8222;Terapia to nie wstyd. A proszenie o pomoc to forma si\u0142y, a nie s\u0142abo\u015bci. Dobre partnerstwo to podstawa dobrego rodzicielstwa&#8221; &#8211; mogli\u015bmy przeczyta\u0107.<\/p>\n","protected":false},"excerpt":{"rendered":"Karolina Gilon jest w zwi\u0105zku z\u00a0Mateuszem \u015awierczy\u0144skim z si\u00f3dmej edycji &#8222;Love Island&#8221;. O tym, \u017ce si\u0119 spotykaj\u0105, celebrytka&hellip;\n","protected":false},"author":2,"featured_media":107391,"comment_status":"","ping_status":"","sticky":false,"template":"","format":"standard","meta":{"footnotes":""},"categories":[22],"tags":[122,42,38,40,39,41,123],"class_list":{"0":"post-107390","1":"post","2":"type-post","3":"status-publish","4":"format-standard","5":"has-post-thumbnail","7":"category-rozrywka","8":"tag-entertainment","9":"tag-pl","10":"tag-poland","11":"tag-polish","12":"tag-polska","13":"tag-polski","14":"tag-rozrywka"},"share_on_mastodon":{"url":"https:\/\/pubeurope.com\/@pl\/115571770405620455","error":""},"_links":{"self":[{"href":"https:\/\/www.europesays.com\/pl\/wp-json\/wp\/v2\/posts\/107390","targetHints":{"allow":["GET"]}}],"collection":[{"href":"https:\/\/www.europesays.com\/pl\/wp-json\/wp\/v2\/posts"}],"about":[{"href":"https:\/\/www.europesays.com\/pl\/wp-json\/wp\/v2\/types\/post"}],"author":[{"embeddable":true,"href":"https:\/\/www.europesays.com\/pl\/wp-json\/wp\/v2\/users\/2"}],"replies":[{"embeddable":true,"href":"https:\/\/www.europesays.com\/pl\/wp-json\/wp\/v2\/comments?post=107390"}],"version-history":[{"count":0,"href":"https:\/\/www.europesays.com\/pl\/wp-json\/wp\/v2\/posts\/107390\/revisions"}],"wp:featuredmedia":[{"embeddable":true,"href":"https:\/\/www.europesays.com\/pl\/wp-json\/wp\/v2\/media\/107391"}],"wp:attachment":[{"href":"https:\/\/www.europesays.com\/pl\/wp-json\/wp\/v2\/media?parent=107390"}],"wp:term":[{"taxonomy":"category","embeddable":true,"href":"https:\/\/www.europesays.com\/pl\/wp-json\/wp\/v2\/categories?post=107390"},{"taxonomy":"post_tag","embeddable":true,"href":"https:\/\/www.europesays.com\/pl\/wp-json\/wp\/v2\/tags?post=107390"}],"curies":[{"name":"wp","href":"https:\/\/api.w.org\/{rel}","templated":true}]}}