{"id":107421,"date":"2025-11-18T17:25:10","date_gmt":"2025-11-18T17:25:10","guid":{"rendered":"https:\/\/www.europesays.com\/pl\/107421\/"},"modified":"2025-11-18T17:25:10","modified_gmt":"2025-11-18T17:25:10","slug":"nietypowe-sceny-podczas-pogrzebu-policja-wyniosla-z-kosciola-trumne-z-cialem-66-latka-onet","status":"publish","type":"post","link":"https:\/\/www.europesays.com\/pl\/107421\/","title":{"rendered":"Nietypowe sceny podczas pogrzebu. Policja wynios\u0142a z ko\u015bcio\u0142a trumn\u0119 z cia\u0142em 66-latka &#8211; Onet"},"content":{"rendered":"<ol>\n<li><a href=\"https:\/\/news.google.com\/rss\/articles\/CBMiwgFBVV95cUxPUzkxTmNXdGZtT3l0emRGd1BJa2Y5cTVGeWw5S0M1UDA3VWk0QUlmSkVySldEdVB4S3dQVjNiaTY1UElXNzEyZG9tMnJzTGhCcUJoMVN5M3Vjb1JXRmxHQmYzMlZoenYwLTVWVHNoMjhVcWd1ekhPaXcza1lzcnlxb0ZCTUtVa19pUDh6dkJwbFkyOGZkcXdTZ2F6SHhDUmNpQUQ4RHJINnJZdTF5ZTdQM0ZwbHc3SDdJcG9mX0h5cmQzZw?oc=5\" target=\"_blank\" rel=\"nofollow noopener\">Nietypowe sceny podczas pogrzebu. Policja wynios\u0142a z ko\u015bcio\u0142a trumn\u0119 z cia\u0142em 66-latka<\/a>&nbsp;&nbsp;Onet<\/li>\n<li><a href=\"https:\/\/news.google.com\/rss\/articles\/CBMixwFBVV95cUxPTlpPZUd1bVVCdHhmaDYwTk5rZy1za0o5UjdzamdEblRXaXdsTWY2ekZLMWtQdjY4ckUyd002NGFlTnhsSzk0RmdPaUlXcGlUOXVLS2lrdElZSlNTQkVKNzNCZllObWtNd25fY0VlaUFuMjJKdk1rckE0TTNsd05Ra2xVY3U4Qmx3UFJTVGJxT0ZKYjBtZWJkUXRDbGJhUks4TWtIN1E5ZGM0U3dlY240bTFqaF9HZFRidFJKU1VqZkNmZkRJS0Jj?oc=5\" target=\"_blank\" rel=\"nofollow noopener\">Krasnystaw. Weszli do ko\u015bcio\u0142a i wynie\u015bli trumn\u0119 z cia\u0142em. Potrzebne by\u0142o przeprowadzenie sekcji<\/a>&nbsp;&nbsp;TVN24<\/li>\n<li><a href=\"https:\/\/news.google.com\/rss\/articles\/CBMisAFBVV95cUxPcEJYbDhOM3czb1RpbDJGUEpEN2p4cmVkNjNNdFk0RlVQckI3c2hJOENUeWdYVWNfd2l0RmtZQ2VTdnNXOHpKQkZQLVlaY2VVN0djaTBZb3FPS3M5WDZIZi1GWE9jSzI1ZW5sNHJaeUhWbjhpTEYtYkJwQldxZzBoVXNGZ1p4OXlxMl9uNnBmMk1xekNyWE5iTk0wRGZaWVl5Z202ZDZWNnFoWVA3bE9uSw?oc=5\" target=\"_blank\" rel=\"nofollow noopener\">Szok na pogrzebie w Krasnymstawie. Nagle zabrali trumn\u0119 z cia\u0142em zmar\u0142ego<\/a>&nbsp;&nbsp;Fakt<\/li>\n<li><a href=\"https:\/\/news.google.com\/rss\/articles\/CBMiswFBVV95cUxPU2hOaGtWa0ZiOGVGQk5oNHBhdDVURlRtbE5mUHdqRmNYcDY5M08zTEM3STJxZW5aVVZ2cWluRjFjX2paNWNISVZUeHl4RWxkWTRuNFBNUGRtRHVOZUs5V3QxOGNmWDlYNkRfOHotMk1fT0hMRm1LZ2dLMG4xMzRkXzZQY3p3UWdIQWVWQlcwZkRNWlJYbE1IOS02VEpmNXVpazRMQ3F1aWY2alpGU0UzbjIzTQ?oc=5\" target=\"_blank\" rel=\"nofollow noopener\">Pogrzeb pensjonariusza DPS przerwany. &#8222;Jest nam bardzo przykro&#8221;<\/a>&nbsp;&nbsp;RMF24<\/li>\n<li><a href=\"https:\/\/news.google.com\/rss\/articles\/CBMiqwFBVV95cUxPdWtMeS1MZFNla3pwdFlPMWRQN2JrREc4cFktb2UyNHY5T3hJQjU2MHM4NUFKbURkV3BHdWM0V2RIMjF3bjhpQW5wb1ZSWE8zV3U1M2dKcXN1cXllMjJLNGI2YkJfN1UxQi1TbFNWUTlJdnI0ckdhTUV2TU16U2FCdXUzcEtMc0h5VUs3ZVgtRjQ2TENEcmYyTHRCLXVXeFJjd3ZyeGJYMkFTakXSAagBQVVfeXFMUFRNS1RJQ3pBenUtU2toNXN2MHRoV2drRXdyOEJoQk95QmNlUG5oWE52QzlFa3lkRE0zalpXbDBPTWRtNDRoWDhXNTJJWGU3dzJrLTdnYXYtaUx6OTdVQTZ3VXdXdXdFUWltOHNrcGFxRzFPV1FWLU1uajZQakhaZ0dxNHdSYU5LdkNVWWtOaHhxRkhMZTlOWGs4UlFCYWNfWmxfMmN1eHg5?oc=5\" target=\"_blank\" rel=\"nofollow noopener\">Krasnystaw. Policjanci wynie\u015bli trumn\u0119 z cia\u0142em, zak\u0142\u00f3caj\u0105c pogrzeb<\/a>&nbsp;&nbsp;Wprost<\/li>\n<\/ol>\n","protected":false},"excerpt":{"rendered":"Nietypowe sceny podczas pogrzebu. Policja wynios\u0142a z ko\u015bcio\u0142a trumn\u0119 z cia\u0142em 66-latka&nbsp;&nbsp;Onet Krasnystaw. Weszli do ko\u015bcio\u0142a i wynie\u015bli&hellip;\n","protected":false},"author":2,"featured_media":107422,"comment_status":"","ping_status":"","sticky":false,"template":"","format":"standard","meta":{"footnotes":""},"categories":[5],"tags":[32,33,36,37,27,7758,34,35,28,31,53,25,52,68,51,55,42,393,38,251,40,39,41,47,29,30,50,26],"class_list":{"0":"post-107421","1":"post","2":"type-post","3":"status-publish","4":"format-standard","5":"has-post-thumbnail","7":"category-naglowki","8":"tag-breaking-news","9":"tag-breakingnews","10":"tag-featured-news","11":"tag-featurednews","12":"tag-headlines","13":"tag-krasnystaw","14":"tag-latest-news","15":"tag-latestnews","16":"tag-naglowki","17":"tag-najwazniejsze-artykuly","18":"tag-new_header","19":"tag-news","20":"tag-onet3","21":"tag-onet3d","22":"tag-onet3d_2i","23":"tag-phx","24":"tag-pl","25":"tag-pogrzeb","26":"tag-poland","27":"tag-policja_policjanci_policjant_policjantka_policjantki","28":"tag-polish","29":"tag-polska","30":"tag-polski","31":"tag-screening_general","32":"tag-top-stories","33":"tag-topstories","34":"tag-v2021","35":"tag-wiadomosci"},"share_on_mastodon":{"url":"https:\/\/pubeurope.com\/@pl\/115571872499453128","error":""},"_links":{"self":[{"href":"https:\/\/www.europesays.com\/pl\/wp-json\/wp\/v2\/posts\/107421","targetHints":{"allow":["GET"]}}],"collection":[{"href":"https:\/\/www.europesays.com\/pl\/wp-json\/wp\/v2\/posts"}],"about":[{"href":"https:\/\/www.europesays.com\/pl\/wp-json\/wp\/v2\/types\/post"}],"author":[{"embeddable":true,"href":"https:\/\/www.europesays.com\/pl\/wp-json\/wp\/v2\/users\/2"}],"replies":[{"embeddable":true,"href":"https:\/\/www.europesays.com\/pl\/wp-json\/wp\/v2\/comments?post=107421"}],"version-history":[{"count":0,"href":"https:\/\/www.europesays.com\/pl\/wp-json\/wp\/v2\/posts\/107421\/revisions"}],"wp:featuredmedia":[{"embeddable":true,"href":"https:\/\/www.europesays.com\/pl\/wp-json\/wp\/v2\/media\/107422"}],"wp:attachment":[{"href":"https:\/\/www.europesays.com\/pl\/wp-json\/wp\/v2\/media?parent=107421"}],"wp:term":[{"taxonomy":"category","embeddable":true,"href":"https:\/\/www.europesays.com\/pl\/wp-json\/wp\/v2\/categories?post=107421"},{"taxonomy":"post_tag","embeddable":true,"href":"https:\/\/www.europesays.com\/pl\/wp-json\/wp\/v2\/tags?post=107421"}],"curies":[{"name":"wp","href":"https:\/\/api.w.org\/{rel}","templated":true}]}}