{"id":107442,"date":"2025-11-18T17:42:13","date_gmt":"2025-11-18T17:42:13","guid":{"rendered":"https:\/\/www.europesays.com\/pl\/107442\/"},"modified":"2025-11-18T17:42:13","modified_gmt":"2025-11-18T17:42:13","slug":"wulkan-w-europie-sie-budzi-drugie-pompeje-nowe-badania","status":"publish","type":"post","link":"https:\/\/www.europesays.com\/pl\/107442\/","title":{"rendered":"Wulkan w Europie si\u0119 budzi. &#8222;Drugie Pompeje&#8221;, nowe badania"},"content":{"rendered":"<p>Wulkany w Europie i rosn\u0105ce zagro\u017cenie we W\u0142oszech. Pola Flegrejskie (Campi Flegrei), zlokalizowane tu\u017c przy Neapolu, jest wulkanem, kt\u00f3ry jest coraz aktywniejszy i grozi wybuchem. Mimo nowoczesnej technologii i ci\u0105g\u0142ego monitorowania, wci\u0105\u017c skrywa wiele tajemnic. Czy wulkan we W\u0142oszech szykuje si\u0119 do erupcji i b\u0119d\u0105 to &#8222;drugie Pompeje&#8221; i &#8222;europejskie Yellowstone&#8221;?<\/p>\n<ul class=\"list-summary__items summary\">\n<li>Jakie zagro\u017cenia niesie ze sob\u0105 aktywno\u015b\u0107 wulkanu Campi Flegrei<\/li>\n<li>Dlaczego naukowcy zaniepokojeni s\u0105 rosn\u0105c\u0105 sejsmiczno\u015bci\u0105 w Campi Flegrei<\/li>\n<li>Co zosta\u0142o odkryte dzi\u0119ki technologii i sztucznej inteligencji<\/li>\n<li>Kt\u00f3re obszary s\u0105 najbardziej nara\u017cone na katastrof\u0119 w przypadku erupcji<\/li>\n<\/ul>\n<p>    <a name=\"eztoc8083681_1\" id=\"eztoc8083681_1\"\/>W\u0142ochy. Wulkan Campi Flegrei wybuchnie?<\/p>\n<p>W\u0142ochy dr\u017c\u0105 przed <a href=\"https:\/\/www.planeta.pl\/nauka\/wlochy-zagrozone-wulkan-sie-budzi-drugie-pompeje\" target=\"_self\" rel=\"dofollow noopener\">wulkanem Campi Flegrei, <\/a><a href=\"https:\/\/www.planeta.pl\/nauka\/wlochy-zagrozone-wulkan-sie-budzi-drugie-pompeje\" target=\"_self\" rel=\"dofollow noopener\">nazywanym \u201ew\u0142oskim Yellowstone\u201d<\/a>. Dr\u017c\u0105 dos\u0142ownie, bo\u00a0Krajowy Instytut Geofizyki i Wulkanologii we W\u0142oszech informuje o rosn\u0105cej aktywno\u015bci sejsmicznej w rejonie P\u00f3l Flegrejskich.\u00a0<a href=\"https:\/\/www.planeta.pl\/nauka\/budzi-sie-slynny-wulkan-plany-ewakuacji-drugie-pompeje\" target=\"_self\" rel=\"dofollow noopener\">Mowa jest nawet o \u201edrugich Pompejach\u201d<\/a>. Ich aktywno\u015b\u0107 budzi niepok\u00f3j i mo\u017ce zwiastowa\u0107 erupcj\u0119.\u00a0Zagro\u017cenie jest powa\u017cne, <a href=\"https:\/\/www.planeta.pl\/nauka\/wulkan-sie-budzi-wlochy-zagrozone-gotowe-plany-ewakuacji\" target=\"_self\" rel=\"dofollow noopener\">gotowe s\u0105 ju\u017c nawet plany ewakuacji<\/a>. Tymczasem innowacyjne badania, przeprowadzone przez mi\u0119dzynarodowy zesp\u00f3\u0142 naukowc\u00f3w z wykorzystaniem sztucznej inteligencji, rzuci\u0142y nowe \u015bwiat\u0142o na procesy zachodz\u0105ce w g\u0142\u0119bi wulkanu.<\/p>\n<p>                    <img decoding=\"async\" data-ot-ignore=\"\" class=\" \" src=\"https:\/\/www.europesays.com\/pl\/wp-content\/uploads\/2025\/11\/Wlochy-Campi-Flegrei-trzesienie-ziemi.jpg\" alt=\"W\u0142ochy, Campi Flegrei, trz\u0119sienie ziemi\" data- title=\"W\u0142ochy, Campi Flegrei, trz\u0119sienie ziemi\" data-width=\"1200\" data-height=\"800\"\/><\/p>\n<p>            W\u0142ochy, Campi Flegrei, trz\u0119sienie ziemi<br \/>\n                Fot:<br \/>\n            Rex Features\/East News    <\/p>\n<p><a name=\"eztoc8083681_1_1\" id=\"eztoc8083681_1_1\"\/>Trz\u0119sienie ziemi we W\u0142oszech. Wulkan si\u0119 budzi?<\/p>\n<p>W\u0142osi w pobli\u017cu kaldery <a href=\"https:\/\/www.planeta.pl\/przyroda\/wlochy-pola-flegrejskie-wybuchna-wulkan-drugie-pompeje\" target=\"_self\" rel=\"dofollow noopener\">wulkanu Campi Flegrei<\/a>\u00a0coraz cz\u0119\u015bciej\u00a0<a href=\"https:\/\/www.planeta.pl\/newsy\/wulkan-we-wloszech-sie-budzi-drugi-wezuwiusz-ewakuacja\" target=\"_self\" rel=\"dofollow noopener\">odczuwaj\u0105 trz\u0119sienia ziemi<\/a>. Tymczasem zesp\u00f3\u0142 z Stanford University, kierowany przez Xing Tana, dzi\u0119ki algorytmom uczenia maszynowego odkry\u0142 ponad 54 tysi\u0105ce wcze\u015bniej niewykrytych mikrotrz\u0119sie\u0144 ziemi w kalderze P\u00f3l Flegrejskich. Dosz\u0142o do nich w ci\u0105gu ostatnich trzech lat. Tych wstrz\u0105s\u00f3w sejsmicznych nie wykrywa\u0142y tradycyjne sejsmografy.<\/p>\n<p>Nowoczesna technologia i sztuczna inteligencja pozwoli\u0142y ustali\u0107 r\u00f3wnie\u017c lokalizacj\u0119 nak\u0142adaj\u0105cych si\u0119 sygna\u0142\u00f3w sejsmicznych. Naukowcy stworzyli map\u0119 podziemnych p\u0119kni\u0119\u0107 i uskok\u00f3w, o kt\u00f3rych jeszcze nie dawno nie mieli poj\u0119cia.<\/p>\n<p>Przy okazji naukowcy odkryli pier\u015bcieniowy uskok, tzw. ring fault. Otacza on wulkan Campi Flegrei i powsta\u0142 w wyniku zapadni\u0119cia si\u0119 wulkanicznej niecki po pot\u0119\u017cnej erupcji.\u00a0Wyznacza wyra\u017ane granice kaldery. To r\u00f3wnie\u017c naturalny kana\u0142, kt\u00f3rym rozprzestrzeniaj\u0105 si\u0119 napr\u0119\u017cenia i wzd\u0142u\u017c kt\u00f3rego mog\u0105 koncentrowa\u0107 si\u0119 trz\u0119sienia ziemi. Naukowcy w ten spos\u00f3b mog\u0105 precyzyjnie wyznacza\u0107 strefy najwi\u0119kszego ryzyka w obr\u0119bie Campi Flegrei.<\/p>\n<p>Czy wulkan Campi Flegrei wybuchnie? Czy uda si\u0119 w por\u0119 przewidzie\u0107 katastrof\u0119 we W\u0142oszech? Ten wulkan to tykaj\u0105ca bomba, a dzi\u0119ki kolejnym takim odkryciom i rozwojowi technologii, mo\u017cemy coraz dok\u0142adniej okre\u015bli\u0107 kiedy natura dokona jej detonacji.<\/p>\n<p>                    <img decoding=\"async\" data-ot-ignore=\"\" class=\" \" src=\"https:\/\/www.europesays.com\/pl\/wp-content\/uploads\/2025\/11\/Wlochy.-Pozzuoli-w-zasiegu-Campi-Flegrei.png\" alt=\"W\u0142ochy. Pozzuoli w zasi\u0119gu Campi Flegrei\" data- title=\"W\u0142ochy. Pozzuoli w zasi\u0119gu Campi Flegrei\" data-width=\"922\" data-height=\"614\"\/><\/p>\n<p>            W\u0142ochy. Pozzuoli w zasi\u0119gu Campi Flegrei<br \/>\n                Fot:<br \/>\n            Shutterstock\/auralaura    <\/p>\n<p>        <a name=\"eztoc8083681_1_2\" id=\"eztoc8083681_1_2\"\/>W\u0142ochy. Wulkan Campi Flegrei<\/p>\n<p>Wybuch wulkanu Campi Flegrei mia\u0142by dla W\u0142och katastrofalne konsekwencje. W strefie ryzyka mieszkaj\u0105 nawet\u00a0ponad 3 miliony ludzi, a w samym centrum zagro\u017cenia \u2013 wok\u00f3\u0142 Pozzuoli i Neapolu \u2013 setki tysi\u0119cy. Popi\u00f3\u0142 przykry\u0142by ca\u0142\u0105 Kampani\u0119. Dosz\u0142oby do osuni\u0119\u0107 ziemi i zniszczenia budynk\u00f3w.<\/p>\n<p>W\u0142oska Obrona Cywilna i Narodowy Instytut Geofizyki i Wulkanologii (INGV) od lat prowadz\u0105\u00a0sta\u0142y monitoring superwulkanu. Stworzono nawet specjalny\u00a0plan ewakuacyjny, kt\u00f3ry zak\u0142ada szybkie przemieszczenie mieszka\u0144c\u00f3w najbardziej nara\u017conych dzielnic Neapolu i okolic.<\/p>\n<p>                    <img decoding=\"async\" data-ot-ignore=\"\" class=\" \" src=\"https:\/\/www.europesays.com\/pl\/wp-content\/uploads\/2025\/11\/Wlochy-aktywne-Pola-Flegrejskie.png\" alt=\"W\u0142ochy, aktywne Pola Flegrejskie\" data- title=\"W\u0142ochy, aktywne Pola Flegrejskie\" data-width=\"919\" data-height=\"608\"\/><\/p>\n<p>            W\u0142ochy, aktywne Pola Flegrejskie<br \/>\n                Fot:<br \/>\n            Shutterstock\/Pablo Debat    <\/p>\n<p>        <a name=\"eztoc8083681_1_2_1\" id=\"eztoc8083681_1_2_1\"\/>Wulkan Campi Flegrei wybuchnie?<\/p>\n<p>Naukowcy jednoznacznie odpowiadaj\u0105:\u00a0Campi Flegrei to wulkan aktywny. Istituto Nazionale di Geofisica e Vulcanologia (INGV) ostrzega o rosn\u0105cej aktywno\u015bci sejsmicznej pod wulkanem.\u00a0Kolejne badania potwierdzi\u0142y, \u017ce na g\u0142\u0119boko\u015bci 3-4 kilometr\u00f3w gromadz\u0105 si\u0119 magma i gaz. Ro\u015bnie ci\u015bnienie, obecnie wynosz\u0105c ju\u017c 5000 t\/d. Miesi\u0119cznie odnotowuje si\u0119 nawet 160 trz\u0119sie\u0144 ziemi. Niekt\u00f3re maj\u0105 si\u0142\u0119 4,2 w\u00a0skali Richtera i s\u0105 odczuwalne w\u00a0Rzymie i\u00a0w\u00a0Apulii. Mowa jest o tzw. &#8222;rojach sejsmicznych&#8221;, sk\u0142adaj\u0105cych\u00a0si\u0119 z ok. 150 wstrz\u0105s\u00f3w nast\u0119puj\u0105cych po sobie na przestrzeni kilku godzin.\u00a0Przed niekt\u00f3rymi trz\u0119sieniami ziemi w\u00a0Campi Flegrei\u00a0turyst\u00f3w ostrzega\u0142 nawet<a href=\"https:\/\/www.gov.pl\/web\/wlochy\/zagrozenie-sejsmiczne-w-rejonie-neapolu\" target=\"_self\" rel=\"dofollow noopener\">\u00a0<\/a><a href=\"https:\/\/www.gov.pl\/web\/wlochy\/zagrozenie-sejsmiczne-w-rejonie-neapolu\" target=\"_self\" rel=\"dofollow noopener\">Serwis Rzeczpospolitej Polskiej<\/a>.<\/p>\n<p>Badacze obserwuj\u0105 m.in.:<\/p>\n<ul>\n<li>cz\u0119ste trz\u0119sienia ziemi\u00a0\u2013 w ostatnich latach notuje si\u0119 setki wstrz\u0105s\u00f3w rocznie, czasami nawet 350 wstrz\u0105s\u00f3w dziennie!<\/li>\n<li>emisj\u0119 gaz\u00f3w\u00a0\u2013 z fumaroli i gor\u0105cych \u017ar\u00f3de\u0142 ulatniaj\u0105 si\u0119 du\u017ce ilo\u015bci dwutlenku w\u0119gla i pary wodnej.<\/li>\n<li>podnoszenie si\u0119 gruntu (bradyseizm)\u00a0\u2013 od lat 50. XX wieku ziemia w rejonie Pozzuoli podnios\u0142a si\u0119 ju\u017c o kilka metr\u00f3w, co\u00a0powoduje m.in. wysychanie basen\u00f3w portowych.<\/li>\n<\/ul>\n<p>Te zjawiska \u015bwiadcz\u0105 o tym, \u017ce pod powierzchni\u0105 ziemi gromadzi si\u0119 magma i ci\u015bnienie, kt\u00f3re mog\u0105 w przysz\u0142o\u015bci doprowadzi\u0107 do erupcji.<\/p>\n<p>\u0179r\u00f3d\u0142o: <a href=\"https:\/\/nhess.copernicus.org\/articles\/25\/3421\/2025\/\" target=\"_self\" rel=\"dofollow noopener\">Copernicus<\/a> \/ <a href=\"https:\/\/www.discovermagazine.com\/campi-flegrei-had-a-massive-eruption-40-000-years-ago-could-a-supermassive-47630\" target=\"_self\" rel=\"dofollow noopener\">Discover Magazine<\/a>\u00a0\/ <a href=\"https:\/\/www.earth.com\/news\/scientists-found-huge-crack-beneath-campi-flegrei-dangerous-volcanoes\/\" target=\"_self\" rel=\"dofollow noopener\">Earth<\/a><\/p>\n<p>Dzi\u0119kujemy za przeczytanie artyku\u0142u do ko\u0144ca. B\u0105d\u017a na bie\u017c\u0105co! Polub nasz\u0105 stron\u0119 na\u00a0<a href=\"https:\/\/www.facebook.com\/planetafm\" target=\"_blank\" rel=\"dofollow noopener\">Facebooku<\/a><\/p>\n","protected":false},"excerpt":{"rendered":"Wulkany w Europie i rosn\u0105ce zagro\u017cenie we W\u0142oszech. Pola Flegrejskie (Campi Flegrei), zlokalizowane tu\u017c przy Neapolu, jest wulkanem,&hellip;\n","protected":false},"author":2,"featured_media":107443,"comment_status":"","ping_status":"","sticky":false,"template":"","format":"standard","meta":{"footnotes":""},"categories":[20],"tags":[4905,120,118,119,42,6303,38,40,39,41,116,114,115,121,117,23795,4278,898,23794],"class_list":{"0":"post-107442","1":"post","2":"type-post","3":"status-publish","4":"format-standard","5":"has-post-thumbnail","7":"category-nauka-i-technika","8":"tag-badania","9":"tag-nauka","10":"tag-nauka-i-technika","11":"tag-naukatechnika","12":"tag-pl","13":"tag-podroze","14":"tag-poland","15":"tag-polish","16":"tag-polska","17":"tag-polski","18":"tag-science","19":"tag-science-and-technology","20":"tag-sciencetechnology","21":"tag-technika","22":"tag-technology","23":"tag-trzesienie-ziemi","24":"tag-turystyka","25":"tag-wlochy","26":"tag-wulkan"},"share_on_mastodon":{"url":"https:\/\/pubeurope.com\/@pl\/115571939634591640","error":""},"_links":{"self":[{"href":"https:\/\/www.europesays.com\/pl\/wp-json\/wp\/v2\/posts\/107442","targetHints":{"allow":["GET"]}}],"collection":[{"href":"https:\/\/www.europesays.com\/pl\/wp-json\/wp\/v2\/posts"}],"about":[{"href":"https:\/\/www.europesays.com\/pl\/wp-json\/wp\/v2\/types\/post"}],"author":[{"embeddable":true,"href":"https:\/\/www.europesays.com\/pl\/wp-json\/wp\/v2\/users\/2"}],"replies":[{"embeddable":true,"href":"https:\/\/www.europesays.com\/pl\/wp-json\/wp\/v2\/comments?post=107442"}],"version-history":[{"count":0,"href":"https:\/\/www.europesays.com\/pl\/wp-json\/wp\/v2\/posts\/107442\/revisions"}],"wp:featuredmedia":[{"embeddable":true,"href":"https:\/\/www.europesays.com\/pl\/wp-json\/wp\/v2\/media\/107443"}],"wp:attachment":[{"href":"https:\/\/www.europesays.com\/pl\/wp-json\/wp\/v2\/media?parent=107442"}],"wp:term":[{"taxonomy":"category","embeddable":true,"href":"https:\/\/www.europesays.com\/pl\/wp-json\/wp\/v2\/categories?post=107442"},{"taxonomy":"post_tag","embeddable":true,"href":"https:\/\/www.europesays.com\/pl\/wp-json\/wp\/v2\/tags?post=107442"}],"curies":[{"name":"wp","href":"https:\/\/api.w.org\/{rel}","templated":true}]}}