{"id":107460,"date":"2025-11-18T17:52:09","date_gmt":"2025-11-18T17:52:09","guid":{"rendered":"https:\/\/www.europesays.com\/pl\/107460\/"},"modified":"2025-11-18T17:52:09","modified_gmt":"2025-11-18T17:52:09","slug":"tajemnice-biura-janusza-kowalskiego-poprzednia-najemczyni-musiala-zrezygnowac","status":"publish","type":"post","link":"https:\/\/www.europesays.com\/pl\/107460\/","title":{"rendered":"Tajemnice biura Janusza Kowalskiego. Poprzednia najemczyni musia\u0142a zrezygnowa\u0107"},"content":{"rendered":"<p class=\"Paragraph_desktopParagraph__U31Gm\">Prawo i Sprawiedliwo\u015b\u0107 musi wzmocni\u0107 \u015bcian\u0119 wschodni\u0105, bo ma braki. Marcin Romanowski znalaz\u0142 azyl w Budapeszcie, S\u0142awomir Zawi\u015blak do\u0142\u0105czy\u0142 do partii Brauna. Mariusz Kami\u0144ski wybra\u0142 karier\u0119 w europarlamencie. Nie by\u0142o tam zatem \u017cadnego du\u017cego nazwiska, wi\u0119c z odsiecz\u0105 ruszy\u0142 Janusz Kowalski, kt\u00f3ry wcze\u015bniej startowa\u0142 w wyborach z okr\u0119gu opolskiego.<\/p>\n<p class=\"Paragraph_desktopParagraph__U31Gm\">\u2014 Przerzucili Kowalskiego [do Zamo\u015bcia], \u017ceby on tam budowa\u0142 radykalne struktury \u2014 zaznacza D\u0142ugosz.<\/p>\n<p>Tajemnice zamojskiego biura Kowalskiego <\/p>\n<p class=\"Paragraph_desktopParagraph__U31Gm\">Prowadz\u0105ca podzieli\u0142a si\u0119 plotk\u0105 o biurze, kt\u00f3re zacz\u0105\u0142 wynajmowa\u0107 Janusz Kowalski. Lokal mie\u015bci si\u0119 przy ul. \u017beromskiego w reprezentacyjnym miejscu, tu\u017c przy Star\u00f3wce.<\/p>\n<p class=\"Paragraph_desktopParagraph__U31Gm\"> \u2014 Us\u0142ysza\u0142am: &#8222;A wie pani, dlaczego Januszowi uda\u0142o si\u0119 to biuro w tak fajnym miejscu?&#8221;. Podobno jedna pos\u0142anka mia\u0142a tam wcze\u015bniej biuro, ale musia\u0142a z niego zrezygnowa\u0107, bo tam szambo wybija i po prostu straszliwie \u015bmierdzi. Musia\u0142a zrezygnowa\u0107 z tego fantastycznego miejsca na biuro poselskie i pose\u0142 Kowalski si\u0119 za\u0142apa\u0142. Przepraszam, ale musia\u0142am pa\u0144stwu opowiedzie\u0107 t\u0119 histori\u0119.<\/p>\n<p class=\"Paragraph_desktopParagraph__U31Gm\">\u2014 Panie po\u015ble, jakby co\u015b tam wybi\u0142o, to ja bym poprosi\u0142a o SMS, czy to by\u0142a prawda, czy nie \u2014 zwr\u00f3ci\u0142a si\u0119 bezpo\u015brednio do pos\u0142a Kowalskiego dziennikarka &#8222;Newsweeka&#8221;.<\/p>\n<p class=\"Paragraph_desktopParagraph__U31Gm\">*W podca\u015bcie jest mowa o Che\u0142mie, jednak w rzeczywisto\u015bci Janusz Kowalski ma nowe biuro w Zamo\u015bciu. Oba miasta le\u017c\u0105 na \u015bcianie wschodniej.<\/p>\n","protected":false},"excerpt":{"rendered":"Prawo i Sprawiedliwo\u015b\u0107 musi wzmocni\u0107 \u015bcian\u0119 wschodni\u0105, bo ma braki. Marcin Romanowski znalaz\u0142 azyl w Budapeszcie, S\u0142awomir Zawi\u015blak&hellip;\n","protected":false},"author":2,"featured_media":107461,"comment_status":"","ping_status":"","sticky":false,"template":"","format":"standard","meta":{"footnotes":""},"categories":[12],"tags":[56,32,33,36,37,66,27,67,10061,34,35,28,31,53,25,52,68,51,55,42,38,40,39,41,868,47,29,30,50,26,7752],"class_list":{"0":"post-107460","1":"post","2":"type-post","3":"status-publish","4":"format-standard","5":"has-post-thumbnail","7":"category-polska","8":"tag-article_premium","9":"tag-breaking-news","10":"tag-breakingnews","11":"tag-featured-news","12":"tag-featurednews","13":"tag-give_me_perspective","14":"tag-headlines","15":"tag-intextvideo_splayer","16":"tag-janusz_kowalski_polityk","17":"tag-latest-news","18":"tag-latestnews","19":"tag-naglowki","20":"tag-najwazniejsze-artykuly","21":"tag-new_header","22":"tag-news","23":"tag-onet3","24":"tag-onet3d","25":"tag-onet3d_2i","26":"tag-phx","27":"tag-pl","28":"tag-poland","29":"tag-polish","30":"tag-polska","31":"tag-polski","32":"tag-prawo_i_sprawiedliwosc_pis","33":"tag-screening_general","34":"tag-top-stories","35":"tag-topstories","36":"tag-v2021","37":"tag-wiadomosci","38":"tag-zamosc"},"share_on_mastodon":{"url":"https:\/\/pubeurope.com\/@pl\/115571978725634400","error":""},"_links":{"self":[{"href":"https:\/\/www.europesays.com\/pl\/wp-json\/wp\/v2\/posts\/107460","targetHints":{"allow":["GET"]}}],"collection":[{"href":"https:\/\/www.europesays.com\/pl\/wp-json\/wp\/v2\/posts"}],"about":[{"href":"https:\/\/www.europesays.com\/pl\/wp-json\/wp\/v2\/types\/post"}],"author":[{"embeddable":true,"href":"https:\/\/www.europesays.com\/pl\/wp-json\/wp\/v2\/users\/2"}],"replies":[{"embeddable":true,"href":"https:\/\/www.europesays.com\/pl\/wp-json\/wp\/v2\/comments?post=107460"}],"version-history":[{"count":0,"href":"https:\/\/www.europesays.com\/pl\/wp-json\/wp\/v2\/posts\/107460\/revisions"}],"wp:featuredmedia":[{"embeddable":true,"href":"https:\/\/www.europesays.com\/pl\/wp-json\/wp\/v2\/media\/107461"}],"wp:attachment":[{"href":"https:\/\/www.europesays.com\/pl\/wp-json\/wp\/v2\/media?parent=107460"}],"wp:term":[{"taxonomy":"category","embeddable":true,"href":"https:\/\/www.europesays.com\/pl\/wp-json\/wp\/v2\/categories?post=107460"},{"taxonomy":"post_tag","embeddable":true,"href":"https:\/\/www.europesays.com\/pl\/wp-json\/wp\/v2\/tags?post=107460"}],"curies":[{"name":"wp","href":"https:\/\/api.w.org\/{rel}","templated":true}]}}