{"id":107462,"date":"2025-11-18T17:53:07","date_gmt":"2025-11-18T17:53:07","guid":{"rendered":"https:\/\/www.europesays.com\/pl\/107462\/"},"modified":"2025-11-18T17:53:07","modified_gmt":"2025-11-18T17:53:07","slug":"skandal-w-trakcie-kluczowego-meczu-polakow-kamery-pokazaly-jak-na-dloni-przeglad-sportowy-onet","status":"publish","type":"post","link":"https:\/\/www.europesays.com\/pl\/107462\/","title":{"rendered":"Skandal w trakcie kluczowego meczu Polak\u00f3w. Kamery pokaza\u0142y jak na d\u0142oni &#8211; Przegl\u0105d Sportowy Onet"},"content":{"rendered":"<ol>\n<li><a href=\"https:\/\/news.google.com\/rss\/articles\/CBMi3gFBVV95cUxNQmhWeXJYcnN4OEttdXJ1OTM2Q19MMWh0ZWZITVFobXlROGZYZlJpUE95U05CLUVKUTRXWktfX3RhZVh1TVZaTzIwQ3FQcjN3VWJwMVJUU05KMkljTGozNkJ5OU41RWFrX0NUZFFiSElLaHVSZHdwNDdXdnlSNUhyQ3gxNFdNZ3ZzclR2ZTBDOVZuc2NLSXRNcGtnMjJGUXpPcVl4TklQWlhxSDJ5QTFXVnRyc1VsQTRiYjUwWm53bzgtdXFGNXlhb08zSFBnU1lXTnAtUXlYS0I4bTJycnc?oc=5\" target=\"_blank\" rel=\"nofollow noopener\">Skandal w trakcie kluczowego meczu Polak\u00f3w. Kamery pokaza\u0142y jak na d\u0142oni<\/a>&nbsp;&nbsp;Przegl\u0105d Sportowy Onet<\/li>\n<li><a href=\"https:\/\/news.google.com\/rss\/articles\/CBMi8AFBVV95cUxQMEFVZnFaUVRiM2lfeXJjQ214Umg4ZHVnVVY0eVl5RTYwdmVvc2lYTmRfeFUyM2IwV2k0eFNWVll3NEEwQlVtSnVBS1dSN3haYkk3dTFUZDd6T3BMLVhXaTBfRVhCMWVJWVBpYUo5aGhZcDZsYUVBZmVFbVFmVU0ycG4wOUVXVkl1ZlptLTlhSDYzOGMxQnptSU5TOFYyNFUzX2NzNFNUdDVmTExNNzNrZ3IwcVdKcVpLcjhkM1B3X296eF9TUm9ha0Q1bTFWNXVPR2FEZ19ESnJjYzIzdDkyZHhlLXEteHBqbEFDTWZWZXY?oc=5\" target=\"_blank\" rel=\"nofollow noopener\">Macedonia P\u00f3\u0142nocna &#8211; Polska: relacja na \u017cywo. Kadra U-21 walczy o mistrzostwa Europy! LIVE<\/a>&nbsp;&nbsp;Przegl\u0105d Sportowy Onet<\/li>\n<li><a href=\"https:\/\/news.google.com\/rss\/articles\/CBMi0gFBVV95cUxPTTBTaDV3QjdwelFBUHJWRjVNZGMtTWpkMXc1Zm1rZndWN0xwTWg3aC16MWVQRm5iX1RPT1ZmUUo0QzBYTHkxZUFVS3BfUHVaQTJlRWlTbEhzZUFsaGFUT3Rmd0h4RXlOMXpLUW9aUW9MWEczYkpGR04yZ3VtVlNIRlhCR3NXcFVlNTRMQVl6Y050aDVKeEMwMmJZSlh1bjZnNGZPQ3NNWXctc2JtdUd1VkFQZVN4b2dQZGdSZ2dYeXJ5RzVnajhfSEM0TlJ6cVhsUFE?oc=5\" target=\"_blank\" rel=\"nofollow noopener\">Macedonia U21 &#8211; Polska U21 w eliminacjach do ME 2026. Relacja na \u017cywo<\/a>&nbsp;&nbsp;Sport w INTERIA.PL<\/li>\n<li><a href=\"https:\/\/news.google.com\/rss\/articles\/CBMiqgFBVV95cUxPRWxmLWFyT1BFNTlMTVk4SUhxMWNwUXVvXzUzZG9kdjloRHNMYlMzNGNkMXpYb0p4RmpoSmd4eVg1S0pSaUJNbDNjdkIzdDduMHlvWk1fWDhTZTh2ZVJMY2dadExaanVMa1VTSW81Ty00QmFEbVVjcFQtZWZIbzUwMDdZT2JXOHlRVm9Vck90Nk96S0YyOE9oN1lkSnZZVFZmcHJpWll1cmF2Zw?oc=5\" target=\"_blank\" rel=\"nofollow noopener\">Wiadomo, co z pi\u0142karzem kadry Brz\u0119czka. Klub wyda\u0142 komunikat<\/a>&nbsp;&nbsp;SportoweFakty<\/li>\n<li><a href=\"https:\/\/news.google.com\/rss\/articles\/CBMiqwFBVV95cUxOZXpNeV9tS3djdS1YWW1rUThMNnpRQy1KdVpPV21rU0d0WThZX2VXQ3lySlFUcThoUV85Q3E5ZHZqdjV2bnhRdjhqSmdmWC1jNFNIdk9ZbnJwTmpDMVZKOHl1LVhmMHJIOUFlRTRfTlplQlI4S2dERnJESlRiWG1XUFp4M1ptNlllZlA1TkdRUHYxT3NiR0NsaVVnVURZa0k4dEhrVDBYV09sdkHSAbABQVVfeXFMTUlSeG1JNlBXc0lZR1lQY2Y5WHk4WWxqMWVLMkVzNDF3am1Rb2dTWElfV3FUZnp3OEdxZEZQX2ZGdlpQb3U0WFhSZ080ZmlfZlUzMnlib0ZkZ2VWcS1JWVdHUDNIT3ozaWxaT3ZnNkRVUjU2UVlfWENEeUkya21xNzAyRWZfWEwtSnliTktLdUMyV2ZtSXNWSENRcEVsQXVxNGNzaTZNNEsyLXVFVVdnbDg?oc=5\" target=\"_blank\" rel=\"nofollow noopener\">Reprezentacja Polski U21 o krok od powt\u00f3rzenia \u015bwietnego wyniku sprzed 34 lat<\/a>&nbsp;&nbsp;sport.tvp.pl<\/li>\n<\/ol>\n","protected":false},"excerpt":{"rendered":"Skandal w trakcie kluczowego meczu Polak\u00f3w. Kamery pokaza\u0142y jak na d\u0142oni&nbsp;&nbsp;Przegl\u0105d Sportowy Onet Macedonia P\u00f3\u0142nocna &#8211; Polska: relacja&hellip;\n","protected":false},"author":2,"featured_media":107463,"comment_status":"","ping_status":"","sticky":false,"template":"","format":"standard","meta":{"footnotes":""},"categories":[5],"tags":[32,33,36,37,27,67,34,35,28,31,25,549,42,38,40,39,41,136,128,355,47,135,29,30,26,130],"class_list":{"0":"post-107462","1":"post","2":"type-post","3":"status-publish","4":"format-standard","5":"has-post-thumbnail","7":"category-naglowki","8":"tag-breaking-news","9":"tag-breakingnews","10":"tag-featured-news","11":"tag-featurednews","12":"tag-headlines","13":"tag-intextvideo_splayer","14":"tag-latest-news","15":"tag-latestnews","16":"tag-naglowki","17":"tag-najwazniejsze-artykuly","18":"tag-news","19":"tag-pber","20":"tag-pl","21":"tag-poland","22":"tag-polish","23":"tag-polska","24":"tag-polski","25":"tag-ps_detal_new","26":"tag-psv2","27":"tag-reprezentacja_polski","28":"tag-screening_general","29":"tag-sport_sport","30":"tag-top-stories","31":"tag-topstories","32":"tag-wiadomosci","33":"tag-wiadomosci_sportowe"},"share_on_mastodon":{"url":"https:\/\/pubeurope.com\/@pl\/115571982620364780","error":""},"_links":{"self":[{"href":"https:\/\/www.europesays.com\/pl\/wp-json\/wp\/v2\/posts\/107462","targetHints":{"allow":["GET"]}}],"collection":[{"href":"https:\/\/www.europesays.com\/pl\/wp-json\/wp\/v2\/posts"}],"about":[{"href":"https:\/\/www.europesays.com\/pl\/wp-json\/wp\/v2\/types\/post"}],"author":[{"embeddable":true,"href":"https:\/\/www.europesays.com\/pl\/wp-json\/wp\/v2\/users\/2"}],"replies":[{"embeddable":true,"href":"https:\/\/www.europesays.com\/pl\/wp-json\/wp\/v2\/comments?post=107462"}],"version-history":[{"count":0,"href":"https:\/\/www.europesays.com\/pl\/wp-json\/wp\/v2\/posts\/107462\/revisions"}],"wp:featuredmedia":[{"embeddable":true,"href":"https:\/\/www.europesays.com\/pl\/wp-json\/wp\/v2\/media\/107463"}],"wp:attachment":[{"href":"https:\/\/www.europesays.com\/pl\/wp-json\/wp\/v2\/media?parent=107462"}],"wp:term":[{"taxonomy":"category","embeddable":true,"href":"https:\/\/www.europesays.com\/pl\/wp-json\/wp\/v2\/categories?post=107462"},{"taxonomy":"post_tag","embeddable":true,"href":"https:\/\/www.europesays.com\/pl\/wp-json\/wp\/v2\/tags?post=107462"}],"curies":[{"name":"wp","href":"https:\/\/api.w.org\/{rel}","templated":true}]}}