{"id":107474,"date":"2025-11-18T17:59:09","date_gmt":"2025-11-18T17:59:09","guid":{"rendered":"https:\/\/www.europesays.com\/pl\/107474\/"},"modified":"2025-11-18T17:59:09","modified_gmt":"2025-11-18T17:59:09","slug":"fala-komentarzy-po-wyborze-czarzastego-na-marszalka-sejmu-to-policzek","status":"publish","type":"post","link":"https:\/\/www.europesays.com\/pl\/107474\/","title":{"rendered":"Fala komentarzy po wyborze Czarzastego na marsza\u0142ka Sejmu. &#8222;To policzek&#8221;"},"content":{"rendered":"<p>Przed godzin\u0105 12.00 kandydatura W\u0142odzimierza Czarzastego zosta\u0142a poparta g\u0142osami 236 pos\u0142\u00f3w. Sprzeciw wyrazi\u0142o 209 pos\u0142\u00f3w, natomiast dw\u00f3ch wstrzyma\u0142o si\u0119. Na sali panowa\u0142o zamieszanie zar\u00f3wno przed, jak i po og\u0142oszeniu wynik\u00f3w. Cz\u0119\u015b\u0107 os\u00f3b wysz\u0142a, okazuj\u0105c sprzeciw do nominacji lidera Lewicy. W mediach spo\u0142eczno\u015bciowych pojawi\u0142a si\u0119 z kolei fala komentarzy.<\/p>\n<p>W\u0142odzimierz Czarzasty marsza\u0142kiem Sejmu. Komentarze polityk\u00f3w<\/p>\n<p>&#8222;Marsza\u0142kiem Sejmu zostaje W\u0142odzimierz Czarzasty &#8211; wychowanek postkomunistycznej nomenklatury, jeden z filar\u00f3w uk\u0142adu III RP. To policzek dla ofiar komunizmu. Sejm wolnej Polski nie powinien by\u0107 kierowany przez ludzi PZPR-owskiego chowu, lecz przez tych, kt\u00f3rzy ten system obalali&#8221; &#8211; napisa\u0142 na X by\u0142y wicepremier, pose\u0142 PiS Jacek Sasin.<\/p>\n<p>\u00a0<\/p>\n<p>Wpis na tej samej platformie zamie\u015bci\u0142 jeden z lider\u00f3w Lewicy europose\u0142 Robert Biedro\u0144, kt\u00f3ry nazwa\u0142 Czarzastego swoim przyjacielem. &#8222;Od 6 lat przewodnicz\u0119 Lewicy z tym facetem. Zapewniam Was, \u017ce to b\u0119dzie \u015bwietny marsza\u0142ek Sejmu. Gratulacje i powodzenia. Zas\u0142u\u017cy\u0142e\u015b&#8221; &#8211; stwierdzi\u0142.<\/p>\n<p>\u00a0<\/p>\n<blockquote class=\"twitter-tweet\"><p>&#13;<\/p>\n<p dir=\"ltr\" lang=\"pl\">W\u0142odek. M\u00f3j przyjaciel. Marsza\u0142ek Sejmu.<\/p>\n<p>Od 6 lat przewodnicz\u0119 <a href=\"https:\/\/twitter.com\/__Lewica?ref_src=twsrc%5Etfw\" rel=\"nofollow noopener\" target=\"_blank\">@__Lewica<\/a> z tym facetem. Zapewniam Was, \u017ce to b\u0119dzie \u015bwietny marsza\u0142ek Sejmu. <\/p>\n<p>Gratulacje i powodzenia. Zas\u0142u\u017cy\u0142e\u015b \ud83d\udc9a\ud83e\udd89 <a href=\"https:\/\/t.co\/oWuDa9P60u\" rel=\"nofollow\">pic.twitter.com\/oWuDa9P60u<\/a><\/p>\n<p>&#13;<br \/>\n\u2014 Robert Biedro\u0144 (@RobertBiedron) <a href=\"https:\/\/twitter.com\/RobertBiedron\/status\/1990738805620359354?ref_src=twsrc%5Etfw\" rel=\"nofollow noopener\" target=\"_blank\">November 18, 2025<\/a><\/p><\/blockquote>\n<p>\u00a0<\/p>\n<p>ZOBACZ: <a href=\"https:\/\/www.polsatnews.pl\/wiadomosc\/2025-11-18\/awantura-w-sejmie-przed-wyborem-marszalka-na-sali-rozlegly-sie-krzyki\/\" target=\"_blank\" rel=\"noopener noreferrer nofollow\">Awantura w Sejmie przed wyborem marsza\u0142ka. Cz\u0119\u015b\u0107 pos\u0142\u00f3w wysz\u0142a z sali<\/a><\/p>\n<p>\u00a0<\/p>\n<p>Agnieszka Dziemianowicz-B\u0105k, minister rodziny, pracy i polityki spo\u0142ecznej, zamie\u015bci\u0142a zdj\u0119cie z panelem do g\u0142osowania. &#8222;Umowa dotrzymana, nowy rozdzia\u0142 pracy Sejmu rozpocz\u0119ty&#8221; &#8211; opisa\u0142a.<\/p>\n<p>W\u0142odzimierz Czarzasty nowym marsza\u0142kiem Sejmu. &#8222;Precz z komun\u0105&#8221;<\/p>\n<p>&#8222;Precz z komun\u0105&#8221; &#8211; napisa\u0142 z kolei jeden z lider\u00f3w Konfederacji S\u0142awomir Mentzen. Do wpisu do\u0142\u0105czy\u0142 film przedstawiaj\u0105cy komunistyczne symbole i nowego marsza\u0142ka Sejmu. Ten sam komunikat, jednak z do\u0142\u0105czonym wideo z g\u0142osowania w Sejmie, przekaza\u0142 by\u0142y minister edukacji Przemys\u0142aw Czarnek.<\/p>\n<p>\u00a0<\/p>\n<p>ZOBACZ: <a href=\"https:\/\/www.polsatnews.pl\/wiadomosc\/2025-11-16\/walka-o-wladze-na-lewicy-czarzasty-nie-bede-nikogo-namaszczal\/\" target=\"_blank\" rel=\"noopener noreferrer nofollow\">Walka o w\u0142adz\u0119 na lewicy. Czarzasty: Nie b\u0119d\u0119 nikogo namaszcza\u0142<\/a><\/p>\n<p>\u00a0<\/p>\n<p>&#8222;Wstyd. Przypomnijmy te\u017c jaki s\u0142aby mandat poselski ma pan Czarzasty, kt\u00f3rego z ostatniego miejsca przegoni\u0142 w okr\u0119gu pose\u0142 z tej samej listy &#8211; \u0141ukasz Litewka. Cz\u0142owiek, kt\u00f3ry ledwo zosta\u0142 pos\u0142em, jest teraz drug\u0105 osob\u0105 w pa\u0144stwie&#8221; &#8211; zareagowa\u0142 pose\u0142 PiS Jan Kanthak.<\/p>\n<p>\u00a0<\/p>\n<p>Widzia\u0142e\u015b co\u015b wa\u017cnego? Przy\u015blij zdj\u0119cie, film lub napisz, co si\u0119 sta\u0142o. Skorzystaj z naszej <a href=\"https:\/\/www.polsatnews.pl\/platforma-widzow\/\" target=\"_blank\" rel=\"noopener noreferrer nofollow\">Wrzutni<\/a><\/p>\n<p>                <img decoding=\"async\" src=\"https:\/\/www.europesays.com\/pl\/wp-content\/uploads\/2025\/11\/kagreqqxz5m4rmq9av3hrjtr8guehtzg.jpg\" alt=\"\" itemprop=\"contentUrl\" style=\"position:absolute; width: 100%; max-height: 100%;\"\/><video controls=\"\" controlslist=\"nodownload\" poster=\"https:\/\/www.europesays.com\/pl\/wp-content\/uploads\/2025\/11\/kagreqqxz5m4rmq9av3hrjtr8guehtzg.jpg\" class=\"videoPlayer player6854836 news__video\" data-id=\"6854836\">Twoja przegl\u0105darka nie wspiera odtwarzacza wideo&#8230;<\/video><\/p>\n<p>                <a class=\"news__read-more-button\" href=\"https:\/\/www.polsatnews.pl\/\" rel=\"nofollow noopener\" target=\"_blank\">Czytaj wi\u0119cej<\/a><br \/>\n\t\t\t<script async src=\"https:\/\/platform.twitter.com\/widgets.js\" charset=\"utf-8\"><\/script><\/p>\n","protected":false},"excerpt":{"rendered":"Przed godzin\u0105 12.00 kandydatura W\u0142odzimierza Czarzastego zosta\u0142a poparta g\u0142osami 236 pos\u0142\u00f3w. Sprzeciw wyrazi\u0142o 209 pos\u0142\u00f3w, natomiast dw\u00f3ch wstrzyma\u0142o&hellip;\n","protected":false},"author":2,"featured_media":107475,"comment_status":"","ping_status":"","sticky":false,"template":"","format":"standard","meta":{"footnotes":""},"categories":[12],"tags":[32,33,36,37,27,34,35,28,31,25,42,38,40,39,41,29,30,26],"class_list":{"0":"post-107474","1":"post","2":"type-post","3":"status-publish","4":"format-standard","5":"has-post-thumbnail","7":"category-polska","8":"tag-breaking-news","9":"tag-breakingnews","10":"tag-featured-news","11":"tag-featurednews","12":"tag-headlines","13":"tag-latest-news","14":"tag-latestnews","15":"tag-naglowki","16":"tag-najwazniejsze-artykuly","17":"tag-news","18":"tag-pl","19":"tag-poland","20":"tag-polish","21":"tag-polska","22":"tag-polski","23":"tag-top-stories","24":"tag-topstories","25":"tag-wiadomosci"},"share_on_mastodon":{"url":"https:\/\/pubeurope.com\/@pl\/115572006490792033","error":""},"_links":{"self":[{"href":"https:\/\/www.europesays.com\/pl\/wp-json\/wp\/v2\/posts\/107474","targetHints":{"allow":["GET"]}}],"collection":[{"href":"https:\/\/www.europesays.com\/pl\/wp-json\/wp\/v2\/posts"}],"about":[{"href":"https:\/\/www.europesays.com\/pl\/wp-json\/wp\/v2\/types\/post"}],"author":[{"embeddable":true,"href":"https:\/\/www.europesays.com\/pl\/wp-json\/wp\/v2\/users\/2"}],"replies":[{"embeddable":true,"href":"https:\/\/www.europesays.com\/pl\/wp-json\/wp\/v2\/comments?post=107474"}],"version-history":[{"count":0,"href":"https:\/\/www.europesays.com\/pl\/wp-json\/wp\/v2\/posts\/107474\/revisions"}],"wp:featuredmedia":[{"embeddable":true,"href":"https:\/\/www.europesays.com\/pl\/wp-json\/wp\/v2\/media\/107475"}],"wp:attachment":[{"href":"https:\/\/www.europesays.com\/pl\/wp-json\/wp\/v2\/media?parent=107474"}],"wp:term":[{"taxonomy":"category","embeddable":true,"href":"https:\/\/www.europesays.com\/pl\/wp-json\/wp\/v2\/categories?post=107474"},{"taxonomy":"post_tag","embeddable":true,"href":"https:\/\/www.europesays.com\/pl\/wp-json\/wp\/v2\/tags?post=107474"}],"curies":[{"name":"wp","href":"https:\/\/api.w.org\/{rel}","templated":true}]}}