{"id":107486,"date":"2025-11-18T18:05:10","date_gmt":"2025-11-18T18:05:10","guid":{"rendered":"https:\/\/www.europesays.com\/pl\/107486\/"},"modified":"2025-11-18T18:05:10","modified_gmt":"2025-11-18T18:05:10","slug":"w-kotle-klimatycznym-wrze-chinski-dyplomata-krytykuje-ue-i-zly-przyklad-trumpa-z-kolei-bialy-dom-krzyczy-o-spisku-i-zielonym-oszustwie","status":"publish","type":"post","link":"https:\/\/www.europesays.com\/pl\/107486\/","title":{"rendered":"W kotle klimatycznym wrze. Chi\u0144ski dyplomata krytykuje UE i &#8222;z\u0142y przyk\u0142ad&#8221; Trumpa. Z kolei Bia\u0142y Dom krzyczy o spisku i &#8222;zielonym oszustwie&#8221;"},"content":{"rendered":"<p>\u2014 Nowe cele Unii Europejskiej dotycz\u0105ce ograniczenia zanieczyszcze\u0144 s\u0105 niewystarczaj\u0105ce \u2014 powiedzia\u0142 chi\u0144ski wys\u0142annik ds. klimatu w rozmowie z POLITICO podczas tegorocznej konferencji COP30, pot\u0119piaj\u0105c jednocze\u015bnie nieobecno\u015b\u0107 Stan\u00f3w Zjednoczonych.<\/p>\n<p>W rzadkim wywiadzie udzielonym w poniedzia\u0142ek 17 listopada chi\u0144ski dyplomata Liu Zhenmin odrzuci\u0142 krytyk\u0119 chi\u0144skich dzia\u0142a\u0144 na rzecz klimatu, kt\u00f3re komisarz Unii Europejskiej ds. klimatu, Wopke Hoekstra, niedawno okre\u015bli\u0142 jako &#8222;wyra\u017anie rozczarowuj\u0105ce&#8221;.<\/p>\n<p>Wyrazi\u0142 jednak r\u00f3wnie\u017c nadziej\u0119, \u017ce Chiny i UE b\u0119d\u0105 mog\u0142y zintensyfikowa\u0107 wsp\u00f3\u0142prac\u0119 w kwestiach klimatycznych.<\/p>\n<p>Swoj\u0105 najostrzejsz\u0105 krytyk\u0119 skierowa\u0142 pod adresem administracji Trumpa, kt\u00f3ra po raz kolejny <a href=\"https:\/\/www.onet.pl\/informacje\/deutsche-welle\/trump-wycofuje-usa-z-porozumien-paryskich-to-druzgocace\/xggdm8j,0666d3f1\" id=\"e48c83e5-442f-4a4c-bb19-acb1a251ff17\" rel=\"nofollow noopener\" target=\"_blank\">wycofa\u0142a si\u0119 <\/a>z porozumienia paryskiego [maj\u0105cego na celu ograniczenie globalnego ocieplenia] i nie wzi\u0119\u0142a udzia\u0142u<a href=\"https:\/\/www.onet.pl\/styl-zycia\/koalicja-klimatyczna\/cop30-w-belem-konieczna-jest-korekta-planow-klimatycznych\/ec7bkce,0666d3f1\" id=\"c095cedb-cb83-4cb4-b335-a969dfe03bc1\" rel=\"nofollow noopener\" target=\"_blank\"> w szczycie COP30<\/a> w Belem w Brazylii.<\/p>\n<p class=\"ods-c-paragraph \">\u2014 To straszne. Nieobecno\u015b\u0107 Stan\u00f3w Zjednoczonych naprawd\u0119 stanowi bardzo z\u0142y przyk\u0142ad. Ma to wp\u0142yw na integralno\u015b\u0107 ochrony klimatu \u2014 powiedzia\u0142. \u2014 Mamy wi\u0119c nadziej\u0119, \u017ce Stany Zjednoczone naprawd\u0119 powr\u00f3c\u0105 do porozumienia paryskiego w nadchodz\u0105cych latach.<\/p>\n<p class=\"ods-c-paragraph \">Je\u015bli chodzi o <a href=\"https:\/\/wiadomosci.onet.pl\/swiat\/unia-europejska-opoznia-system-ets2-cel-klimatyczny-na-2040-r-ustalony\/blsqwrq\" id=\"86a0b315-f4e4-40d7-b82f-44c7311dd57f\" rel=\"nofollow noopener\" target=\"_blank\">niedawno uzgodnione cele UE <\/a>w zakresie redukcji emisji, Liu powiedzia\u0142, \u017ce &#8222;nie s\u0105 one zbyt dobre&#8221;.<\/p>\n<p class=\"ods-c-paragraph \">UE d\u0105\u017cy do osi\u0105gni\u0119cia zerowej emisji netto do 2050 r. i przyj\u0119\u0142a jedne z najbardziej ambitnych polityk klimatycznych na \u015bwiecie. W tym miesi\u0105cu rz\u0105dy pa\u0144stw cz\u0142onkowskich uzgodni\u0142y, \u017ce do 2035 r. ogranicz\u0105 emisje powoduj\u0105ce ocieplenie klimatu o 66\u201372 proc., a do 2040 r. o 90 proc. w por\u00f3wnaniu z poziomami z 1990 r.<\/p>\n<p class=\"ods-c-paragraph \">Liu argumentowa\u0142, \u017ce skoro \u015bwiat d\u0105\u017cy do wsp\u00f3lnego osi\u0105gni\u0119cia<a href=\"https:\/\/businessinsider.com.pl\/gospodarka\/raport-klimatyczny-2024-swiatowe-zuzycie-wegla-bije-rekordy\/5wx77ey\" id=\"523b48bf-bd7a-43f2-b8ee-57609edfb302\" rel=\"nofollow noopener\" target=\"_blank\"> zerowego bilansu emisji <\/a>netto w 2050 r., to UE i inne kraje rozwini\u0119te powinny osi\u0105gn\u0105\u0107 ten kamie\u0144 milowy &#8222;przed 2040 r.&#8221;, aby da\u0107 krajom rozwijaj\u0105cym si\u0119 wi\u0119cej czasu na industrializacj\u0119.<\/p>\n<blockquote class=\"ods-o-quota\">\n<p class=\"ods-o-quota__paragraph\">Dotyczy to sprawiedliwo\u015bci klimatycznej: musimy traktowa\u0107 cele inaczej w przypadku kraj\u00f3w rozwini\u0119tych i rozwijaj\u0105cych si\u0119<\/p>\n<\/blockquote>\n<p class=\"ods-c-paragraph \">\u2014 powiedzia\u0142.<\/p>\n<p class=\"ods-c-paragraph \">Chiny \u2014 kt\u00f3re pomimo statusu drugiej co do wielko\u015bci gospodarki \u015bwiata nalegaj\u0105 na utrzymanie klasyfikacji jako kraj rozwijaj\u0105cy si\u0119 \u2014 zobowi\u0105za\u0142y si\u0119 do zerowej emisji CO2 przed 2060 r. oraz do ograniczenia zanieczyszczenia o 7\u201310 proc. do 2035 r.<\/p>\n<p class=\"ods-c-paragraph \">Liu broni\u0142 tego planu i nazwa\u0142 go &#8222;bardzo ambitnym&#8221;.<\/p>\n<p class=\"ods-c-paragraph \">Jednak, mimo tego, \u017ce by\u0142a to pierwsza obietnica Pekinu dotycz\u0105ca konkretnej redukcji emisji, nie spe\u0142ni\u0142a ona oczekiwa\u0144 ekspert\u00f3w, poniewa\u017c Chiny <a rel=\"nofollow noopener\" href=\"https:\/\/publications.jrc.ec.europa.eu\/repository\/handle\/JRC143227\" id=\"886eb471-6f48-4b84-95d5-95f9fe0fd3f2\" target=\"_blank\">odpowiadaj\u0105 za<\/a> 30 proc. \u015bwiatowego zanieczyszczenia \u2014 w por\u00f3wnaniu z 6 proc. w przypadku UE.<\/p>\n<p>Wsp\u00f3\u0142praca czy geopolityczny szpagat?<\/p>\n<p class=\"ods-c-paragraph \">Liu wezwa\u0142 r\u00f3wnie\u017c UE do zintensyfikowania wsp\u00f3\u0142pracy klimatycznej z Chinami, ale stwierdzi\u0142, \u017ce nie ma &#8222;prawdziwego zamiennika&#8221; dla Stan\u00f3w Zjednoczonych.<\/p>\n<p class=\"ods-c-paragraph \">\u2014 Bior\u0105c pod uwag\u0119 obecne wyzwania, zar\u00f3wno geopolityczne, jak i gospodarcze,<\/p>\n<blockquote class=\"ods-o-quota\">\n<p class=\"ods-o-quota__paragraph\">UE i Chiny musz\u0105 naprawd\u0119 zacie\u015bni\u0107 wsp\u00f3\u0142prac\u0119 w zakresie przeciwdzia\u0142ania zmianom klimatycznym<\/p>\n<\/blockquote>\n<p class=\"ods-c-paragraph \">\u2014 powiedzia\u0142. \u2014 Unia Europejska mo\u017ce si\u0119 wiele nauczy\u0107 od Chin, a Chiny mog\u0105 si\u0119 wiele nauczy\u0107 od Unii Europejskiej.<\/p>\n<p><img decoding=\"async\" src=\"https:\/\/www.europesays.com\/pl\/wp-content\/uploads\/2025\/11\/5k3k9lBaHR0cHM6Ly9vY2RuLmV1L3B1bHNjbXMvTURBXy8yYmY0MDQ1NzZhZmQyYzlkOWViNDcyYjAwMzdkZGVlNS5qcGeRlQLNB.jpeg\" height=\"592\" width=\"940\" alt=\"Komin elektrowni emituje oczyszczone spaliny. Binzhou, Chiny, 25 lutego 2025 r.\" loading=\"lazy\" class=\"ods-c-image__img ods-c-image__img--viewport-width\"\/><\/p>\n<p>Komin elektrowni emituje oczyszczone spaliny. Binzhou, Chiny, 25 lutego 2025 r.CFOTO \/ Contributor \/ Getty Images<\/p>\n<p class=\"ods-c-paragraph \">Sugerowa\u0142 jednak, \u017ce blok ten musi rozwi\u0105za\u0107 swoje <a href=\"https:\/\/www.onet.pl\/informacje\/nowaeuropawschodnia\/sprawiedliwosc-na-rozdrozu-wyzwania-dla-ue-i-dla-polski\/99t6nzx,30bc1058\" id=\"08a59ce7-ca40-44d2-a313-c69f2f5cce38\" rel=\"nofollow noopener\" target=\"_blank\">wewn\u0119trzne spory,<\/a> je\u015bli chce odgrywa\u0107 g\u0142\u00f3wn\u0105 rol\u0119 w globalnych rozmowach \u2014 nawi\u0105zuj\u0105c do wewn\u0119trznych nieporozumie\u0144, kt\u00f3re op\u00f3\u017ani\u0142y <a href=\"https:\/\/www.onet.pl\/informacje\/deutsche-welle\/ue-ma-nowy-cel-klimatyczny-zlagodzono-plan\/46sh8ng,0666d3f1\" id=\"937c3269-470e-4851-a748-944809aa34b4\" rel=\"nofollow noopener\" target=\"_blank\">realizacj\u0119 cel\u00f3w klimatycznych UE<\/a> i uniemo\u017cliwi\u0142y wsp\u00f3lne og\u0142oszenie cel\u00f3w Pekinu i Brukseli.<\/p>\n<p class=\"ods-c-paragraph \">\u2014 Mam nadziej\u0119, \u017ce Unia Europejska znacznie poprawi swoj\u0105 wewn\u0119trzn\u0105 koordynacj\u0119 \u2014 ostrzeg\u0142, dodaj\u0105c, \u017ce mo\u017ce to wp\u0142yn\u0105\u0107 na &#8222;jej zasadnicz\u0105 rol\u0119 w tym globalnym procesie wielostronnym&#8221;.<\/p>\n<p class=\"ods-c-paragraph \">Jeden z europejskich negocjator\u00f3w powiedzia\u0142, \u017ce Chiny &#8222;czu\u0142y si\u0119 zawiedzione przez UE&#8221; i &#8222;o\u015bwiadczy\u0142y, \u017ce s\u0105 gotowe do wsp\u00f3lnej prezentacji [cel\u00f3w klimatycznych] w czerwcu&#8221;.<\/p>\n<p class=\"ods-c-paragraph \">Komisja Europejska nie odpowiedzia\u0142a na pro\u015bb\u0119 o komentarz.<\/p>\n<p class=\"ods-c-paragraph \">Nie wymieniaj\u0105c nazwy UE, Liu ostrzeg\u0142 r\u00f3wnie\u017c przed &#8222;jednostronnymi \u015brodkami, kt\u00f3re mog\u0105 zaszkodzi\u0107 mi\u0119dzynarodowej wsp\u00f3\u0142pracy&#8221; w zakresie klimatu.<\/p>\n<p>Pod\u0105\u017cajcie za Trumpem &#8222;zanim b\u0119dzie za p\u00f3\u017ano&#8221;<\/p>\n<p class=\"ods-c-paragraph \">Podczas COP30 wiele gospodarek wschodz\u0105cych naciska\u0142o na debat\u0119 na temat &#8222;jednostronnych \u015brodk\u00f3w handlowych&#8221;. Posuni\u0119cie to dotyczy g\u0142\u00f3wnie planowanej przez UE <a href=\"https:\/\/www.onet.pl\/styl-zycia\/onetkobieta\/ceny-wegla-w-2025-r-moga-zaskoczyc-ile-zaplacimy-za-tone-opalu\/wlgckck,2b83378a\" id=\"5a493410-b79c-4e4b-9dcb-50d2d74ced06\" rel=\"nofollow noopener\" target=\"_blank\">taryfy w\u0119glowej<\/a>, znanej jako mechanizm dostosowania cen na granicach w\u0119glowych (CBAM), kt\u00f3ry ma chroni\u0107 przemys\u0142 UE przed konkurencj\u0105 ze strony kraj\u00f3w, w kt\u00f3rych ceny emisji dwutlenku w\u0119gla s\u0105 niskie lub nie istniej\u0105.<\/p>\n<p class=\"ods-c-paragraph \">Bruksela twierdzi, \u017ce jest otwarta na dyskusje, ale wszelkie spory powinny by\u0107 rozstrzygane przez \u015awiatow\u0105 Organizacj\u0119 Handlu, a nie podczas szczytu klimatycznego ONZ.<\/p>\n<p>Dalszy ci\u0105g artyku\u0142u pod materia\u0142em wideo<\/p>\n<p class=\"ods-c-paragraph \">\u2014 Ludzie obawiaj\u0105 si\u0119 zar\u00f3wno wdro\u017cenia CBAM od przysz\u0142ego roku, jak i wojny celnej w Stanach Zjednoczonych. To mo\u017ce naprawd\u0119 uniemo\u017cliwi\u0107 wsp\u00f3\u0142prac\u0119 w zakresie transformacji \u2014 powiedzia\u0142 Liu.<\/p>\n<p class=\"ods-c-paragraph \">Zapytana o komentarz Liu, rzeczniczka Bia\u0142ego Domu Taylor Rogers powiedzia\u0142a:<\/p>\n<p class=\"ods-c-paragraph \">\u2014 Prezydent Trump da\u0142 silny przyk\u0142ad reszcie \u015bwiata, odwracaj\u0105c kurs w sprawie oszustwa zwi\u0105zanego z zielon\u0105 energi\u0105 i uwalniaj\u0105c nasze zasoby naturalne.<\/p>\n<p class=\"ods-c-paragraph \">Wezwa\u0142a r\u00f3wnie\u017c inne kraje do &#8222;pod\u0105\u017cania za przyk\u0142adem prezydenta Trumpa, zanim b\u0119dzie za p\u00f3\u017ano&#8221;.<\/p>\n<p class=\"ods-c-paragraph \">Departament Stanu USA nie udzieli\u0142 bezpo\u015bredniej odpowiedzi, ale odni\u00f3s\u0142 si\u0119 do swojej nieobecno\u015bci na konferencji COP30, stwierdzaj\u0105c, \u017ce: &#8222;Administracja Trumpa odm\u00f3wi\u0142a wykorzystania pieni\u0119dzy podatnik\u00f3w do wys\u0142ania lub u\u0142atwienia jakiejkolwiek oficjalnej podr\u00f3\u017cy na t\u0119 konferencj\u0119, kt\u00f3rej celem jest os\u0142abienie ameryka\u0144skiej gospodarki i doprowadzenie do bankructwa ameryka\u0144skiego spo\u0142ecze\u0144stwa&#8221;.<\/p>\n","protected":false},"excerpt":{"rendered":"\u2014 Nowe cele Unii Europejskiej dotycz\u0105ce ograniczenia zanieczyszcze\u0144 s\u0105 niewystarczaj\u0105ce \u2014 powiedzia\u0142 chi\u0144ski wys\u0142annik ds. klimatu w rozmowie&hellip;\n","protected":false},"author":2,"featured_media":107487,"comment_status":"","ping_status":"","sticky":false,"template":"","format":"standard","meta":{"footnotes":""},"categories":[14],"tags":[56,32,33,85,44,27,5603,34,35,28,31,48,25,46,40,41,47,80,29,30,94,71,26,82,83,84],"class_list":{"0":"post-107486","1":"post","2":"type-post","3":"status-publish","4":"format-standard","5":"has-post-thumbnail","7":"category-swiat","8":"tag-article_premium","9":"tag-breaking-news","10":"tag-breakingnews","11":"tag-chiny","12":"tag-donald_trump","13":"tag-headlines","14":"tag-kryzys_klimatyczny","15":"tag-latest-news","16":"tag-latestnews","17":"tag-naglowki","18":"tag-najwazniejsze-artykuly","19":"tag-nat_styl","20":"tag-news","21":"tag-omp","22":"tag-polish","23":"tag-polski","24":"tag-screening_general","25":"tag-swiat","26":"tag-top-stories","27":"tag-topstories","28":"tag-ue","29":"tag-usa","30":"tag-wiadomosci","31":"tag-world","32":"tag-world-news","33":"tag-worldnews"},"share_on_mastodon":{"url":"https:\/\/pubeurope.com\/@pl\/115572029935791543","error":""},"_links":{"self":[{"href":"https:\/\/www.europesays.com\/pl\/wp-json\/wp\/v2\/posts\/107486","targetHints":{"allow":["GET"]}}],"collection":[{"href":"https:\/\/www.europesays.com\/pl\/wp-json\/wp\/v2\/posts"}],"about":[{"href":"https:\/\/www.europesays.com\/pl\/wp-json\/wp\/v2\/types\/post"}],"author":[{"embeddable":true,"href":"https:\/\/www.europesays.com\/pl\/wp-json\/wp\/v2\/users\/2"}],"replies":[{"embeddable":true,"href":"https:\/\/www.europesays.com\/pl\/wp-json\/wp\/v2\/comments?post=107486"}],"version-history":[{"count":0,"href":"https:\/\/www.europesays.com\/pl\/wp-json\/wp\/v2\/posts\/107486\/revisions"}],"wp:featuredmedia":[{"embeddable":true,"href":"https:\/\/www.europesays.com\/pl\/wp-json\/wp\/v2\/media\/107487"}],"wp:attachment":[{"href":"https:\/\/www.europesays.com\/pl\/wp-json\/wp\/v2\/media?parent=107486"}],"wp:term":[{"taxonomy":"category","embeddable":true,"href":"https:\/\/www.europesays.com\/pl\/wp-json\/wp\/v2\/categories?post=107486"},{"taxonomy":"post_tag","embeddable":true,"href":"https:\/\/www.europesays.com\/pl\/wp-json\/wp\/v2\/tags?post=107486"}],"curies":[{"name":"wp","href":"https:\/\/api.w.org\/{rel}","templated":true}]}}