{"id":107492,"date":"2025-11-18T18:08:08","date_gmt":"2025-11-18T18:08:08","guid":{"rendered":"https:\/\/www.europesays.com\/pl\/107492\/"},"modified":"2025-11-18T18:08:08","modified_gmt":"2025-11-18T18:08:08","slug":"to-juz-pewne-polski-trener-podpisze-kontrakt-z-klubem-bundesligi-przeglad-sportowy-onet","status":"publish","type":"post","link":"https:\/\/www.europesays.com\/pl\/107492\/","title":{"rendered":"To ju\u017c pewne! Polski trener podpisze kontrakt z klubem Bundesligi &#8211; Przegl\u0105d Sportowy Onet"},"content":{"rendered":"<ol>\n<li><a href=\"https:\/\/news.google.com\/rss\/articles\/CBMixwFBVV95cUxPUlRlOGlWV0Y3dTFSUzdodTBNenVMYW56eHc1T0IzNnBzYWpITkMzT1VOMUhQZUhyVXNlR3JReHB5cVBPb2loUGJ0dlZTM3pPdXlub09mQU1OZVpqQXhwRnIwMlZQS1lYc3BVV2lwYkZXVXJoODRGQWZmY2xvTkRYa3dDVWFqRkxxNXZzNjFOUTVGT0FHUEFXazZpM3RpaEY3T2xIdnd5OFRNM0JNdHZKQ3VKY1A5UWJiaUIwajMtUENYQXl6OVJJ?oc=5\" target=\"_blank\" rel=\"nofollow noopener\">To ju\u017c pewne! Polski trener podpisze kontrakt z klubem Bundesligi<\/a>&nbsp;&nbsp;Przegl\u0105d Sportowy Onet<\/li>\n<li><a href=\"https:\/\/news.google.com\/rss\/articles\/CBMixAFBVV95cUxOZ3d1X0JITHJEelVHM1ZlN2RkZWVPZFM2Y0lSbUI2Y2tHWjhRaU5lOU1pWjdaclZYbjlsYkJSc3pfRzB3aV9vdVM2RUJLNWotM1Q3bExDNXNTcDVYS0dOSktyWmpBc2YwbC1jcUt6UFFHZEZ4N0ZFNmJSRnFUbzdpX21oaFBPamtHb0tIWFJhcEx3eVpLTi0xYVNqZ1RsLVYxaEpIMVlycUFYQ2xkLU9lV3hpSHJkWFc4MGgzYmE3ZHEwWnBP?oc=5\" target=\"_blank\" rel=\"nofollow noopener\">Ju\u017c nie ma z\u0142udze\u0144 ws. Polaka. Robi furor\u0119 w Bundeslidze, Niemcy w\u0142a\u015bnie og\u0142osili<\/a>&nbsp;&nbsp;Sport w INTERIA.PL<\/li>\n<li><a href=\"https:\/\/news.google.com\/rss\/articles\/CBMipgFBVV95cUxNak01UDZLcm9pQnVnQVNJWlZPc2tqN3RTVm13aDZ1ZHg5Y2Y1THpqZWtWOG5xVVpMb1lNTmxkcGFCeGlWTGR1Q0dMUlhfQTFDVUxDajJ3dExCaEl2bEtjcmxOZ2lzeUxtN3g1WDZsbS12MGo2MktQdkZIdEdUSkJBS3FhazNpeUkwVnJxblBNUzZsOW56TGNMckNfSnh3aGVQemNsY1N30gGrAUFVX3lxTE5KN1pHZXpwV1JZSVlqcUJwNHMwdFduT1NtV2Z2Nl9MVU5vOTBwMUVXOFpkMExJWjV4Slk3dHhCU2dkeHZHVFNrTVlxRDl5Mi14NlN5RFRaeFVTZDlvRlhGU0tPNU90S0lUbW16VUxEYkZLTnVpVFRmLVBMUlZsUHMwc1ljMjFXalNPSGNZS0EwLTN3WVNqS3FKN1FkellBMVRYY091dk9SbjE3dw?oc=5\" target=\"_blank\" rel=\"nofollow noopener\">Oficjalnie: Eugen Polanski trenerem Borussii Moenchengladbach do 2028 roku<\/a>&nbsp;&nbsp;sport.tvp.pl<\/li>\n<li><a href=\"https:\/\/news.google.com\/rss\/articles\/CBMi4wFBVV95cUxPNG1NMlJBZHpQTUFSbGZOTUl2SzE0MUFYZENtTm9jdjA0UVNGcktiQ3dxTDBMZUNYMkhlMjNveHEydzZWM0Zudk5mcDZYMENxOHlUUmdCWHdkeVBNd19ENFpEMFBaYzJJTEhFb013MXNhZkpPRmtHcjlDNVlTNVVLVUdDOXpnLTd1Qi1QNjh5YU1DdlJwM2M4QUJGZ0M1MTI2NXgtUWQwXzBBTnNtcWl5RE1VSVNZenlRLWFDZmdpWlVCSXNCVUdhWURZNGdVa2NBYU1nSHdhTjdDTW1FSnQ5MUtPVQ?oc=5\" target=\"_blank\" rel=\"nofollow noopener\">Eugen Polanski z nowym kontraktem w Gladbach<\/a>&nbsp;&nbsp;Flashscore.pl<\/li>\n<li><a href=\"https:\/\/news.google.com\/rss\/articles\/CBMitgFBVV95cUxPQUthVE1aZFk0MF9sYTBBWGZHcjBCR2lrVjl1YnpqekdMdE9oVHA4aTl5cC1OWGdOMEJYX290eXh1SDg5VkNoS1VUcnF3cTNNT19JQTluZFRfQVZnd3VaRUpZaWJxbThxSHRUdmpDbF9pc0RsYWViVTRUeWFDT21UeW9MUGhOTkU5d3JWc1BRLVNsaGVMVDRIb09rSHJqYXE4dUJtMllnYk5lQkVRSm4teDM0eEVkQQ?oc=5\" target=\"_blank\" rel=\"nofollow noopener\">Dogadali si\u0119! Polski trener podpisa\u0142 kontrakt z klubem z Bundesligi Pi\u0142ka no\u017cna<\/a>&nbsp;&nbsp;Sport.pl<\/li>\n<\/ol>\n","protected":false},"excerpt":{"rendered":"To ju\u017c pewne! Polski trener podpisze kontrakt z klubem Bundesligi&nbsp;&nbsp;Przegl\u0105d Sportowy Onet Ju\u017c nie ma z\u0142udze\u0144 ws. Polaka.&hellip;\n","protected":false},"author":2,"featured_media":107493,"comment_status":"","ping_status":"","sticky":false,"template":"","format":"standard","meta":{"footnotes":""},"categories":[24],"tags":[933,23796,67,42,38,40,39,41,136,128,47,127,135,126,130],"class_list":{"0":"post-107492","1":"post","2":"type-post","3":"status-publish","4":"format-standard","5":"has-post-thumbnail","7":"category-sport","8":"tag-bundesliga","9":"tag-eugen_polanski","10":"tag-intextvideo_splayer","11":"tag-pl","12":"tag-poland","13":"tag-polish","14":"tag-polska","15":"tag-polski","16":"tag-ps_detal_new","17":"tag-psv2","18":"tag-screening_general","19":"tag-sport","20":"tag-sport_sport","21":"tag-sports","22":"tag-wiadomosci_sportowe"},"share_on_mastodon":{"url":"https:\/\/pubeurope.com\/@pl\/115572041803867342","error":""},"_links":{"self":[{"href":"https:\/\/www.europesays.com\/pl\/wp-json\/wp\/v2\/posts\/107492","targetHints":{"allow":["GET"]}}],"collection":[{"href":"https:\/\/www.europesays.com\/pl\/wp-json\/wp\/v2\/posts"}],"about":[{"href":"https:\/\/www.europesays.com\/pl\/wp-json\/wp\/v2\/types\/post"}],"author":[{"embeddable":true,"href":"https:\/\/www.europesays.com\/pl\/wp-json\/wp\/v2\/users\/2"}],"replies":[{"embeddable":true,"href":"https:\/\/www.europesays.com\/pl\/wp-json\/wp\/v2\/comments?post=107492"}],"version-history":[{"count":0,"href":"https:\/\/www.europesays.com\/pl\/wp-json\/wp\/v2\/posts\/107492\/revisions"}],"wp:featuredmedia":[{"embeddable":true,"href":"https:\/\/www.europesays.com\/pl\/wp-json\/wp\/v2\/media\/107493"}],"wp:attachment":[{"href":"https:\/\/www.europesays.com\/pl\/wp-json\/wp\/v2\/media?parent=107492"}],"wp:term":[{"taxonomy":"category","embeddable":true,"href":"https:\/\/www.europesays.com\/pl\/wp-json\/wp\/v2\/categories?post=107492"},{"taxonomy":"post_tag","embeddable":true,"href":"https:\/\/www.europesays.com\/pl\/wp-json\/wp\/v2\/tags?post=107492"}],"curies":[{"name":"wp","href":"https:\/\/api.w.org\/{rel}","templated":true}]}}