{"id":107506,"date":"2025-11-18T18:15:10","date_gmt":"2025-11-18T18:15:10","guid":{"rendered":"https:\/\/www.europesays.com\/pl\/107506\/"},"modified":"2025-11-18T18:15:10","modified_gmt":"2025-11-18T18:15:10","slug":"afera-wokol-ochroniarza-igi-swiatek-powazne-oskarzenia-mamy-reakcje-zwiazku","status":"publish","type":"post","link":"https:\/\/www.europesays.com\/pl\/107506\/","title":{"rendered":"Afera wok\u00f3\u0142 ochroniarza Igi \u015awi\u0105tek. Powa\u017cne oskar\u017cenia. Mamy reakcje zwi\u0105zku"},"content":{"rendered":"<p class=\"Paragraph_desktopParagraph__Fd2e9\">Iga \u015awi\u0105tek i pozosta\u0142e reprezentantki Polski pod wodz\u0105 Dawida Celta w ostatnich dniach wywalczy\u0142y w Gorzowie Wielkopolskim awans do turnieju kwalifikacyjnego Billie Jean King Cup. Bia\u0142o-Czerwone bardzo pewnie rozprawi\u0142y si\u0119 z zawodniczki z Rumunii i Nowej Zelandii i zameldowa\u0142y si\u0119 dalej. Echa turnieju jednak nie milkn\u0105. A to za spraw\u0105 przywo\u0142anego ju\u017c Sylwestra &#8222;Dzika Gorzowskiego&#8221; Lisa, kt\u00f3ry w trakcie zawod\u00f3w pe\u0142ni\u0142 rol\u0119 ochroniarza najlepszej polskiej tenisistki.<\/p>\n<p class=\"VideoPlayerText_videoPlayerText__zrtJk\">Dalszy ci\u0105g materia\u0142u pod wideo<\/p>\n<p class=\"Paragraph_desktopParagraph__Fd2e9\">By\u0142 obecny przy niej w\u0142a\u015bciwie ca\u0142y czas i decyzja o skorzystaniu z tego typu us\u0142ugi nie powinna nikogo dziwi\u0107. Nie tak dawno \u2014 w marcu 2025 r. podczas turnieju Miami Open \u2014 druga rakieta \u015bwiata by\u0142a zaczepiana podczas treningu przez swojego hejtera. Zasiad\u0142 on w\u00f3wczas na trybunach i wykrzykiwa\u0142 obra\u017aliwe has\u0142a w stron\u0119 Polki dotycz\u0105ce jej sytuacji rodzinnej czy relacji z Dari\u0105 Abramowicz.<\/p>\n<p>O co chodzi w sprawie &#8222;Dzika Gorzowskiego&#8221;? Wyja\u015bniamy<\/p>\n<p class=\"Paragraph_desktopParagraph__Fd2e9\">Dlatego zar\u00f3wno sztab, jak i organizatorzy maj\u0105 \u015bwiadomo\u015b\u0107, \u017ce trzeba dba\u0107 o bezpiecze\u0144stwo zawodniczek i osobista ochrona w obecnych czasach nie jest ju\u017c czym\u015b nadzwyczajnym. Tak te\u017c by\u0142o w Gorzowie Wielkopolskim. W sieci jednak bardzo szybko pojawi\u0142y si\u0119 powa\u017cne zarzuty wobec wspomnianego &#8222;Dzika Gorzowskiego&#8221; ze strony jednej z internautek.<\/p>\n<p class=\"Paragraph_desktopParagraph__Fd2e9\">&#8222;Osoba, kt\u00f3ra ma szerok\u0105 kartotek\u0119 karn\u0105. Odsiedzia\u0142 wyrok w wi\u0119zieniu, w 2024 r. zosta\u0142 skazany za gro\u017aby karalne oraz obecnie tocz\u0105 si\u0119 wobec niego post\u0119powania karne. Osoba, kt\u00f3ra grozi i zastrasza kobiety&#8221; \u2014 mogli\u015bmy przeczyta\u0107 we wpisie pani Dalii na jej Instagramie. Sam zainteresowany szybko odpowiedzia\u0142 na tej samej platformie. &#8222;Niestety od chwili, gdy stan\u0105\u0142em po stronie pana Paw\u0142a [m\u0119\u017ca pani Dalii], pani Dalia zacz\u0119\u0142a mnie publicznie oczernia\u0107, nazywa\u0107 \u00bbkryminalist\u0105\u00ab, obra\u017ca\u0107 w spos\u00f3b wulgarny, a tak\u017ce atakowa\u0107 moj\u0105 fundacj\u0119&#8221; \u2014 czytamy.<\/p>\n<p>PZT reaguje na zamieszanie wok\u00f3\u0142 ochroniarza Igi \u015awi\u0105tek<\/p>\n<p class=\"Paragraph_desktopParagraph__Fd2e9\">Do tej pory by\u0142a to jednak konfrontacja na zasadzie s\u0142owo przeciwko s\u0142owu. Jak wi\u0119c jest w rzeczywisto\u015bci? O to zapytali\u015bmy Polski Zwi\u0105zek Tenisowy, kt\u00f3ry przedstawi\u0142 nam swoje stanowisko dotycz\u0105ce zatrudnienia Lisa przez organizator\u00f3w turnieju Billie Jean King Cup w Gorzowie Wielkopolskim. Jak si\u0119 okazuje, sprawdzono aktualn\u0105 sytuacj\u0119 prawn\u0105 &#8222;Dzika Gorzowskiego&#8221; i jest ona jednoznaczna. Pe\u0142na tre\u015b\u0107 o\u015bwiadczenia znajduje si\u0119 pod zdj\u0119ciem.<\/p>\n<p class=\"Paragraph_desktopParagraph__Fd2e9\">Sylwester Lis by\u0142 obecny u boku Igi \u015awi\u0105tek niemal bez przerw<\/p>\n<p><img decoding=\"async\" src=\"https:\/\/www.europesays.com\/pl\/wp-content\/uploads\/2025\/11\/iga-swiatek-i-dzik-gorzowski-po-prawej-stronie.jpg\" alt=\"Iga \u015awi\u0105tek i &quot;Dzik Gorzowski&quot; po prawej stronie\" width=\"944\" height=\"629\" loading=\"lazy\" class=\"\" \/>Iga \u015awi\u0105tek i &#8222;Dzik Gorzowski&#8221; po prawej stronie (Foto: Tomasz Browarczyk\/400 mm.pl \/ newspix.pl)<\/p>\n<p class=\"Paragraph_desktopParagraph__Fd2e9\">Za zapewnienie bezpiecze\u0144stwa podczas imprezy Play-Offs Billie Jean King Cup w Gorzowie Wielkopolskim odpowiada\u0142a, dzia\u0142aj\u0105ca na podstawie wydanej przez Ministerstwo Spraw Wewn\u0119trznych koncesji w zakresie us\u0142ug ochrony os\u00f3b i mienia zewn\u0119trzna firma SEKRET.<\/p>\n<p class=\"Paragraph_desktopParagraph__Fd2e9\">Jednym z jej pracownik\u00f3w podczas w\/w wydarzenia by\u0142 Sylwester Lis. Polski Zwi\u0105zek Tenisowy posiada:<\/p>\n<ul class=\"UnorderedList_container__KYgxM\">\n<li class=\"UnorderedList_listElement___UdbM\">kopi\u0119 Zapytania o Udzielenie Informacji o Osobie z dnia 3.11.2025, zgodnie z kt\u00f3rym nie figuruje on w Kartotece Karnej Krajowego Rejestru Karnego,<\/li>\n<li class=\"UnorderedList_listElement___UdbM\">kopi\u0119 Informacji o Osobie z Krajowego Rejestru Karnego z dnia 3.11.2025, zgodnie z kt\u00f3r\u0105 nie figuruje on w Kartotece Nieletnich,<\/li>\n<li class=\"UnorderedList_listElement___UdbM\">kopi\u0119 Zapytania do Rejestru Sprawc\u00f3w Przest\u0119pstw na Tle Seksualnym, zgodnie z kt\u00f3r\u0105 nie figuruje on w Rejestrze na dzie\u0144 9.05.2025.<\/li>\n<\/ul>\n<p class=\"Paragraph_desktopParagraph__Fd2e9\">Podkre\u015blamy jednocze\u015bnie, \u017ce zagwarantowanie bezpiecze\u0144stwa wszystkim uczestnikom imprez organizowanych przez Polski Zwi\u0105zek Tenisowy jest najwy\u017cszym priorytetem.<\/p>\n<p>Tak &#8222;Dzik Gorzowski&#8221; podsumowa\u0142 prac\u0119 z Ig\u0105 \u015awi\u0105tek. To dlatego go wybrano<\/p>\n<p class=\"Paragraph_desktopParagraph__Fd2e9\">Warto wspomnie\u0107, \u017ce na \u0142amach &#8222;Super Expressu&#8221; Lis wypowiedzia\u0142 si\u0119 r\u00f3wnie\u017c na temat samej pracy wok\u00f3\u0142 \u015awi\u0105tek. W\u00f3wczas wyja\u015bni\u0142o si\u0119 r\u00f3wnie\u017c, dlaczego postawiono w\u0142a\u015bnie na niego. \u2014 Na takie stanowisko wybiera si\u0119 osoby wyj\u0105tkowo czujne i potrafi\u0105ce przewidywa\u0107 potencjalne zagro\u017cenia. W tym przypadku organizatorzy korzystali z us\u0142ug firmy ochroniarskiej i to w\u0142a\u015bnie kierownictwo tej firmy zdecydowa\u0142o, \u017ce to ja b\u0119d\u0119 osob\u0105 odpowiedzialn\u0105 za opiek\u0119 nad Ig\u0105 \u2014 m\u00f3wi\u0142.<\/p>\n<p class=\"Paragraph_desktopParagraph__Fd2e9\">\u2014 Rozmawiali\u015bmy wielokrotnie. Zar\u00f3wno o moich startach w zawodach strongman\u00f3w, jak i o jej sportowych osi\u0105gni\u0119ciach. Iga okaza\u0142a si\u0119 osob\u0105 otwart\u0105, pogodn\u0105 i bardzo sympatyczn\u0105. Ale nawet gdyby\u015bmy nie rozmawiali, ju\u017c sam spos\u00f3b, w jaki zachowywa\u0142a si\u0119 wobec kibic\u00f3w, pokazuje, \u017ce jest cz\u0142owiekiem skromnym, kulturalnym i dobrze wiedz\u0105cym, czego chce. Ma \u015bwietny kontakt z fanami i ogromn\u0105 energi\u0119 \u2014 doda\u0142 na temat pracy przy ochronie drugiej rakiety \u015bwiata.<\/p>\n","protected":false},"excerpt":{"rendered":"Iga \u015awi\u0105tek i pozosta\u0142e reprezentantki Polski pod wodz\u0105 Dawida Celta w ostatnich dniach wywalczy\u0142y w Gorzowie Wielkopolskim awans&hellip;\n","protected":false},"author":2,"featured_media":107507,"comment_status":"","ping_status":"","sticky":false,"template":"","format":"standard","meta":{"footnotes":""},"categories":[24],"tags":[14094,523,252,67,42,38,40,39,41,23807,136,128,23806,47,127,135,126,156,130],"class_list":{"0":"post-107506","1":"post","2":"type-post","3":"status-publish","4":"format-standard","5":"has-post-thumbnail","7":"category-sport","8":"tag-billie_jean_king_cup","9":"tag-gorzow_wielkopolski","10":"tag-iga_swiatek","11":"tag-intextvideo_splayer","12":"tag-pl","13":"tag-poland","14":"tag-polish","15":"tag-polska","16":"tag-polski","17":"tag-polski_zwiazek_tenisowy","18":"tag-ps_detal_new","19":"tag-psv2","20":"tag-pzt","21":"tag-screening_general","22":"tag-sport","23":"tag-sport_sport","24":"tag-sports","25":"tag-tenis","26":"tag-wiadomosci_sportowe"},"share_on_mastodon":{"url":"https:\/\/pubeurope.com\/@pl\/115572069361393371","error":""},"_links":{"self":[{"href":"https:\/\/www.europesays.com\/pl\/wp-json\/wp\/v2\/posts\/107506","targetHints":{"allow":["GET"]}}],"collection":[{"href":"https:\/\/www.europesays.com\/pl\/wp-json\/wp\/v2\/posts"}],"about":[{"href":"https:\/\/www.europesays.com\/pl\/wp-json\/wp\/v2\/types\/post"}],"author":[{"embeddable":true,"href":"https:\/\/www.europesays.com\/pl\/wp-json\/wp\/v2\/users\/2"}],"replies":[{"embeddable":true,"href":"https:\/\/www.europesays.com\/pl\/wp-json\/wp\/v2\/comments?post=107506"}],"version-history":[{"count":0,"href":"https:\/\/www.europesays.com\/pl\/wp-json\/wp\/v2\/posts\/107506\/revisions"}],"wp:featuredmedia":[{"embeddable":true,"href":"https:\/\/www.europesays.com\/pl\/wp-json\/wp\/v2\/media\/107507"}],"wp:attachment":[{"href":"https:\/\/www.europesays.com\/pl\/wp-json\/wp\/v2\/media?parent=107506"}],"wp:term":[{"taxonomy":"category","embeddable":true,"href":"https:\/\/www.europesays.com\/pl\/wp-json\/wp\/v2\/categories?post=107506"},{"taxonomy":"post_tag","embeddable":true,"href":"https:\/\/www.europesays.com\/pl\/wp-json\/wp\/v2\/tags?post=107506"}],"curies":[{"name":"wp","href":"https:\/\/api.w.org\/{rel}","templated":true}]}}