{"id":107508,"date":"2025-11-18T18:16:22","date_gmt":"2025-11-18T18:16:22","guid":{"rendered":"https:\/\/www.europesays.com\/pl\/107508\/"},"modified":"2025-11-18T18:16:22","modified_gmt":"2025-11-18T18:16:22","slug":"maurycy-popiel-ma-nowa-partnerke-rozstal-sie-z-zona-po-13-latach-zwiazku","status":"publish","type":"post","link":"https:\/\/www.europesays.com\/pl\/107508\/","title":{"rendered":"Maurycy Popiel ma now\u0105 partnerk\u0119. Rozsta\u0142 si\u0119 z \u017con\u0105 po 13 latach zwi\u0105zku"},"content":{"rendered":"<ul>\n<li>Maurycy Popiel rozsta\u0142 si\u0119 z Izabel\u0105 Warykiewicz po 13 latach zwi\u0105zku.<\/li>\n<li>Maurycy Popiel bierze rozw\u00f3d z Izabel\u0105 Warykiewicz. Ju\u017c ma now\u0105 partnerk\u0119.<\/li>\n<li>Kim jest nowa partnerka Maurycego Popiela? Te\u017c jest aktork\u0105.<\/li>\n<\/ul>\n<p>\t\t\t\t                                    \t<a name=\"eztoc22593326_0_3\" id=\"eztoc22593326_0_3\"\/>Maurycy Popiel rozwodzi si\u0119 z \u017con\u0105. Ma now\u0105 partnerk\u0119<\/p>\n<p>\n<a href=\"https:\/\/www.meloradio.pl\/tag\/kategoria\/maurycy-popiel\" target=\"_blank\" rel=\"dofollow noopener\">Maurycy Popiel<\/a> wzi\u0105\u0142 udzia\u0142 w \u201e<br \/>\n<a href=\"https:\/\/www.meloradio.pl\/tag\/kategoria\/taniec-z-gwiazdami\" target=\"_blank\" rel=\"dofollow noopener\">Ta\u0144cu z Gwiazdami<\/a>\u201d w naprawd\u0119 trudnym okresie jego \u017cycia prywatnego. Kr\u00f3tko przed premier\u0105 tanecznego show Polsatu wysz\u0142o na jaw, \u017ce aktor<br \/>\n<a href=\"https:\/\/www.meloradio.pl\/plotki\/to-koniec-malzenstwa-gwiazdora-m-jak-milosc-maurycy-popiel-mial-zostawic-zone\" target=\"_blank\" rel=\"dofollow noopener\">po 13 latach rozsta\u0142 si\u0119 z Izabel\u0105 Warykiewicz<\/a>. Wed\u0142ug plotek<br \/>\n<a href=\"https:\/\/www.meloradio.pl\/plotki\/plotkuja-o-romansie-maurycego-popiela-to-dla-niej-mial-odejsc-od-zony\" target=\"_blank\" rel=\"dofollow noopener\">Maurycy Popiel mia\u0142 wej\u015b\u0107 w blisk\u0105 relacj\u0119 z Emm\u0105 Gieg\u017cno<\/a>. Wkr\u00f3ce media zacz\u0119\u0142y donosi\u0107 o rozwodzie gwiazdora \u201e<br \/>\n<a href=\"https:\/\/www.meloradio.pl\/tag\/kategoria\/m-jak-milosc\" target=\"_blank\" rel=\"dofollow noopener\">M jak mi\u0142o\u015b\u0107<\/a>\u201d, a<br \/>\n<a href=\"https:\/\/www.meloradio.pl\/newsy\/po-rozstaniu-z-maurycym-popielem-musiala-isc-na-terapie-mowi-co-ja-spotkalo\" target=\"_blank\" rel=\"dofollow noopener\">Izabela Warykiewicz ujawni\u0142a, \u017ce po rozpadzie ich zwi\u0105zku musia\u0142a i\u015b\u0107 na terapi\u0119<\/a>. P\u00f3\u017aniej<br \/>\n<a href=\"https:\/\/www.meloradio.pl\/dramy\/zadrwila-z-udzialu-popiela-w-tancu-z-gwiazdami-edycja-rozwodnikuw\" target=\"_blank\" rel=\"dofollow noopener\">drwi\u0142a, \u017ce jubileuszowy sezon \u201eTa\u0144ca z Gwiazdami\u201d to \u201eedycja rozwodnik\u00f3w\u201d<\/a>. Mimo kontrowersji Maurycemu Popielowi uda\u0142o si\u0119 doj\u015b\u0107 a\u017c do \u015bcis\u0142ego fina\u0142u programu. Teraz wysz\u0142o na jaw, \u017ce aktor ma ju\u017c now\u0105 partnerk\u0119.<\/p>\n<p><a name=\"eztoc22593326_0_4\" id=\"eztoc22593326_0_4\"\/>Kim jest nowa partnerka Maurycego Popiela?<\/p>\n<p>Maurycy Popiel zosta\u0142 przy\u0142apany przez paparazzi u boku tajemniczej blondynki, z kt\u00f3r\u0105 uda\u0142 si\u0119 na afterparty po finale \u201eTa\u0144ca z Gwiazdami\u201d. Para nie szcz\u0119dzi\u0142a sobie czu\u0142o\u015bci i \u015bwietnie bawi\u0142a si\u0119 w swoim towarzystwie. Pudelek ustali\u0142, \u017ce nowa wybranka Maurycego Popiela tak\u017ce jest aktork\u0105, kt\u00f3ra niedawno wyst\u0105pi\u0142a razem z ukochanym w \u201eM jak mi\u0142o\u015b\u0107\u201d.<\/p>\n<blockquote class=\"blockquote\">\n<p>    Wszystko wskazuje na to, \u017ce aktor jest w zwi\u0105zku z Magdalen\u0105 Dwurzy\u0144sk\u0105, aktork\u0105, kt\u00f3ra ma na koncie role w produkcjach, takich jak \u201eB\u0142azny\u201d, \u201eKomisarz mama\u201d, \u201eBarwy Szcz\u0119\u015bcia\u201d czy \u201eMalanowski i partnerzy. Nowe rozdanie\u201d. Jej talent mo\u017cna podziwia\u0107 r\u00f3wnie\u017c na deskach Teatru im. J. Osterwy w Gorzowie Wielkopolskim. 31-latka jest absolwentk\u0105 Szko\u0142y Filmowej w \u0141odzi. W 2024 roku otrzyma\u0142a nagrod\u0119 \u201eRising Star\u201d dla najlepszego aktorskiego debiutu w Konkursie Polskich Film\u00f3w Fabularnych na Mi\u0119dzynarodowym Festiwalu Kina Niezale\u017cnego \u201eOff Camera\u201d<br \/>\n    &#8211; czytamy.<\/p><\/blockquote>\n<p>                            <img decoding=\"async\" data-ot-ignore=\"\" class=\" \" src=\"https:\/\/www.europesays.com\/pl\/wp-content\/uploads\/2025\/11\/Magdalena-Dwurzynska.jpg\" width=\"1200\" height=\"799\" alt=\"Magdalena Dwurzy\u0144ska\" data- title=\"Magdalena Dwurzy\u0144ska\" data-portal-copyright=\"Artur Zawadzki\/East News\" loading=\"lazy\"\/><\/p>\n<p>                                fot.<br \/>\n                                    Artur Zawadzki\/East News<\/p>\n<p>                                Magdalena Dwurzy\u0144ska<\/p>\n<p>\u0179r\u00f3d\u0142o: Meloradio.pl\/Pudelek<\/p>\n","protected":false},"excerpt":{"rendered":"Maurycy Popiel rozsta\u0142 si\u0119 z Izabel\u0105 Warykiewicz po 13 latach zwi\u0105zku. Maurycy Popiel bierze rozw\u00f3d z Izabel\u0105 Warykiewicz.&hellip;\n","protected":false},"author":2,"featured_media":107509,"comment_status":"","ping_status":"","sticky":false,"template":"","format":"standard","meta":{"footnotes":""},"categories":[22],"tags":[122,7250,23808,17533,42,38,40,39,41,123,7249,7248],"class_list":{"0":"post-107508","1":"post","2":"type-post","3":"status-publish","4":"format-standard","5":"has-post-thumbnail","7":"category-rozrywka","8":"tag-entertainment","9":"tag-historie-gwiazd","10":"tag-m-jak-milosc","11":"tag-maurycy-popiel","12":"tag-pl","13":"tag-poland","14":"tag-polish","15":"tag-polska","16":"tag-polski","17":"tag-rozrywka","18":"tag-rozstania-gwiazd","19":"tag-zwiazki-gwiazd"},"share_on_mastodon":{"url":"https:\/\/pubeurope.com\/@pl\/115572073307814692","error":""},"_links":{"self":[{"href":"https:\/\/www.europesays.com\/pl\/wp-json\/wp\/v2\/posts\/107508","targetHints":{"allow":["GET"]}}],"collection":[{"href":"https:\/\/www.europesays.com\/pl\/wp-json\/wp\/v2\/posts"}],"about":[{"href":"https:\/\/www.europesays.com\/pl\/wp-json\/wp\/v2\/types\/post"}],"author":[{"embeddable":true,"href":"https:\/\/www.europesays.com\/pl\/wp-json\/wp\/v2\/users\/2"}],"replies":[{"embeddable":true,"href":"https:\/\/www.europesays.com\/pl\/wp-json\/wp\/v2\/comments?post=107508"}],"version-history":[{"count":0,"href":"https:\/\/www.europesays.com\/pl\/wp-json\/wp\/v2\/posts\/107508\/revisions"}],"wp:featuredmedia":[{"embeddable":true,"href":"https:\/\/www.europesays.com\/pl\/wp-json\/wp\/v2\/media\/107509"}],"wp:attachment":[{"href":"https:\/\/www.europesays.com\/pl\/wp-json\/wp\/v2\/media?parent=107508"}],"wp:term":[{"taxonomy":"category","embeddable":true,"href":"https:\/\/www.europesays.com\/pl\/wp-json\/wp\/v2\/categories?post=107508"},{"taxonomy":"post_tag","embeddable":true,"href":"https:\/\/www.europesays.com\/pl\/wp-json\/wp\/v2\/tags?post=107508"}],"curies":[{"name":"wp","href":"https:\/\/api.w.org\/{rel}","templated":true}]}}