{"id":107566,"date":"2025-11-18T18:56:05","date_gmt":"2025-11-18T18:56:05","guid":{"rendered":"https:\/\/www.europesays.com\/pl\/107566\/"},"modified":"2025-11-18T18:56:05","modified_gmt":"2025-11-18T18:56:05","slug":"biznes-lubi-cisze-daniel-obajtek-zeznawal-jako-swiadek-w-sadzie","status":"publish","type":"post","link":"https:\/\/www.europesays.com\/pl\/107566\/","title":{"rendered":"&#8222;Biznes lubi cisz\u0119&#8221;. Daniel Obajtek zeznawa\u0142 jako \u015bwiadek w s\u0105dzie"},"content":{"rendered":"<ul class=\"UnorderedList_container__nmfSl\">\n<li class=\"UnorderedList_listElement__Py7xi\" data-id=\"ai-summary-link\">Du\u017co czytania, a ma\u0142o czasu? Sprawd\u017a\u00a0skr\u00f3t\u00a0artyku\u0142u<\/li>\n<\/ul>\n<p class=\"Paragraph_desktopParagraph__U31Gm\">Daniel Obajtek jest jednym ze \u015bwiadk\u00f3w, kt\u00f3rych przes\u0142ucha\u0142 we wtorek S\u0105d Okr\u0119gowy w \u0141odzi w sprawie z pow\u00f3dztwa Orlenu, kt\u00f3ry kwestionuje wydatki z karty s\u0142u\u017cbowej by\u0142ego wiceprezesa Orlenu Micha\u0142a Roga na kwot\u0119 ponad 600 tys. z\u0142.<\/p>\n<p class=\"VideoPlayerText_videoPlayerText__iDwyz\">Dalszy ci\u0105g materia\u0142u pod wideo<\/p>\n<p class=\"Paragraph_desktopParagraph__U31Gm\">Pytany o wydatki ze s\u0142u\u017cbowych kart kredytowych Obajtek powiedzia\u0142, \u017ce &#8222;kultura biznesowa polega na tym, \u017ce spotkania odbywaj\u0105 si\u0119 w restauracjach, a zaproszenie ze strony kontrahenta wymaga wzajemno\u015bci, wi\u0119c kiedy nas zapraszano, na przyk\u0142ad do palarni cygar, my te\u017c to robili\u015bmy, \u017ceby to odwzajemni\u0107&#8221;.<\/p>\n<ul class=\"OchatFollowUps_wrapper__1ry7X\">\n<li class=\"OchatFollowUps_item__Dhyly OchatFollowUps_itemDesktop__R6aBv\">Kto zeznawa\u0142 w s\u0105dzie?<\/li>\n<li class=\"OchatFollowUps_item__Dhyly OchatFollowUps_itemDesktop__R6aBv\">O jak\u0105 kwot\u0119 chodzi w sprawie Micha\u0142a Roga?<\/li>\n<li class=\"OchatFollowUps_item__Dhyly OchatFollowUps_itemDesktop__R6aBv\">Jakie by\u0142y praktyki dotycz\u0105ce opis\u00f3w wydatk\u00f3w s\u0142u\u017cbowych?<\/li>\n<li class=\"OchatFollowUps_item__Dhyly OchatFollowUps_itemDesktop__R6aBv\">Co Orlen \u017c\u0105da od Daniela Obajtka?<\/li>\n<\/ul>\n<p class=\"Paragraph_desktopParagraph__U31Gm\">Doda\u0142, \u017ce wszystkie wydatki z kart kredytowych zarz\u0105du monitorowa\u0142o Centrum Us\u0142ug Korporacyjnych i je\u015bli rozliczy\u0142o ono wydatki, to uzna\u0142o, \u017ce wydatki zosta\u0142y poniesione zgodnie z przepisami. Pe\u0142n\u0105 \u015bwiadomo\u015b\u0107 wydatk\u00f3w \u2014 wed\u0142ug Obajtka \u2014 mia\u0142a tak\u017ce rada nadzorcza Orlenu.<\/p>\n<p>Daniel Obajtek w s\u0105dzie. &#8222;Biznes lubi cisz\u0119&#8221; <\/p>\n<p class=\"Paragraph_desktopParagraph__U31Gm\">Zaznaczy\u0142, \u017ce nie praktykowa\u0142o si\u0119 dok\u0142adnego opisu faktur za spotkania biznesowe z nazwiskami ich uczestnik\u00f3w z kilku powod\u00f3w. Jak zezna\u0142, by\u0142oby to k\u0142opotliwe i nieeleganckie robi\u0107 list\u0119 obecno\u015bci po spotkaniu, np. z szejkiem. Poza tym takie spotkania, zaznaczy\u0142 Obajtek, s\u0105 tajemnic\u0105 sp\u00f3\u0142ki, bo mog\u0105 wywo\u0142a\u0107 reperkusje na gie\u0142dzie.<\/p>\n<p class=\"Paragraph_desktopParagraph__U31Gm\">\u2014 Podawa\u0142o si\u0119 dat\u0119 i opis jako spotkanie biznesowe. Nigdy nie rozpisywa\u0142o si\u0119 na osoby i nie wpisywa\u0142o si\u0119, z kim si\u0119 spotykali\u015bmy. Bo biznes lubi cisz\u0119 \u2014 powiedzia\u0142. Obajtek zezna\u0142, \u017ce ka\u017cdy cz\u0142onek zarz\u0105du mia\u0142 s\u0142u\u017cbow\u0105 kart\u0119 kredytow\u0105, ale jej u\u017cywanie zale\u017ca\u0142o od pe\u0142nionej roli.<\/p>\n<p class=\"Paragraph_desktopParagraph__U31Gm\">\u2014 Najwa\u017cniejsze sprawy spoczywa\u0142y na dw\u00f3ch cz\u0142onkach zarz\u0105du, a Micha\u0142 R\u00f3g prowadzi\u0142 najtrudniejszy fragment firmy. Bardzo cz\u0119sto odbywa\u0142 spotkania zagraniczne. Konstrukcja tych spotka\u0144 i kultura biznesowa wymaga\u0142y wydatk\u00f3w z jego strony \u2014 powiedzia\u0142 Obajtek.<\/p>\n<p>Orlen \u017c\u0105da zwrotu ogromnych pieni\u0119dzy <\/p>\n<p class=\"Paragraph_desktopParagraph__U31Gm\">Doda\u0142, \u017ce prowadzenie biznesu polega na tym, \u017ce spotkania odbywaj\u0105 si\u0119 cz\u0119sto w restauracjach i odwzajemnia si\u0119 zaproszenia. \u2014 Kiedy zaproszono nas do lo\u017cy podczas Formu\u0142y 1, musieli\u015bmy si\u0119 odwzajemni\u0107 \u2014 powiedzia\u0142 Obajtek. Przyzna\u0142, \u017ce na wspomnianych spotkaniach w palarni cygar osobi\u015bcie nie by\u0142, ale wie od dyrektor\u00f3w, \u017ce si\u0119 odbywa\u0142y, widzia\u0142 i akceptowa\u0142 faktury.<\/p>\n<p class=\"Paragraph_desktopParagraph__U31Gm\">Sp\u00f3\u0142ka Orlen pozwa\u0142a by\u0142ych cz\u0142onk\u00f3w zarz\u0105du Daniela Obajtka i Micha\u0142a Roga w grudniu 2024 r. \u017b\u0105da zwrotu pieni\u0119dzy, 160 tys. z\u0142 od Daniela Obajtka i ponad 600 tys. z\u0142 od Micha\u0142a Roga, kt\u00f3re zdaniem sp\u00f3\u0142ki mia\u0142y by\u0107 przeznaczone na cele prywatne, np. na wizyty w hotelach i restauracjach. Oba procesy tocz\u0105 si\u0119 r\u00f3wnolegle przed S\u0105dem Okr\u0119gowym w \u0141odzi.<\/p>\n","protected":false},"excerpt":{"rendered":"Du\u017co czytania, a ma\u0142o czasu? Sprawd\u017a\u00a0skr\u00f3t\u00a0artyku\u0142u Daniel Obajtek jest jednym ze \u015bwiadk\u00f3w, kt\u00f3rych przes\u0142ucha\u0142 we wtorek S\u0105d Okr\u0119gowy&hellip;\n","protected":false},"author":2,"featured_media":107567,"comment_status":"","ping_status":"","sticky":false,"template":"","format":"standard","meta":{"footnotes":"","_share_on_mastodon":"0"},"categories":[5],"tags":[32,33,4470,36,37,27,67,34,35,28,31,53,25,52,68,51,10771,55,42,38,40,39,41,349,47,29,30,65,50,26],"class_list":["post-107566","post","type-post","status-publish","format-standard","has-post-thumbnail","category-naglowki","tag-breaking-news","tag-breakingnews","tag-daniel_obajtek_manager_polityk","tag-featured-news","tag-featurednews","tag-headlines","tag-intextvideo_splayer","tag-latest-news","tag-latestnews","tag-naglowki","tag-najwazniejsze-artykuly","tag-new_header","tag-news","tag-onet3","tag-onet3d","tag-onet3d_2i","tag-orlen_firma_pkn_orlen","tag-phx","tag-pl","tag-poland","tag-polish","tag-polska","tag-polski","tag-prokuratura_prokurator_prokuratorzy","tag-screening_general","tag-top-stories","tag-topstories","tag-update_me","tag-v2021","tag-wiadomosci"],"share_on_mastodon":{"url":"https:\/\/pubeurope.com\/@pl\/115572230406108785","error":""},"_links":{"self":[{"href":"https:\/\/www.europesays.com\/pl\/wp-json\/wp\/v2\/posts\/107566","targetHints":{"allow":["GET"]}}],"collection":[{"href":"https:\/\/www.europesays.com\/pl\/wp-json\/wp\/v2\/posts"}],"about":[{"href":"https:\/\/www.europesays.com\/pl\/wp-json\/wp\/v2\/types\/post"}],"author":[{"embeddable":true,"href":"https:\/\/www.europesays.com\/pl\/wp-json\/wp\/v2\/users\/2"}],"replies":[{"embeddable":true,"href":"https:\/\/www.europesays.com\/pl\/wp-json\/wp\/v2\/comments?post=107566"}],"version-history":[{"count":0,"href":"https:\/\/www.europesays.com\/pl\/wp-json\/wp\/v2\/posts\/107566\/revisions"}],"wp:featuredmedia":[{"embeddable":true,"href":"https:\/\/www.europesays.com\/pl\/wp-json\/wp\/v2\/media\/107567"}],"wp:attachment":[{"href":"https:\/\/www.europesays.com\/pl\/wp-json\/wp\/v2\/media?parent=107566"}],"wp:term":[{"taxonomy":"category","embeddable":true,"href":"https:\/\/www.europesays.com\/pl\/wp-json\/wp\/v2\/categories?post=107566"},{"taxonomy":"post_tag","embeddable":true,"href":"https:\/\/www.europesays.com\/pl\/wp-json\/wp\/v2\/tags?post=107566"}],"curies":[{"name":"wp","href":"https:\/\/api.w.org\/{rel}","templated":true}]}}