{"id":107610,"date":"2025-11-18T19:31:14","date_gmt":"2025-11-18T19:31:14","guid":{"rendered":"https:\/\/www.europesays.com\/pl\/107610\/"},"modified":"2025-11-18T19:31:14","modified_gmt":"2025-11-18T19:31:14","slug":"zarzuty-mandaty-za-ponad-30-tys-i-210-punktow-karnych-policja-pl","status":"publish","type":"post","link":"https:\/\/www.europesays.com\/pl\/107610\/","title":{"rendered":"Zarzuty, mandaty za ponad 30 tys. i 210 punkt\u00f3w karnych &#8211; Policja.pl"},"content":{"rendered":"<p>&#13;<\/p>\n<p>    Zarzuty, mandaty za ponad 30 tys. i 210 punkt\u00f3w karnych    <img decoding=\"async\" src=\"https:\/\/www.europesays.com\/pl\/wp-content\/uploads\/2025\/11\/3.gif\" alt=\"Gda\u0144sk\" aria-hidden=\"true\"\/>    <\/p>\n<p>      Data publikacji  18.11.2025<\/p>\n<p class=\"intro\">Gda\u0144scy policjanci zatrzymali 22-latka, kt\u00f3ry pr\u00f3bowa\u0142 unikn\u0105\u0107 kontroli drogowej. M\u0119\u017cczyzna us\u0142ysza\u0142 dwa zarzuty karne, zosta\u0142 ukarany mandatami na kwot\u0119 31.500 z\u0142 i 210 punktami karnymi. Ma te\u017c zakaz prowadzenia pojazd\u00f3w, policyjny doz\u00f3r oraz por\u0119czenie maj\u0105tkowe w wysoko\u015bci 5 tys. z\u0142. Za tego typu przest\u0119pstwo grozi kara nawet 5 lat wi\u0119zienia.<\/p>\n<p>   &#13;<\/p>\n<ul>&#13;<br \/>\n    &#13;<br \/>\n        &#13;<\/p>\n<li class=\"\">&#13;<br \/>\n      &#13;<br \/>\n        <a href=\"https:\/\/www.policja.pl\/dokumenty\/zalaczniki\/1\/1-463686.jpg\" title=\"\" class=\"ceraBox\" rel=\"gallery nofollow noopener\" target=\"_blank\">&#13;<\/p>\n<p>            <img decoding=\"async\" src=\"https:\/\/www.europesays.com\/pl\/wp-content\/uploads\/2025\/11\/1-463686_m.jpg\" alt=\"Nieoznakowany radiow\u00f3z i policjanci przy zatrzymanym samochodzie na drodze.\"\/><br \/>\n          &#13;<br \/>\n        <\/a>&#13;<br \/>\n              &#13;\n    <\/li>\n<p>&#13;<br \/>\n    &#13;<br \/>\n        &#13;\n          <\/ul>\n<p>&#13;<\/p>\n<p>W minion\u0105 niedziel\u0119 (16 listopada) policjanci ruchu drogowego z gda\u0144skiej komendy miejskiej zmierzyli pr\u0119dko\u015b\u0107 jad\u0105cego przed nimi audi. Kieruj\u0105cy przekroczy\u0142 na al. Zwyci\u0119stwa dopuszczaln\u0105 pr\u0119dko\u015b\u0107 o 58 km\/h i policjanci dali mu sygna\u0142y do zatrzymania.<\/p>\n<p>&#13;<br \/>\n&#13;<\/p>\n<p>W pewnym momencie siedz\u0105cy za kierownica audi m\u0119\u017cczyzna gwa\u0142townie przyspieszy\u0142 i zacz\u0105\u0142 ucieka\u0107. Policjanci ruszyli za nim i nie trac\u0105c go z oczu, ca\u0142y czas za nim jechali ul. Jana z Kolna, Marynarki Polskiej i Sucharskiego, a gdy wjecha\u0142 na S-7, zosta\u0142 zatrzymany.<\/p>\n<p>&#13;<br \/>\n&#13;<\/p>\n<p>Policjanci przeprowadzili badania na obecno\u015b\u0107 narkotyk\u00f3w oraz alkoholu w organizmie i sprawdzili jego dane w policyjnych systemach. Szybko si\u0119 okaza\u0142o, \u017ce 22-letni obywatel Ukrainy 27 wrze\u015bnia nie zatrzyma\u0142 si\u0119 do kontroli drogowej na drodze S-6.<\/p>\n<p>&#13;<br \/>\n&#13;<\/p>\n<p>M\u0119\u017cczyzna zosta\u0142 doprowadzony do komisariatu i nast\u0119pnego dnia us\u0142ysza\u0142 dwa zarzuty niezatrzymania si\u0119 do kontroli drogowej. Za wykroczenia, kt\u00f3rych dopu\u015bci\u0142 si\u0119 podczas brawurowej ucieczki przed radiowozem, zosta\u0142 ukarany mandatami na kwot\u0119 31.500 z\u0142 oraz 210 pkt karnymi. Dodatkowo prokurator zastosowa\u0142 wobec niego zakaz prowadzenia pojazd\u00f3w, policyjny doz\u00f3r oraz obowi\u0105zek wp\u0142aceni 5000 z\u0142 z tytu\u0142u por\u0119czenia maj\u0105tkowego.<\/p>\n<p>&#13;<br \/>\n&#13;<\/p>\n<p>Za niezatrzymanie si\u0119 do kontroli drogowej grozi kara 5 lat wi\u0119zienia.<\/p>\n<p>&#13;<br \/>\n&#13;<\/p>\n<p>(KWP w Gda\u0144sku \/ kp)<\/p>\n<p>&#13;<br \/>\n          &#13;<br \/>\n  &#13;<\/p>\n","protected":false},"excerpt":{"rendered":"&#13; Zarzuty, mandaty za ponad 30 tys. i 210 punkt\u00f3w karnych Data publikacji 18.11.2025 Gda\u0144scy policjanci zatrzymali 22-latka,&hellip;\n","protected":false},"author":2,"featured_media":107611,"comment_status":"","ping_status":"","sticky":false,"template":"","format":"standard","meta":{"footnotes":""},"categories":[5],"tags":[32,33,36,37,27,16553,34,35,28,31,25,42,38,414,40,39,41,16554,29,30,26,16555],"class_list":{"0":"post-107610","1":"post","2":"type-post","3":"status-publish","4":"format-standard","5":"has-post-thumbnail","7":"category-naglowki","8":"tag-breaking-news","9":"tag-breakingnews","10":"tag-featured-news","11":"tag-featurednews","12":"tag-headlines","13":"tag-komenda-glowna-policji","14":"tag-latest-news","15":"tag-latestnews","16":"tag-naglowki","17":"tag-najwazniejsze-artykuly","18":"tag-news","19":"tag-pl","20":"tag-poland","21":"tag-policja","22":"tag-polish","23":"tag-polska","24":"tag-polski","25":"tag-portal-policji","26":"tag-top-stories","27":"tag-topstories","28":"tag-wiadomosci","29":"tag-wiadomosci-z-policji"},"share_on_mastodon":{"url":"https:\/\/pubeurope.com\/@pl\/115572368106793106","error":""},"_links":{"self":[{"href":"https:\/\/www.europesays.com\/pl\/wp-json\/wp\/v2\/posts\/107610","targetHints":{"allow":["GET"]}}],"collection":[{"href":"https:\/\/www.europesays.com\/pl\/wp-json\/wp\/v2\/posts"}],"about":[{"href":"https:\/\/www.europesays.com\/pl\/wp-json\/wp\/v2\/types\/post"}],"author":[{"embeddable":true,"href":"https:\/\/www.europesays.com\/pl\/wp-json\/wp\/v2\/users\/2"}],"replies":[{"embeddable":true,"href":"https:\/\/www.europesays.com\/pl\/wp-json\/wp\/v2\/comments?post=107610"}],"version-history":[{"count":0,"href":"https:\/\/www.europesays.com\/pl\/wp-json\/wp\/v2\/posts\/107610\/revisions"}],"wp:featuredmedia":[{"embeddable":true,"href":"https:\/\/www.europesays.com\/pl\/wp-json\/wp\/v2\/media\/107611"}],"wp:attachment":[{"href":"https:\/\/www.europesays.com\/pl\/wp-json\/wp\/v2\/media?parent=107610"}],"wp:term":[{"taxonomy":"category","embeddable":true,"href":"https:\/\/www.europesays.com\/pl\/wp-json\/wp\/v2\/categories?post=107610"},{"taxonomy":"post_tag","embeddable":true,"href":"https:\/\/www.europesays.com\/pl\/wp-json\/wp\/v2\/tags?post=107610"}],"curies":[{"name":"wp","href":"https:\/\/api.w.org\/{rel}","templated":true}]}}