{"id":107821,"date":"2025-11-18T22:25:08","date_gmt":"2025-11-18T22:25:08","guid":{"rendered":"https:\/\/www.europesays.com\/pl\/107821\/"},"modified":"2025-11-18T22:25:08","modified_gmt":"2025-11-18T22:25:08","slug":"hanna-brzezinska-byla-ikona-prl-u-dzis-jej-wnuk-jest-znany-w-mediach","status":"publish","type":"post","link":"https:\/\/www.europesays.com\/pl\/107821\/","title":{"rendered":"Hanna Brzezi\u0144ska by\u0142a ikon\u0105 PRL-u. Dzi\u015b jej wnuk jest znany w mediach"},"content":{"rendered":"<p>Brzezi\u0144ska urodzi\u0142a si\u0119 18 listopada 1909 roku. Zadebiutowa\u0142a w\u00a0Teatrze Narodowym, a\u00a0szerok\u0105 popularno\u015b\u0107 zdoby\u0142a dzi\u0119ki epizodycznej roli w\u00a0&#8222;Dziewcz\u0119tach z\u00a0Nowolipek&#8221;. Jej g\u0142\u0119boki alt i\u00a0ognisty temperament w\u00a0hiszpa\u0144skim tangu &#8222;Ostatni u\u015bmiech&#8221; uczyni\u0142y j\u0105 jedn\u0105 z\u00a0najbardziej pami\u0119tnych gwiazd PRL-u. Wkr\u00f3tce zacz\u0119\u0142a nagrywa\u0107 piosenki i\u00a0zdoby\u0142a sympati\u0119 r\u00f3wnie\u017c za granic\u0105, zw\u0142aszcza w\u00a0Stanach Zjednoczonych.<\/p>\n<p>W 1937 roku Brzezi\u0144ska zyska\u0142a popularno\u015b\u0107 dzi\u0119ki epizodycznej roli c\u00f3rki str\u00f3\u017cki w\u00a0filmie &#8222;Dziewcz\u0119ta z\u00a0Nowolipek&#8221;. Rok p\u00f3\u017aniej zagra\u0142a Celin\u0119 we &#8222;Wrzosie&#8221; Juliusza Gardana, gdzie wykona\u0142a piosenk\u0119 Szpilmana, zachwycaj\u0105c publiczno\u015b\u0107. Nagrania w\u00a0wytw\u00f3rni fonograficznej otworzy\u0142y jej drog\u0119 do mi\u0119dzynarodowej kariery, a\u00a0w\u00a01939 roku wraz z\u00a0Ch\u00f3rem Dana, w\u00a0kt\u00f3rym \u015bpiewa\u0142 jej brat Wac\u0142aw, odby\u0142a tourn\u00e9e po Stanach Zjednoczonych.<\/p>\n<p>Iwona Pavlovi\u0107 o\u00a0s\u0142owach Ewy Kasprzyk. Czuje si\u0119 ura\u017cona? &#8222;Znam swoj\u0105 warto\u015b\u0107&#8221;<\/p>\n<p>Podczas II wojny \u015bwiatowej Brzezi\u0144ska \u0142\u0105czy\u0142a dzia\u0142alno\u015b\u0107 konspiracyjn\u0105 z\u00a0wyst\u0119pami artystycznymi. \u015apiewa\u0142a w\u00a0teatrach, dawa\u0142a koncerty dla \u017co\u0142nierzy AK i\u00a0odwiedza\u0142a szpitale, przynosz\u0105c rado\u015b\u0107 i\u00a0pocieszenie swoim g\u0142osem. Jej wyst\u0119py w\u00a0tym trudnym okresie mia\u0142y nie tylko wymiar artystyczny, ale przede wszystkim pocieszaj\u0105cy i\u00a0dodaj\u0105cy otuchy, a\u00a0sama Brzezi\u0144ska dba\u0142a o\u00a0opiek\u0119 nad potrzebuj\u0105cymi, \u0142\u0105cz\u0105c wra\u017cliwo\u015b\u0107 aktorsk\u0105 z\u00a0ludzkim wsparciem.<\/p>\n<p>Po wojnie Brzezi\u0144ska wyst\u0119powa\u0142a w\u00a0Teatrze Starym w\u00a0Krakowie, a\u00a0p\u00f3\u017aniej w\u00a0Teatrze Klasycznym w\u00a0Warszawie, zdobywaj\u0105c uznanie zar\u00f3wno krytyk\u00f3w, jak i\u00a0publiczno\u015bci. R\u00f3wnocze\u015bnie nagrywa\u0142a dla Polskiego Radia i\u00a0regularnie pojawia\u0142a si\u0119 w\u00a0kabaretach oraz na estradzie, wykonuj\u0105c zar\u00f3wno nowe piosenki, jak i\u00a0przedwojenne przeboje, dzi\u0119ki czemu jej talent dociera\u0142 do szerokiego grona odbiorc\u00f3w. Zmar\u0142a w\u00a01998 roku w\u00a0Warszawie.<\/p>\n<p>Ma\u0142o kto wie, \u017ce wnuk Brzezi\u0144skiej, Jacek \u017bakowski, jest dzi\u015b jednym z\u00a0najbardziej rozpoznawalnych polskich dziennikarzy. Przez lata pracowa\u0142 w\u00a0takich tytu\u0142ach jak &#8222;Gazeta Wyborcza&#8221; czy &#8222;Polityka&#8221; i\u00a0aktywnie uczestniczy\u0142 w\u00a0\u017cyciu publicznym.<\/p>\n<p>Zapraszamy na grup\u0119 na Facebooku &#8211;\u00a0<a href=\"https:\/\/www.facebook.com\/groups\/540919303734252\" rel=\"noopener noreferrer nofollow\" target=\"_blank\">#Samodba\u0142o\u015b\u0107<\/a>. To tu b\u0119dziemy informowa\u0107 na bie\u017c\u0105co o\u00a0wywiadach, nowych historiach. Do\u0142\u0105czcie do nas i\u00a0zapro\u015bcie wszystkie znajome. Czekamy na was!<\/p>\n","protected":false},"excerpt":{"rendered":"Brzezi\u0144ska urodzi\u0142a si\u0119 18 listopada 1909 roku. Zadebiutowa\u0142a w\u00a0Teatrze Narodowym, a\u00a0szerok\u0105 popularno\u015b\u0107 zdoby\u0142a dzi\u0119ki epizodycznej roli w\u00a0&#8222;Dziewcz\u0119tach z\u00a0Nowolipek&#8221;.&hellip;\n","protected":false},"author":2,"featured_media":107822,"comment_status":"","ping_status":"","sticky":false,"template":"","format":"standard","meta":{"footnotes":""},"categories":[22],"tags":[122,42,38,40,39,41,123],"class_list":{"0":"post-107821","1":"post","2":"type-post","3":"status-publish","4":"format-standard","5":"has-post-thumbnail","7":"category-rozrywka","8":"tag-entertainment","9":"tag-pl","10":"tag-poland","11":"tag-polish","12":"tag-polska","13":"tag-polski","14":"tag-rozrywka"},"share_on_mastodon":{"url":"","error":""},"_links":{"self":[{"href":"https:\/\/www.europesays.com\/pl\/wp-json\/wp\/v2\/posts\/107821","targetHints":{"allow":["GET"]}}],"collection":[{"href":"https:\/\/www.europesays.com\/pl\/wp-json\/wp\/v2\/posts"}],"about":[{"href":"https:\/\/www.europesays.com\/pl\/wp-json\/wp\/v2\/types\/post"}],"author":[{"embeddable":true,"href":"https:\/\/www.europesays.com\/pl\/wp-json\/wp\/v2\/users\/2"}],"replies":[{"embeddable":true,"href":"https:\/\/www.europesays.com\/pl\/wp-json\/wp\/v2\/comments?post=107821"}],"version-history":[{"count":0,"href":"https:\/\/www.europesays.com\/pl\/wp-json\/wp\/v2\/posts\/107821\/revisions"}],"wp:featuredmedia":[{"embeddable":true,"href":"https:\/\/www.europesays.com\/pl\/wp-json\/wp\/v2\/media\/107822"}],"wp:attachment":[{"href":"https:\/\/www.europesays.com\/pl\/wp-json\/wp\/v2\/media?parent=107821"}],"wp:term":[{"taxonomy":"category","embeddable":true,"href":"https:\/\/www.europesays.com\/pl\/wp-json\/wp\/v2\/categories?post=107821"},{"taxonomy":"post_tag","embeddable":true,"href":"https:\/\/www.europesays.com\/pl\/wp-json\/wp\/v2\/tags?post=107821"}],"curies":[{"name":"wp","href":"https:\/\/api.w.org\/{rel}","templated":true}]}}