{"id":107858,"date":"2025-11-18T22:56:08","date_gmt":"2025-11-18T22:56:08","guid":{"rendered":"https:\/\/www.europesays.com\/pl\/107858\/"},"modified":"2025-11-18T22:56:08","modified_gmt":"2025-11-18T22:56:08","slug":"odciete-rece-lezaly-na-autostradzie-wstrzasajace-odkrycie-w-niemczech","status":"publish","type":"post","link":"https:\/\/www.europesays.com\/pl\/107858\/","title":{"rendered":"Odci\u0119te r\u0119ce le\u017ca\u0142y na autostradzie. Wstrz\u0105saj\u0105ce odkrycie w Niemczech"},"content":{"rendered":"<p class=\"art_paragraph\">W nocy z\u00a016 na 17 listopada na autostradzie A45 w Nadrenii P\u00f3\u0142nocnej-Westfalii na zachodzie <a href=\"https:\/\/wiadomosci.gazeta.pl\/niemcy#anchorLink\" rel=\"nofollow noopener\" target=\"_blank\">Niemiec<\/a> zosta\u0142y znalezione r\u0119ce kobiety. Nale\u017ca\u0142y do 32-letniej kobiety z Erytrei &#8211; poinformowa\u0142y we wtorek <a href=\"https:\/\/wiadomosci.gazeta.pl\/policja#anchorLink\" rel=\"nofollow noopener\" target=\"_blank\">policja<\/a> w Hagen oraz <a href=\"https:\/\/wiadomosci.gazeta.pl\/prokuratura#anchorLink\" rel=\"nofollow noopener\" target=\"_blank\">prokuratura<\/a> w Siegen.<\/p>\n<p> \u015alad prowadzi do o\u015brodka dla uchod\u017ac\u00f3w<\/p>\n<p class=\"art_paragraph\">Trzymiesi\u0119czne dziecko tej kobiety odnaleziono przed klasztorem w Hesji, w miejscowo\u015bci Waldsolms. Wed\u0142ug ustale\u0144 \u015bledczych kobieta by\u0142a zameldowana ze swoim dzieckiem w o\u015brodku dla\u00a0<a href=\"https:\/\/wiadomosci.gazeta.pl\/uchodzcy#anchorLink\" rel=\"nofollow noopener\" target=\"_blank\">uchod\u017ac\u00f3w<\/a>\u00a0w Bonn. Niemowl\u0119 znaleziono ju\u017c w niedziel\u0119, 16 listopada. By\u0142o ca\u0142e i zdrowe, zostawiono je w w\u00f3zku przed klasztorem. Obecnie znajduje si\u0119 pod opiek\u0105 odpowiednich instytucji. Okoliczno\u015bci, w jakich dziecko trafi\u0142o przed klasztor, s\u0105 r\u00f3wnie niejasne jak miejsce pobytu kobiety. Poszukiwania 32-latki nie przynios\u0142y na <a href=\"https:\/\/wiadomosci.gazeta.pl\/Razem#anchorLink\" rel=\"nofollow noopener\" target=\"_blank\">razie<\/a> rezultat\u00f3w.<\/p>\n<p>\n    Zobacz wideo Czarnek uderza w Czarzastego. &#8222;Komunista!&#8221;\n  <\/p>\n<p> R\u0119ce na jezdni<\/p>\n<p class=\"art_paragraph\">O znalezisku na autostradzie poinformowa\u0142a w nocy kobieta przeje\u017cd\u017caj\u0105ca na odcinku mi\u0119dzy w\u0119z\u0142em Olpe-S\u00fcd a Freudenberg. Wys\u0142any na miejsce patrol policji znalaz\u0142 cz\u0119\u015bci cia\u0142a na jednym z pas\u00f3w ruchu. Policja w Hagen powo\u0142a\u0142a specjaln\u0105 grup\u0119 dochodzeniow\u0105 ds. zab\u00f3jstw i zwr\u00f3ci\u0142a si\u0119 o pomoc do \u015bwiadk\u00f3w.<\/p>\n<p class=\"art_paragraph\"><a href=\"https:\/\/www.dw.com\/pl\/niemcy-na-autostradzie-znaleziono-r%C4%99ce-kobiety\/a-74792913\" class=\"art_link\" rel=\"nofollow noopener\" target=\"_blank\">Artyku\u0142 pochodzi z serwisu Deutsche Welle.<\/a><\/p>\n","protected":false},"excerpt":{"rendered":"W nocy z\u00a016 na 17 listopada na autostradzie A45 w Nadrenii P\u00f3\u0142nocnej-Westfalii na zachodzie Niemiec zosta\u0142y znalezione r\u0119ce&hellip;\n","protected":false},"author":2,"featured_media":107859,"comment_status":"","ping_status":"","sticky":false,"template":"","format":"standard","meta":{"footnotes":""},"categories":[14],"tags":[32,33,27,34,35,28,31,25,40,41,80,29,30,26,82,83,84],"class_list":{"0":"post-107858","1":"post","2":"type-post","3":"status-publish","4":"format-standard","5":"has-post-thumbnail","7":"category-swiat","8":"tag-breaking-news","9":"tag-breakingnews","10":"tag-headlines","11":"tag-latest-news","12":"tag-latestnews","13":"tag-naglowki","14":"tag-najwazniejsze-artykuly","15":"tag-news","16":"tag-polish","17":"tag-polski","18":"tag-swiat","19":"tag-top-stories","20":"tag-topstories","21":"tag-wiadomosci","22":"tag-world","23":"tag-world-news","24":"tag-worldnews"},"share_on_mastodon":{"url":"https:\/\/pubeurope.com\/@pl\/115573174284821308","error":""},"_links":{"self":[{"href":"https:\/\/www.europesays.com\/pl\/wp-json\/wp\/v2\/posts\/107858","targetHints":{"allow":["GET"]}}],"collection":[{"href":"https:\/\/www.europesays.com\/pl\/wp-json\/wp\/v2\/posts"}],"about":[{"href":"https:\/\/www.europesays.com\/pl\/wp-json\/wp\/v2\/types\/post"}],"author":[{"embeddable":true,"href":"https:\/\/www.europesays.com\/pl\/wp-json\/wp\/v2\/users\/2"}],"replies":[{"embeddable":true,"href":"https:\/\/www.europesays.com\/pl\/wp-json\/wp\/v2\/comments?post=107858"}],"version-history":[{"count":0,"href":"https:\/\/www.europesays.com\/pl\/wp-json\/wp\/v2\/posts\/107858\/revisions"}],"wp:featuredmedia":[{"embeddable":true,"href":"https:\/\/www.europesays.com\/pl\/wp-json\/wp\/v2\/media\/107859"}],"wp:attachment":[{"href":"https:\/\/www.europesays.com\/pl\/wp-json\/wp\/v2\/media?parent=107858"}],"wp:term":[{"taxonomy":"category","embeddable":true,"href":"https:\/\/www.europesays.com\/pl\/wp-json\/wp\/v2\/categories?post=107858"},{"taxonomy":"post_tag","embeddable":true,"href":"https:\/\/www.europesays.com\/pl\/wp-json\/wp\/v2\/tags?post=107858"}],"curies":[{"name":"wp","href":"https:\/\/api.w.org\/{rel}","templated":true}]}}