{"id":107860,"date":"2025-11-18T22:57:10","date_gmt":"2025-11-18T22:57:10","guid":{"rendered":"https:\/\/www.europesays.com\/pl\/107860\/"},"modified":"2025-11-18T22:57:10","modified_gmt":"2025-11-18T22:57:10","slug":"akty-dywersji-na-kolei-wprowadzono-trzeci-stopien-alarmowy-charlie","status":"publish","type":"post","link":"https:\/\/www.europesays.com\/pl\/107860\/","title":{"rendered":"Akty dywersji na kolei. Wprowadzono trzeci stopie\u0144 alarmowy CHARLIE"},"content":{"rendered":"<ul class=\"typography ids-typeset-body ids-typeset-body--preset-large list ids-list ids-list--unordered ids-list--size-large \" datatype=\"disc\">\n<li class=\"ids-list-item\">\n<p>Premier Donald Tusk zarz\u0105dzi\u0142 wprowadzenie trzeciego stopnia alarmowego CHARLIE na niemal wszystkich liniach kolejowych po aktach dywersji na trasie Warszawa &#8211; Dorohusk.<\/p>\n<\/li>\n<li class=\"ids-list-item\">\n<p>Stopie\u0144 alarmowy CHARLIE oznacza wprowadzenie dy\u017cur\u00f3w, w tym os\u00f3b odpowiedzialnych za procedury w przypadku zdarze\u0144 o charakterze terrorystycznym.<\/p>\n<\/li>\n<li class=\"ids-list-item\">\n<p>W sprawie atak\u00f3w na kolej podejrzani s\u0105 dwaj Ukrai\u0144cy wsp\u00f3\u0142pracuj\u0105cych z rosyjskimi s\u0142u\u017cbami.<\/p>\n<\/li>\n<li class=\"ids-list-item\">Wi\u0119cej wa\u017cnych informacji znajdziesz na <a class=\"ids-undecorated-link link ids-link link\" href=\"https:\/\/www.interia.pl\/#utm_source=wydarzenia&amp;utm_medium=bullet&amp;utm_campaign=powrot_z_wew&amp;iwa_source=bullet\" target=\"_blank\" rel=\"nofollow noopener\">stronie g\u0142\u00f3wnej Interii<\/a><\/li>\n<\/ul>\n<p class=\"typography ids-typeset-body ids-typeset-body--preset-large link paragraph ids-paragraph ids-paragraph--default\">Premier <a href=\"https:\/\/wydarzenia.interia.pl\/tematy-donald-tusk,gsbi,2\" target=\"_blank\" rel=\"nofollow noopener\">Donald Tusk<\/a> zapowiada\u0142 wcze\u015bniej, \u017ce wyda zarz\u0105dzenie o wprowadzeniu\u00a0trzeciego stopnia alarmowego CHARLIE\u00a0na okre\u015blonych liniach kolejowych.<\/p>\n<p class=\"typography ids-typeset-body ids-typeset-body--preset-large link paragraph ids-paragraph ids-paragraph--default\">W dniach 15-17 listopada na trasie <a href=\"https:\/\/wydarzenia.interia.pl\/tematy-warszawa,gsbi,3411\" target=\"_blank\" rel=\"nofollow noopener\">Warszawa<\/a> &#8211; Dorohusk dosz\u0142o do akt\u00f3w dywersji.<\/p>\n<p>Akty dywersji na kolei. Podnosz\u0105 stopie\u0144 alarmowy<\/p>\n<p class=\"typography ids-typeset-body ids-typeset-body--preset-large link paragraph ids-paragraph ids-paragraph--default\">&#8222;Premier podpisa\u0142 zarz\u0105dzenie wprowadzaj\u0105ce trzeci stopie\u0144 alarmowy na obszarach linii kolejowych zarz\u0105dzanych przez <a href=\"https:\/\/wydarzenia.interia.pl\/tematy-pkp,gsbi,2370\" target=\"_blank\" rel=\"nofollow noopener\">PKP<\/a> Polskie Linie Kolejowe S.A. i PKP Linia Hutnicza Szerokotorowa Sp. z o.o.&#8221; &#8211; poinformowa\u0142o <a href=\"https:\/\/wydarzenia.interia.pl\/tematy-rzadowe-centrum-bezpieczenstwa,gsbi,6472\" rel=\"nofollow noopener\" target=\"_blank\">Rz\u0105dowe Centrum Bezpiecze\u0144stwa<\/a>.<\/p>\n<p class=\"typography ids-typeset-body ids-typeset-body--preset-large link paragraph ids-paragraph ids-paragraph--default\">Sie\u0107 zarz\u0105dzana przez pierwszy z podmiot\u00f3w &#8211; PKP PLK &#8211; stanowi oko\u0142o 93 proc. ca\u0142ej sieci kolejowej w Polsce.<\/p>\n<p class=\"typography ids-typeset-body ids-typeset-body--preset-large link paragraph ids-paragraph ids-paragraph--default\">RCB zaznacza, \u017ce stopie\u0144 CHARLIE b\u0119dzie obowi\u0105zywa\u0142 od p\u00f3\u0142nocy do 28 lutego 2026 r., do godz. 23:59.<\/p>\n<p class=\"typography ids-typeset-body ids-typeset-body--preset-large link paragraph ids-paragraph ids-paragraph--default\">Stopnie alarmowe\u00a0s\u0105 przede wszystkim sygna\u0142em dla s\u0142u\u017cb i administracji publicznej do zachowania szczeg\u00f3lnej czujno\u015bci.<\/p>\n<p class=\"typography ids-typeset-body ids-typeset-body--preset-large link paragraph ids-paragraph ids-paragraph--default\">CHARLIE\u00a0&#8211; trzeci stopie\u0144 alarmowy &#8211; oznacza m.in. wprowadzenie dy\u017cur\u00f3w, w tym os\u00f3b odpowiedzialnych za procedury w przypadku zdarze\u0144 o charakterze terrorystycznym.<\/p>\n<p>Trzeci stopie\u0144 alarmowy CHARLIE. Co to oznacza?<\/p>\n<p class=\"typography ids-typeset-body ids-typeset-body--preset-large link paragraph ids-paragraph ids-paragraph--default\">System jest czterostopniowy: ALFA, BRAVO, CHARLIE i DELTA (najwy\u017cszy) &#8211; tak samo dla cyberprzestrzeni: ALFA-CRP, BRAVO-CRP, CHARLIE-CRP i DELTA-CRP.<\/p>\n<p class=\"typography ids-typeset-body ids-typeset-body--preset-large link paragraph ids-paragraph ids-paragraph--default\">Obecnie w ca\u0142ym kraju do 30 listopada obowi\u0105zuj\u0105 stopnie alarmowe BRAVO i BRAVO-CRP i takie same dla polskiej infrastruktury energetycznej mieszcz\u0105cej si\u0119 poza granicami kraju.<\/p>\n<p class=\"typography ids-typeset-body ids-typeset-body--preset-large link paragraph ids-paragraph ids-paragraph--default\">Wed\u0142ug informacji resortu spraw wewn\u0119trznych stopnie alarmowe na podstawie ustawy o dzia\u0142aniach antyterrorystycznych wprowadzano w naszym kraju podczas mi\u0119dzynarodowych wydarze\u0144, a p\u00f3\u017aniej w zwi\u0105zku z zagro\u017ceniem wynikaj\u0105cym z napa\u015bci <a href=\"https:\/\/wydarzenia.interia.pl\/tematy-rosja,gsbi,3125\" rel=\"nofollow noopener\" target=\"_blank\">Rosji<\/a> na <a href=\"https:\/\/wydarzenia.interia.pl\/tematy-ukraina,gsbi,3144\" rel=\"nofollow noopener\" target=\"_blank\">Ukrain\u0119<\/a>.<\/p>\n<p class=\"typography ids-typeset-body ids-typeset-body--preset-large link paragraph ids-paragraph ids-paragraph--default\">Po raz pierwszy &#8211; od 7 do 10 lipca 2016 r. w zwi\u0105zku ze szczytem <a href=\"https:\/\/wydarzenia.interia.pl\/tematy-nato,gsbi,1028\" rel=\"nofollow noopener\" target=\"_blank\">NATO<\/a> w Warszawie &#8211; wprowadzono pierwszy stopie\u0144 alarmowy ALFA.<\/p>\n<p class=\"typography ids-typeset-body ids-typeset-body--preset-large link paragraph ids-paragraph ids-paragraph--default\">Stopnie alarmowe wprowadza, zmienia i odwo\u0142uje, w drodze zarz\u0105dzenia, Prezes Rady Ministr\u00f3w, po zasi\u0119gni\u0119ciu opinii ministra w\u0142a\u015bciwego do spraw wewn\u0119trznych i szefa ABW, a w przypadkach niecierpi\u0105cych zw\u0142oki &#8211; minister w\u0142a\u015bciwy do spraw wewn\u0119trznych, po zasi\u0119gni\u0119ciu opinii szefa ABW, informuj\u0105c o tym niezw\u0142ocznie Prezesa Rady Ministr\u00f3w.<\/p>\n<p>&#8222;Zdarzenie bezprecedensowe&#8221;. \u015aledztwo w sprawie atak\u00f3w na kolej<\/p>\n<p class=\"typography ids-typeset-body ids-typeset-body--preset-large link paragraph ids-paragraph ids-paragraph--default\">Decyzja o wprowadzeniu wy\u017cszego stopnia alarmowego zapad\u0142a po tym, jak dw\u00f3ch Ukrai\u0144c\u00f3w wsp\u00f3\u0142pracuj\u0105cych z rosyjskimi s\u0142u\u017cbami w sobot\u0119 wysadzi\u0142o fragment toru na trasie kolejowej Warszawa &#8211; Dorohusk w miejscowo\u015bci Mika\u00a0na Mazowszu (pow. garwoli\u0144ski).<\/p>\n<p class=\"typography ids-typeset-body ids-typeset-body--preset-large link paragraph ids-paragraph ids-paragraph--default\">W innym miejscu, w niedziel\u0119, niedaleko stacji kolejowej Go\u0142\u0105b\u00a0na Lubelszczy\u017anie (pow. pu\u0142awski) poci\u0105g z 475 pasa\u017cerami\u00a0musia\u0142 nagle hamowa\u0107 z powodu uszkodzonej linii kolejowej.<\/p>\n<p class=\"typography ids-typeset-body ids-typeset-body--preset-large link paragraph ids-paragraph ids-paragraph--default\">&#8211; Wszyscy chyba mamy \u015bwiadomo\u015b\u0107, \u017ce dosz\u0142o do zdarzenia bezprecedensowego. To jest by\u0107 mo\u017ce najpowa\u017cniejsza dzisiaj z punktu widzenia bezpiecze\u0144stwa pa\u0144stwa polskiego sytuacja od momentu wybuchu pe\u0142noskalowej wojny w Ukrainie. Przekroczono pewn\u0105 granic\u0119 &#8211; m\u00f3wi\u0142 we wtorek w Sejmie premier.<\/p>\n<p class=\"typography ids-typeset-body ids-typeset-body--preset-large link paragraph ids-paragraph ids-paragraph--default\">Tego dnia odby\u0142o si\u0119 nadzwyczajne posiedzenie rz\u0105dowego komitetu ds. bezpiecze\u0144stwa z udzia\u0142em dow\u00f3dc\u00f3w wojskowych, szef\u00f3w s\u0142u\u017cb i przedstawiciela prezydenta.<\/p>\n<p class=\"typography ids-typeset-body ids-typeset-body--preset-large link paragraph ids-paragraph ids-paragraph--default\">W poniedzia\u0142ek prokuratura wszcz\u0119\u0142a \u015bledztwo\u00a0w sprawie akt\u00f3w dywersji o charakterze terrorystycznym pope\u0142nionych na rzecz obcego wywiadu.<\/p>\n<p>Eksplozja na torach. Szef MSWiA w &#8221;Graffiti&#8221;: Mieli\u015bmy bardzo du\u017ce szcz\u0119\u015bciePolsat NewsPolsat News<\/p>\n<p><a class=\"ids-undecorated-link source ids-page-info--source__link\" href=\"https:\/\/p.iplsc.com\/-\/000L0SCEGA4O3ESS.pdf\" rel=\"nofollow noopener\" target=\"_blank\"><img decoding=\"async\" class=\"ids-image-holder__img\" loading=\"lazy\" alt=\"\" title=\"\" height=\"24px\" src=\"https:\/\/www.europesays.com\/pl\/wp-content\/uploads\/2025\/11\/1763506629_520_0009A6098CYXTC6T-C202-F4.webp.webp\"\/><\/a><a class=\"ids-undecorated-link source ids-page-info--source__link\" href=\"https:\/\/www.interia.pl\" rel=\"nofollow noopener\" target=\"_blank\"><img decoding=\"async\" class=\"ids-image-holder__img\" loading=\"lazy\" alt=\"\" title=\"\" height=\"24px\" src=\"https:\/\/www.europesays.com\/pl\/wp-content\/uploads\/2025\/11\/1763506630_962_0009A60QQ5I2TYF7-C202-F4.webp.webp\"\/><\/a><\/p>\n<p>Masz sugestie, uwagi albo widzisz b\u0142\u0105d? Napisz do nas<\/p>\n","protected":false},"excerpt":{"rendered":"Premier Donald Tusk zarz\u0105dzi\u0142 wprowadzenie trzeciego stopnia alarmowego CHARLIE na niemal wszystkich liniach kolejowych po aktach dywersji na&hellip;\n","protected":false},"author":2,"featured_media":107861,"comment_status":"","ping_status":"","sticky":false,"template":"","format":"standard","meta":{"footnotes":""},"categories":[12],"tags":[32,33,36,37,27,34,35,28,31,25,42,38,40,39,41,29,30,26],"class_list":{"0":"post-107860","1":"post","2":"type-post","3":"status-publish","4":"format-standard","5":"has-post-thumbnail","7":"category-polska","8":"tag-breaking-news","9":"tag-breakingnews","10":"tag-featured-news","11":"tag-featurednews","12":"tag-headlines","13":"tag-latest-news","14":"tag-latestnews","15":"tag-naglowki","16":"tag-najwazniejsze-artykuly","17":"tag-news","18":"tag-pl","19":"tag-poland","20":"tag-polish","21":"tag-polska","22":"tag-polski","23":"tag-top-stories","24":"tag-topstories","25":"tag-wiadomosci"},"share_on_mastodon":{"url":"https:\/\/pubeurope.com\/@pl\/115573178333730354","error":""},"_links":{"self":[{"href":"https:\/\/www.europesays.com\/pl\/wp-json\/wp\/v2\/posts\/107860","targetHints":{"allow":["GET"]}}],"collection":[{"href":"https:\/\/www.europesays.com\/pl\/wp-json\/wp\/v2\/posts"}],"about":[{"href":"https:\/\/www.europesays.com\/pl\/wp-json\/wp\/v2\/types\/post"}],"author":[{"embeddable":true,"href":"https:\/\/www.europesays.com\/pl\/wp-json\/wp\/v2\/users\/2"}],"replies":[{"embeddable":true,"href":"https:\/\/www.europesays.com\/pl\/wp-json\/wp\/v2\/comments?post=107860"}],"version-history":[{"count":0,"href":"https:\/\/www.europesays.com\/pl\/wp-json\/wp\/v2\/posts\/107860\/revisions"}],"wp:featuredmedia":[{"embeddable":true,"href":"https:\/\/www.europesays.com\/pl\/wp-json\/wp\/v2\/media\/107861"}],"wp:attachment":[{"href":"https:\/\/www.europesays.com\/pl\/wp-json\/wp\/v2\/media?parent=107860"}],"wp:term":[{"taxonomy":"category","embeddable":true,"href":"https:\/\/www.europesays.com\/pl\/wp-json\/wp\/v2\/categories?post=107860"},{"taxonomy":"post_tag","embeddable":true,"href":"https:\/\/www.europesays.com\/pl\/wp-json\/wp\/v2\/tags?post=107860"}],"curies":[{"name":"wp","href":"https:\/\/api.w.org\/{rel}","templated":true}]}}