{"id":107868,"date":"2025-11-18T23:06:11","date_gmt":"2025-11-18T23:06:11","guid":{"rendered":"https:\/\/www.europesays.com\/pl\/107868\/"},"modified":"2025-11-18T23:06:11","modified_gmt":"2025-11-18T23:06:11","slug":"zuzel-jozef-dworakowski-zdradza-kulisy-powrotu-ktos-to-musial-zrobic","status":"publish","type":"post","link":"https:\/\/www.europesays.com\/pl\/107868\/","title":{"rendered":"\u017bu\u017cel. J\u00f3zef Dworakowski zdradza kulisy powrotu. &#8222;Kto\u015b to musia\u0142 zrobi\u0107&#8221;"},"content":{"rendered":"\n<p class=\"contentpart contentpart--default contentpart--text\" data-position=\"0\">Pocz\u0105tek pa\u017adziernika to pot\u0119\u017cne trz\u0119sienie ziemi w <a href=\"https:\/\/sportowefakty.wp.pl\/zuzel\/fogo-unia-leszno\" rel=\"nofollow noopener\" target=\"_blank\">Fogo Unii Leszno<\/a>. Dotychczasowy prezes Piotr R. zosta\u0142 zatrzymany przez policj\u0119, a nast\u0119pnie prokuratura postawi\u0142a mu zarzuty kierowania zorganizowan\u0105 grup\u0105 przest\u0119pcz\u0105. W klubie pojawi\u0142o si\u0119 ma\u0142e zamieszanie. Zacz\u0119\u0142y tak\u017ce pada\u0107 pytania o przysz\u0142o\u015b\u0107 zespo\u0142u, kt\u00f3ry dopiero co wywalczy\u0142 awans do <a href=\"https:\/\/sportowefakty.wp.pl\/zuzel\/pge-ekstraliga\" rel=\"nofollow noopener\" target=\"_blank\">PGE Ekstraligi<\/a>.<\/p>\n<p class=\"contentpart contentpart--default contentpart--text\" data-position=\"1\">Sprawy w swoje r\u0119ce wzi\u0105\u0142 <a href=\"https:\/\/sportowefakty.wp.pl\/zuzel\/jozef-dworakowski\" rel=\"nofollow noopener\" target=\"_blank\">J\u00f3zef Dworakowski<\/a>, kt\u00f3ry ju\u017c raz dowodzi\u0142 leszczy\u0144skim klubem. By\u0142o to w latach 2004-2012. Przez ostatnie 12 lat pozostawa\u0142 w cieniu, ale wci\u0105\u017c by\u0142 blisko klubu i stara\u0142 si\u0119 pomaga\u0107. Warto jednak przypomnie\u0107, \u017ce za pierwszej swojej kadencji \u015bwi\u0119ci\u0142 du\u017ce sukcesy z Uni\u0105. Nie tylko uda\u0142o mu si\u0119 uporz\u0105dkowa\u0107 klub pod wzgl\u0119dem finansowym, ale r\u00f3wnie\u017c si\u0119gn\u0105\u0107 po\u00a0 Powody, dla kt\u00f3rych wr\u00f3ci\u0142 na stanowisko, t\u0142umaczy\u0142 w programie &#8222;Sportowy Weekend&#8221; na antenie TVP3 Pozna\u0144.<\/p>\n<p> <img role=\"presentation\" src=\"https:\/\/std.wpcdn.pl\/images\/adv\/placeholder_wp.svg\" loading=\"lazy\" alt=\"\" decoding=\"async\"\/>  <\/p>\n<p class=\"contentpart contentpart--default contentpart--text\" data-position=\"2\">ZOBACZ WIDEO: &#8222;S\u0142abej baletnicy przeszkadza r\u0105bek u sp\u00f3dnicy&#8221;. Bajerski bez pardonu o by\u0142ych podopiecznych<\/p>\n<p class=\"contentpart contentpart--default contentpart--text\" data-position=\"4\">&#8211; Troszeczk\u0119 szkoda by\u0142o tych 22 lat, odk\u0105d powsta\u0142a sp\u00f3\u0142ka akcyjna. Przykro by by\u0142o, gdyby tego nie poci\u0105gn\u0105\u0107, bo to jest dwudziestoletni dorobek. Sta\u0142o, jak si\u0119 sta\u0142o z poprzednim prezesem. Pojawi\u0142o si\u0119 wyzwanie. Powiem kr\u00f3tko i zwi\u0119\u017ale &#8222;kto\u015b to musia\u0142 w Lesznie zrobi\u0107&#8221;. To jest specyficzne miasto, je\u015bli chodzi o \u017cu\u017cel. \u017bu\u017cel w Lesznie musi by\u0107. Te osiemna\u015bcie tysi\u0119cy ludzi, kt\u00f3re przysz\u0142o na mecz fina\u0142owy, powiedzia\u0142o &#8222;tak, dalej musi by\u0107\u201d. My musimy to robi\u0107. A ten moment, kt\u00f3ry zadecydowa\u0142, to fakt, \u017ce posz\u0142oby si\u0119 marnowa\u0107 blisko 20 lat, w moim przypadku nawet wi\u0119cej ci\u0119\u017ckiej pracy. To nie jest tak, \u017ce tak to si\u0119 zostawi &#8211; skomentowa\u0142 J\u00f3zef Dworakowski.<\/p>\n<p class=\"contentpart contentpart--default contentpart--text\" data-position=\"5\">Nowy prezes wypowiedzia\u0142 si\u0119 r\u00f3wnie\u017c na temat innych dzia\u0142aczy leszczy\u0144skich, kt\u00f3rzy jego zdaniem nie kwapili si\u0119 zbytnio do wzi\u0119cia na siebie ci\u0119\u017caru poprowadzenia klubu.<\/p>\n<p> <img role=\"presentation\" src=\"https:\/\/std.wpcdn.pl\/images\/adv\/placeholder_wp.svg\" loading=\"lazy\" alt=\"\" decoding=\"async\"\/>  <\/p>\n<p class=\"contentpart contentpart--default contentpart--text\" data-position=\"6\">&#8211; My w Lesznie mamy jeszcze jedn\u0105 rzecz. Opr\u00f3cz tego, \u017ce mamy fajn\u0105 dru\u017cyn\u0119, to mamy tak\u017ce mn\u00f3stwo trener\u00f3w, tylu znawc\u00f3w si\u0119 na \u017cu\u017clu, tylu dzia\u0142aczy, \u017ce si\u0119 w g\u0142owie nie mie\u015bci. Tylko jak co\u015b si\u0119 stanie, to do pomocy tak nie za bardzo kto\u015b si\u0119 kwapi. Nie u\u017cy\u0142bym s\u0142owa, \u017ce by\u0142 to kryzys, ale by\u0142 to ci\u0119\u017cki moment &#8211; wyzna\u0142 na antenie TVP3 Pozna\u0144.<\/p>\n<p class=\"contentpart contentpart--default contentpart--text\" data-position=\"7\">J\u00f3zef Dworakowski zosta\u0142 r\u00f3wnie\u017c zapytany przez Beat\u0119 Oryl-Stroi\u0144sk\u0105, czemu wchodzi drugi raz do tej samej rzeki. Prezes jednak b\u0142yskawicznie odpowiedzia\u0142, sugeruj\u0105c, \u017ce nie ma znaczenia, czy to ta sama rzeka, czy nie. On po prostu musia\u0142 to zrobi\u0107. Zaznaczy\u0142 r\u00f3wnie\u017c, \u017ce obecna sytuacja, cho\u0107 r\u00f3wnie\u017c nie jest prosta, to jest o wiele lepsza ni\u017c ta, kt\u00f3r\u0105 zasta\u0142 ponad 20 lat temu.<\/p>\n<p class=\"contentpart contentpart--default contentpart--text\" data-position=\"8\">&#8211; Nie chc\u0119 wraca\u0107 20 lat do ty\u0142u, bo w\u00f3wczas by\u0142a inna sytuacja. Tam by\u0142y troch\u0119 wi\u0119ksze zmartwienia materialne i finansowe, a tu tak \u017ale nie by\u0142o. Kto\u015b to dalej musia\u0142 robi\u0107. Zna\u0142em swojego poprzednika blisko 20 lat. Oczywi\u015bcie, \u017ce nie jest \u0142atwo z tym wszystkim, ale kto\u015b to musia\u0142 zrobi\u0107. Czy wchodz\u0119 drugi raz do tej samej rzeki, czy nie? Tak\u0105 \u017ce\u015bmy jako wsp\u00f3lnicy podj\u0119li decyzj\u0119 &#8211; emocjonalnie komentowa\u0142 J\u00f3zef Dworakowski.<\/p>\n<p> <img role=\"presentation\" src=\"https:\/\/std.wpcdn.pl\/images\/adv\/placeholder_wp.svg\" loading=\"lazy\" alt=\"\" decoding=\"async\"\/>  <\/p>\n<p class=\"contentpart contentpart--default contentpart--text\" data-position=\"9\">Zadawa\u0107 pytania prezesowi Unii mogli tak\u017ce kibice, kt\u00f3rzy dzwonili do studia. Jedno z pyta\u0144 dotyczy\u0142o przyj\u015bcia do klubu <a href=\"https:\/\/sportowefakty.wp.pl\/zuzel\/rafal-dobrucki\" rel=\"nofollow noopener\" target=\"_blank\">Rafa\u0142a Dobruckiego<\/a>, a zatem by\u0142ego selekcjonera reprezentacji Polski. Mia\u0142by on zast\u0105pi\u0107 dotychczasowego dyrektora zarz\u0105dzaj\u0105cego <a href=\"https:\/\/sportowefakty.wp.pl\/zuzel\/slawomir-kryjom\" rel=\"nofollow noopener\" target=\"_blank\">S\u0142awomira Kryjoma.<\/a>\u00a0Pad\u0142a jednak jasna odpowied\u017a ze strony Dworakowskiego.<\/p>\n<p class=\"contentpart contentpart--default contentpart--text\" data-position=\"10\">&#8211; Nic takiego nie s\u0142ysza\u0142em. W Lesznie jest tyle specjalist\u00f3w i dzia\u0142aczy, \u017ce nie ma co rozmawia\u0107 na ten temat. Na dzisiaj musz\u0119 zdementowa\u0107 t\u0119 pog\u0142osk\u0119 &#8211; zako\u0144czy\u0142 prezes Unii.<\/p>\n","protected":false},"excerpt":{"rendered":"Pocz\u0105tek pa\u017adziernika to pot\u0119\u017cne trz\u0119sienie ziemi w Fogo Unii Leszno. Dotychczasowy prezes Piotr R. zosta\u0142 zatrzymany przez policj\u0119,&hellip;\n","protected":false},"author":2,"featured_media":107869,"comment_status":"","ping_status":"","sticky":false,"template":"","format":"standard","meta":{"footnotes":""},"categories":[24],"tags":[1629,9413,1334,42,38,40,39,41,7989,23909,127,126,174],"class_list":{"0":"post-107868","1":"post","2":"type-post","3":"status-publish","4":"format-standard","5":"has-post-thumbnail","7":"category-sport","8":"tag-fogo-unia-leszno","9":"tag-jozef-dworakowski","10":"tag-pge-ekstraliga","11":"tag-pl","12":"tag-poland","13":"tag-polish","14":"tag-polska","15":"tag-polski","16":"tag-rafal-dobrucki","17":"tag-slawomir-kryjom","18":"tag-sport","19":"tag-sports","20":"tag-zuzel"},"share_on_mastodon":{"url":"https:\/\/pubeurope.com\/@pl\/115573213544740399","error":""},"_links":{"self":[{"href":"https:\/\/www.europesays.com\/pl\/wp-json\/wp\/v2\/posts\/107868","targetHints":{"allow":["GET"]}}],"collection":[{"href":"https:\/\/www.europesays.com\/pl\/wp-json\/wp\/v2\/posts"}],"about":[{"href":"https:\/\/www.europesays.com\/pl\/wp-json\/wp\/v2\/types\/post"}],"author":[{"embeddable":true,"href":"https:\/\/www.europesays.com\/pl\/wp-json\/wp\/v2\/users\/2"}],"replies":[{"embeddable":true,"href":"https:\/\/www.europesays.com\/pl\/wp-json\/wp\/v2\/comments?post=107868"}],"version-history":[{"count":0,"href":"https:\/\/www.europesays.com\/pl\/wp-json\/wp\/v2\/posts\/107868\/revisions"}],"wp:featuredmedia":[{"embeddable":true,"href":"https:\/\/www.europesays.com\/pl\/wp-json\/wp\/v2\/media\/107869"}],"wp:attachment":[{"href":"https:\/\/www.europesays.com\/pl\/wp-json\/wp\/v2\/media?parent=107868"}],"wp:term":[{"taxonomy":"category","embeddable":true,"href":"https:\/\/www.europesays.com\/pl\/wp-json\/wp\/v2\/categories?post=107868"},{"taxonomy":"post_tag","embeddable":true,"href":"https:\/\/www.europesays.com\/pl\/wp-json\/wp\/v2\/tags?post=107868"}],"curies":[{"name":"wp","href":"https:\/\/api.w.org\/{rel}","templated":true}]}}