{"id":107931,"date":"2025-11-19T00:57:12","date_gmt":"2025-11-19T00:57:12","guid":{"rendered":"https:\/\/www.europesays.com\/pl\/107931\/"},"modified":"2025-11-19T00:57:12","modified_gmt":"2025-11-19T00:57:12","slug":"kulisy-zabojstwa-w-wawrze-ujawnione-chyba-go-zabiles","status":"publish","type":"post","link":"https:\/\/www.europesays.com\/pl\/107931\/","title":{"rendered":"Kulisy zab\u00f3jstwa w Wawrze ujawnione. &#8222;Chyba go zabi\u0142e\u015b\u201d."},"content":{"rendered":"<p class=\"article-p\" data-section=\"detail-body\"><a href=\"https:\/\/www.fakt.pl\/wydarzenia\/zamieszkal-z-44-latkiem-a-potem-mial-go-zabic-kulisy-morderstwa-w-wawrze-i-zarzuty\/13c3cy1\" id=\"90f8b141-1d49-412b-937e-15dcd938f304\" rel=\"nofollow noopener\" target=\"_blank\">Jak wiadomo, w sobot\u0119 przed po\u0142udniem w domu przy ulicy \u0141ab\u0119dzia odbywa\u0142a si\u0119 impreza zakrapiana alkoholem.<\/a> Uczestniczyli w niej 44-letni Karol, 37-letni Artur i jego 22-letnia dziewczyna. Nic nie zapowiada\u0142o, \u017ce dojdzie do tragedii. A jednak.<\/p>\n<p class=\"article-p\" data-section=\"detail-body\">Podczas spotkania dosz\u0142o do ostrej wymiany zda\u0144. Utarczki s\u0142owne szybko przybiera\u0142y na sile. W pewnym momencie nast\u0105pi\u0142 wybuchu agresji. Artur wraz z Karolem zacz\u0119li si\u0119 wyzywa\u0107 i szarpa\u0107. Potem by\u0142o tylko gorzej. Przepychanka szybko przerodzi\u0142a si\u0119 w jatk\u0119. Obaj panowie zacz\u0119li si\u0119 bi\u0107. Niestety, ca\u0142a sytuacja zako\u0144czy\u0142a si\u0119 tragicznie. Chwil\u0119 p\u00f3\u017aniej cia\u0142o Karola zosta\u0142o znalezione w jego domu.<\/p>\n<p>        Wsiedli do taks\u00f3wki i uciekli. &#8222;Chyba go zabi\u0142e\u015b&#8221;<\/p>\n<p class=\"article-p\" data-section=\"detail-body\">Kiedy Karol le\u017ca\u0142 bezw\u0142adnie i nie dawa\u0142 znaku \u017cycia u siebie w domu, Artur wraz ze swoj\u0105 22-letni\u0105 dziewczyn\u0105 zadzwonili po taks\u00f3wk\u0119 i uciekli. Z nieoficjalnych informacji, do kt\u00f3rych dotar\u0142 reporter &#8222;Faktu&#8221; wynika, \u017ce w trakcie podr\u00f3\u017cy taks\u00f3wk\u0105 mieli rozmawia\u0107 o tym, co wydarzy\u0142o si\u0119 w domu przy ulicy \u0141ab\u0119dzia na warszawskim Wawrze. Dziewczyna mia\u0142a powiedzie\u0107 do Artura: &#8222;Chyba go zabi\u0142e\u015b&#8221;. To zaniepokoi\u0142o kierowc\u0119, kt\u00f3ry od razu postanowi\u0142 zg\u0142osi\u0107 spraw\u0119 na policj\u0119. Funkcjonariusze z Pragi-Po\u0142udnie przyj\u0119li zg\u0142oszenie i natychmiast ruszyli do akcji. Skoordynowali si\u0142y i b\u0142yskawicznie dotarli na miejsce, gdzie znajdowali si\u0119 podejrzani. Artur i jego dziewczyna zostali zatrzymani. Obydwoje byli pod wp\u0142ywem alkoholu. Po wytrze\u017awieniu zostali doprowadzeni do prokuratury i us\u0142yszeli zarzuty. <a href=\"https:\/\/www.fakt.pl\/wydarzenia\/dramat-w-wawrze-nie-zyje-byly-kandydat-do-rady-dzielnicy-policja-zatrzymala-dwie\/8jq3d8m\" id=\"95ea13d1-8360-4e7c-928f-982a11c5da3a\" rel=\"nofollow noopener\" target=\"_blank\">37-latkowi prokurator postawi\u0142 zarzut zab\u00f3jstwa, a jego dziewczynie nieudzielenia pomocy. Artur S. trafi\u0142 za kratki na trzy miesi\u0105ce. Jego 22-letnia partnerka dosta\u0142a policyjny doz\u00f3r.<\/a><\/p>\n<p>        U Karola cz\u0119sto bywa\u0142a policja. \u017bona go zostawi\u0142a<\/p>\n<p class=\"article-p\" data-section=\"detail-body\">Jak dowiedzia\u0142 si\u0119 reporter &#8222;Faktu&#8221; od os\u00f3b, kt\u00f3re zna\u0142y Karola, Artur mieszka\u0142 u niego od czerwca tego roku. Wsp\u00f3lnie mieli pi\u0107 i imprezowa\u0107. W gr\u0119 mia\u0142y wchodzi\u0107 te\u017c inne u\u017cywki. \u017bona odesz\u0142a od Karola wraz z 12-letni\u0105 c\u00f3rk\u0105. Twierdzi\u0142a, \u017ce nie da\u0142o si\u0119 z nim \u017cy\u0107. W ostatnim czasie m\u0119\u017cczyzna skar\u017cy\u0142 si\u0119 kolegom, \u017ce musi p\u0142aci\u0107 wysokie alimenty, a nie ma z czego. Zanim \u017cona, Agnieszka, go zostawi\u0142a, w przesz\u0142o\u015bci w jego domu cz\u0119sto mia\u0142a bywa\u0107 policja z powodu rodzinnych k\u0142\u00f3tni.<\/p>\n<p class=\"article-p\" data-section=\"detail-body\"><a href=\"https:\/\/www.fakt.pl\/wydarzenia\/zamieszkal-z-44-latkiem-a-potem-mial-go-zabic-kulisy-morderstwa-w-wawrze-i-zarzuty\/13c3cy1\" id=\"82acc7d5-a82e-4850-9eaf-333e80398ece\" rel=\"nofollow noopener\" target=\"_blank\">Zamieszka\u0142 z 44-latkiem, a potem mia\u0142 go zabi\u0107. Kulisy g\u0142o\u015bnego morderstwa przera\u017caj\u0105<\/a><\/p>\n<p class=\"article-p\" data-section=\"detail-body\"><a href=\"https:\/\/www.fakt.pl\/wydarzenia\/polska\/warszawa\/warszawa-martwy-mezczyzna-w-budynku-na-wawrze-sa-pierwsze-zatrzymania\/ec8bs4h\" id=\"c8c40fce-e933-40e0-a891-ba692f966bad\" rel=\"nofollow noopener\" target=\"_blank\">Makabryczne odkrycie w sto\u0142ecznym budynku. S\u0105 pierwsze informacje<\/a><\/p>\n<p>        \/4<\/p>\n<p>                    <img decoding=\"async\" class=\"article-image-img\" loading=\"lazy\" alt=\"\" src=\"https:\/\/www.europesays.com\/pl\/wp-content\/uploads\/2025\/11\/m5kk9kuTURBXy8wNWE2YmQ3NS1lMzA5LTQzOTQtYjg2MC1iYjlhZDliNTZiMmMuanBlZ5GTAs0DSM0C_t4AAqEwAaExAQ.jpeg\" width=\"840\" height=\"766\"\/><\/p>\n<p>                  Damian Ryndak \/ &#8211;<\/p>\n<p class=\"article-gallery-p\">\n        22-latka us\u0142ysza\u0142a zarzut nieudzielenia pomocy. Dosta\u0142a policyjny doz\u00f3r.\n    <\/p>\n<p>        \/4<\/p>\n<p>                    <img decoding=\"async\" class=\"article-image-img\" loading=\"lazy\" alt=\"\" src=\"https:\/\/www.europesays.com\/pl\/wp-content\/uploads\/2025\/11\/E1ik9kuTURBXy8zY2ZhNGU5OC0xMGVmLTRhYWYtYWVhZi0zY2U5OTM0YjdmMGYuanBlZ5GTAs0DSM0Cdt4AAqEwAaExAQ.jpeg\" width=\"840\" height=\"630\"\/><\/p>\n<p>                  Damian Ryndak \/ &#8211;<\/p>\n<p class=\"article-gallery-p\">\n        Para mija\u0142a si\u0119 przed budynkiem prokuratury. Artur us\u0142ysza\u0142 zarzut zab\u00f3jstwa i zosta\u0142 aresztowany.\n    <\/p>\n","protected":false},"excerpt":{"rendered":"Jak wiadomo, w sobot\u0119 przed po\u0142udniem w domu przy ulicy \u0141ab\u0119dzia odbywa\u0142a si\u0119 impreza zakrapiana alkoholem. Uczestniczyli w&hellip;\n","protected":false},"author":2,"featured_media":107932,"comment_status":"","ping_status":"","sticky":false,"template":"","format":"standard","meta":{"footnotes":""},"categories":[5],"tags":[32,33,36,37,27,34,35,28,31,25,42,38,40,39,41,29,30,26],"class_list":{"0":"post-107931","1":"post","2":"type-post","3":"status-publish","4":"format-standard","5":"has-post-thumbnail","7":"category-naglowki","8":"tag-breaking-news","9":"tag-breakingnews","10":"tag-featured-news","11":"tag-featurednews","12":"tag-headlines","13":"tag-latest-news","14":"tag-latestnews","15":"tag-naglowki","16":"tag-najwazniejsze-artykuly","17":"tag-news","18":"tag-pl","19":"tag-poland","20":"tag-polish","21":"tag-polska","22":"tag-polski","23":"tag-top-stories","24":"tag-topstories","25":"tag-wiadomosci"},"share_on_mastodon":{"url":"https:\/\/pubeurope.com\/@pl\/115573649917268777","error":""},"_links":{"self":[{"href":"https:\/\/www.europesays.com\/pl\/wp-json\/wp\/v2\/posts\/107931","targetHints":{"allow":["GET"]}}],"collection":[{"href":"https:\/\/www.europesays.com\/pl\/wp-json\/wp\/v2\/posts"}],"about":[{"href":"https:\/\/www.europesays.com\/pl\/wp-json\/wp\/v2\/types\/post"}],"author":[{"embeddable":true,"href":"https:\/\/www.europesays.com\/pl\/wp-json\/wp\/v2\/users\/2"}],"replies":[{"embeddable":true,"href":"https:\/\/www.europesays.com\/pl\/wp-json\/wp\/v2\/comments?post=107931"}],"version-history":[{"count":0,"href":"https:\/\/www.europesays.com\/pl\/wp-json\/wp\/v2\/posts\/107931\/revisions"}],"wp:featuredmedia":[{"embeddable":true,"href":"https:\/\/www.europesays.com\/pl\/wp-json\/wp\/v2\/media\/107932"}],"wp:attachment":[{"href":"https:\/\/www.europesays.com\/pl\/wp-json\/wp\/v2\/media?parent=107931"}],"wp:term":[{"taxonomy":"category","embeddable":true,"href":"https:\/\/www.europesays.com\/pl\/wp-json\/wp\/v2\/categories?post=107931"},{"taxonomy":"post_tag","embeddable":true,"href":"https:\/\/www.europesays.com\/pl\/wp-json\/wp\/v2\/tags?post=107931"}],"curies":[{"name":"wp","href":"https:\/\/api.w.org\/{rel}","templated":true}]}}