{"id":107999,"date":"2025-11-19T04:27:22","date_gmt":"2025-11-19T04:27:22","guid":{"rendered":"https:\/\/www.europesays.com\/pl\/107999\/"},"modified":"2025-11-19T04:27:22","modified_gmt":"2025-11-19T04:27:22","slug":"atomowe-zamieszanie-w-azji-nowe-okrety-podwodne-dla-seulu-wywolaly-efekt-domina","status":"publish","type":"post","link":"https:\/\/www.europesays.com\/pl\/107999\/","title":{"rendered":"Atomowe zamieszanie w Azji. Nowe okr\u0119ty podwodne dla Seulu wywo\u0142a\u0142y efekt domina"},"content":{"rendered":"<p>2025-11-18 06:17<\/p>\n<p>publikacja<br \/>2025-11-18 06:17<\/p>\n<p>Podziel si\u0119<\/p>\n<p>Umowa Korei P\u0142d. z USA w sprawie okr\u0119t\u00f3w o nap\u0119dzie atomowym wywo\u0142a efekt \u201enuklearnego domina\u201d w regionie &#8211; przestrzeg\u0142a we wtorek p\u00f3\u0142nocnokorea\u0144ska agencja KCNA. W odpowiedzi prezydent Korei P\u0142d. Li Dze Mjung o\u015bwiadczy\u0142, \u017ce jego kraj nie ma \u201ewrogich zamiar\u00f3w\u201d wobec Pjongjangu i d\u0105\u017cy do odbudowy zaufania.<\/p>\n<p><img decoding=\"async\" class=\"o-graphics-multiobject__inner-blurry-picture-img\" src=\"https:\/\/www.europesays.com\/pl\/wp-content\/uploads\/2025\/11\/0e2a2ee8d18d5a-948-568-0-291-3892-2335.jpg\" width=\"948\" height=\"568\" alt=\"Atomowe zamieszanie w Azji. Nowe okr\u0119ty podwodne dla Seulu wywo\u0142a\u0142y efekt domina\" loading=\"lazy\"\/><img decoding=\"async\" class=\"o-graphics-multiobject__item webfeedsFeaturedVisual\" src=\"https:\/\/www.europesays.com\/pl\/wp-content\/uploads\/2025\/11\/0e2a2ee8d18d5a-948-568-0-291-3892-2335.jpg\" width=\"948\" height=\"568\" alt=\"Atomowe zamieszanie w Azji. Nowe okr\u0119ty podwodne dla Seulu wywo\u0142a\u0142y efekt domina\" loading=\"lazy\"\/>fot. Wyld Adrian\/CP\/ABACA \/ Abaca Press \/ Forum \/ \/\u00a0FORUM<\/p>\n<p>To pierwsza reakcja re\u017cimu na ujawnione w ubieg\u0142ym tygodniu szczeg\u00f3\u0142y dotycz\u0105ce porozumienia Waszyngtonu z Seulem przewiduj\u0105cego budow\u0119 okr\u0119t\u00f3w podwodnych o nap\u0119dzie atomowym przez Kore\u0119 P\u0142d.<\/p>\n<p>Pa\u0144stwowa agencja KCNA okre\u015bli\u0142a je mianem \u201eniebezpiecznej pr\u00f3by konfrontacji\u201d, kt\u00f3ra zdestabilizuje sytuacj\u0119 w regionie Azji i Pacyfiku oraz \u201ewywo\u0142a gor\u0105cy wy\u015bcig zbroje\u0144\u201d. Wsparcie USA dla wzbogacania uranu przez Seul z kolei okre\u015blono jako \u201etrampolin\u0119\u201d do statusu \u201epa\u0144stwa quasi-nuklearnego\u201d.<\/p>\n<p>Pjongjang skrytykowa\u0142 r\u00f3wnie\u017c zobowi\u0105zanie sojusznik\u00f3w do \u201eca\u0142kowitej denuklearyzacji\u201d P\u00f3\u0142nocy, nazywaj\u0105c to \u201enajbardziej wyrazistym przejawem\u201d wrogiej polityki administracji Trumpa i pr\u00f3b\u0105 zanegowania konstytucji Korei P\u0142n.<\/p>\n<p>Pjongjang zapowiedzia\u0142 podj\u0119cie \u201euzasadnionych i realistycznych \u015brodk\u00f3w zaradczych\u201d.<\/p>\n<p>Agencja Yonhap zwraca uwag\u0119 na komentarze obserwator\u00f3w, kt\u00f3rzy zaznaczyli, \u017ce reakcja re\u017cimu Kim Dzong Una mia\u0142a umiarkowany charakter, gdy\u017c nie by\u0142a oficjalnym o\u015bwiadczeniem urz\u0119dnika pa\u0144stwowego, a jedynie artyku\u0142em redakcyjnym KCNA.<\/p>\n<p>W odpowiedzi na oskar\u017cenia, biuro prezydenta Korei P\u0142d. zapewni\u0142o, \u017ce Seul nie ma \u201ewrogich zamiar\u00f3w\u201d wobec P\u00f3\u0142nocy. Rzeczniczka Kang Ju Dzung podkre\u015bli\u0142a, \u017ce celem jest \u201ekonsekwentne d\u0105\u017cenie do \u0142agodzenia napi\u0119\u0107 i odbudowy zaufania\u201d, a wsp\u00f3\u0142praca z Waszyngtonem s\u0142u\u017cy ochronie interes\u00f3w narodowych.<\/p>\n<p>O\u015bwiadczenie Pjongjangu pojawi\u0142o si\u0119 dzie\u0144 po tym, jak Seul, po raz pierwszy od siedmiu lat, zaproponowa\u0142 rozmowy wojskowe w celu zapobiegania starciom na granicy. Korea P\u00f3\u0142nocna do tej pory nie odpowiedzia\u0142a na t\u0119 propozycj\u0119. Ostro\u017cno\u015b\u0107 wobec umowy wyrazi\u0142 r\u00f3wnie\u017c Pekin, wskazuj\u0105c na zagro\u017cenie dla globalnego systemu nierozprzestrzeniania broni j\u0105drowej.<\/p>\n<p>Krzysztof Pawliszak (PAP)<\/p>\n<p>krp\/ sp\/<\/p>\n","protected":false},"excerpt":{"rendered":"2025-11-18 06:17 publikacja2025-11-18 06:17 Podziel si\u0119 Umowa Korei P\u0142d. z USA w sprawie okr\u0119t\u00f3w o nap\u0119dzie atomowym wywo\u0142a&hellip;\n","protected":false},"author":2,"featured_media":108000,"comment_status":"","ping_status":"","sticky":false,"template":"","format":"standard","meta":{"footnotes":""},"categories":[14],"tags":[32,33,27,34,35,28,31,25,40,41,80,29,30,26,82,83,84],"class_list":{"0":"post-107999","1":"post","2":"type-post","3":"status-publish","4":"format-standard","5":"has-post-thumbnail","7":"category-swiat","8":"tag-breaking-news","9":"tag-breakingnews","10":"tag-headlines","11":"tag-latest-news","12":"tag-latestnews","13":"tag-naglowki","14":"tag-najwazniejsze-artykuly","15":"tag-news","16":"tag-polish","17":"tag-polski","18":"tag-swiat","19":"tag-top-stories","20":"tag-topstories","21":"tag-wiadomosci","22":"tag-world","23":"tag-world-news","24":"tag-worldnews"},"share_on_mastodon":{"url":"https:\/\/pubeurope.com\/@pl\/115574475735941843","error":""},"_links":{"self":[{"href":"https:\/\/www.europesays.com\/pl\/wp-json\/wp\/v2\/posts\/107999","targetHints":{"allow":["GET"]}}],"collection":[{"href":"https:\/\/www.europesays.com\/pl\/wp-json\/wp\/v2\/posts"}],"about":[{"href":"https:\/\/www.europesays.com\/pl\/wp-json\/wp\/v2\/types\/post"}],"author":[{"embeddable":true,"href":"https:\/\/www.europesays.com\/pl\/wp-json\/wp\/v2\/users\/2"}],"replies":[{"embeddable":true,"href":"https:\/\/www.europesays.com\/pl\/wp-json\/wp\/v2\/comments?post=107999"}],"version-history":[{"count":0,"href":"https:\/\/www.europesays.com\/pl\/wp-json\/wp\/v2\/posts\/107999\/revisions"}],"wp:featuredmedia":[{"embeddable":true,"href":"https:\/\/www.europesays.com\/pl\/wp-json\/wp\/v2\/media\/108000"}],"wp:attachment":[{"href":"https:\/\/www.europesays.com\/pl\/wp-json\/wp\/v2\/media?parent=107999"}],"wp:term":[{"taxonomy":"category","embeddable":true,"href":"https:\/\/www.europesays.com\/pl\/wp-json\/wp\/v2\/categories?post=107999"},{"taxonomy":"post_tag","embeddable":true,"href":"https:\/\/www.europesays.com\/pl\/wp-json\/wp\/v2\/tags?post=107999"}],"curies":[{"name":"wp","href":"https:\/\/api.w.org\/{rel}","templated":true}]}}