{"id":108001,"date":"2025-11-19T04:30:10","date_gmt":"2025-11-19T04:30:10","guid":{"rendered":"https:\/\/www.europesays.com\/pl\/108001\/"},"modified":"2025-11-19T04:30:10","modified_gmt":"2025-11-19T04:30:10","slug":"brutalne-slowa-urbana-o-reprezentacji-mlodziezowej-bardzo-daleka-droga","status":"publish","type":"post","link":"https:\/\/www.europesays.com\/pl\/108001\/","title":{"rendered":"Brutalne s\u0142owa Urbana o reprezentacji m\u0142odzie\u017cowej. &#8222;Bardzo daleka droga&#8221;"},"content":{"rendered":"\n<p class=\"contentpart contentpart--default contentpart--text\" data-position=\"0\">W ostatnich tygodniach kibice reprezentacji domagali si\u0119 powo\u0142ania dla Oskara Pietuszewskiego, kt\u00f3ry b\u0142yszcza\u0142 zar\u00f3wno w Jagiellonii Bia\u0142ystok, jak i w kadrze m\u0142odzie\u017cowej Jerzego Brz\u0119czka.<\/p>\n<p class=\"contentpart contentpart--default contentpart--text\" data-position=\"1\">Jan Urban niech\u0119tnie spogl\u0105da jednak w jego kierunku. Pietuszewski dalej jest w m\u0142odzie\u017c\u00f3wce i spisuje si\u0119 tam rewelacyjnie. Z kolei w pierwszej kadrze ostatnio zadebiutowa\u0142 19-letni Filip R\u00f3zga, cho\u0107 pewnie nikt by takiego scenariusza nie wymy\u015bli\u0142 jeszcze par\u0119 tygodni temu.<\/p>\n<p> <img role=\"presentation\" src=\"https:\/\/std.wpcdn.pl\/images\/adv\/placeholder_wp.svg\" loading=\"lazy\" alt=\"\" decoding=\"async\"\/>  <\/p>\n<p class=\"contentpart contentpart--default contentpart--text\" data-position=\"2\">Po poniedzia\u0142kowym spotkaniu z Malt\u0105 selekcjoner zosta\u0142 ponownie zapytany o m\u0142odzie\u017c. I odpowied\u017a by\u0142a co najmniej zastanawiaj\u0105ca.<\/p>\n<p class=\"contentpart contentpart--default contentpart--text\" data-position=\"3\">&#8211; Kadra to jest kadra. Trzeba mie\u0107 umiej\u0119tno\u015bci na pierwsz\u0105 reprezentacj\u0119, a nie m\u0142odzie\u017cow\u0105. Widz\u0119 tam jednego czy drugiego zawodnika, kt\u00f3rzy pojawi\u0105 si\u0119 w pierwszej reprezentacji. A to czy dzisiaj, za p\u00f3\u0142 roku czy za rok&#8230; to w du\u017cej mierze zale\u017cy od nich &#8211; powiedzia\u0142 Urban.<\/p>\n<p class=\"contentpart contentpart--default contentpart--text\" data-position=\"4\">&#8211; Przepraszam, ale to, \u017ce kto\u015b gra dobrze w m\u0142odzie\u017c\u00f3wce nie znaczy, \u017ce b\u0119dzie gra\u0142 dobrze w pierwszej reprezentacji. Mamy Koz\u0142owskiego, R\u00f3zg\u0119, Zi\u00f3\u0142kowskiego. Mamy komu dawa\u0107 szans\u0119. Bez przesady, nie sugerujmy si\u0119 nie wiadomo czym. Ja w ten spos\u00f3b na pi\u0142k\u0119 nie patrz\u0119. To jest tak, jak przeskok z junior\u00f3w do senior\u00f3w. Jedni sobie radz\u0105, inni nie. Z m\u0142odzie\u017c\u00f3wki do pierwszej reprezentacji &#8211; prosz\u0119 mi uwierzy\u0107 &#8211; jest naprawd\u0119 bardzo daleka droga &#8211; podkre\u015bli\u0142 selekcjoner pierwszej kadry.<\/p>\n<p class=\"contentpart contentpart--default contentpart--text\" data-position=\"5\">ZOBACZ WIDEO: #dziejesiewsporcie: Co za sceny! Deszcz da\u0142 si\u0119 we znaki&#8230; s\u0119dziemu<\/p>\n","protected":false},"excerpt":{"rendered":"W ostatnich tygodniach kibice reprezentacji domagali si\u0119 powo\u0142ania dla Oskara Pietuszewskiego, kt\u00f3ry b\u0142yszcza\u0142 zar\u00f3wno w Jagiellonii Bia\u0142ystok, jak&hellip;\n","protected":false},"author":2,"featured_media":108002,"comment_status":"","ping_status":"","sticky":false,"template":"","format":"standard","meta":{"footnotes":""},"categories":[24],"tags":[467,2745,541,269,278,42,38,40,39,41,537,8846,539,127,126],"class_list":{"0":"post-108001","1":"post","2":"type-post","3":"status-publish","4":"format-standard","5":"has-post-thumbnail","7":"category-sport","8":"tag-eliminacje-ms-2026","9":"tag-jan-urban","10":"tag-kadra-polski","11":"tag-pilka-nozna","12":"tag-pilka-w-europie","13":"tag-pl","14":"tag-poland","15":"tag-polish","16":"tag-polska","17":"tag-polski","18":"tag-reprezentacja-polski","19":"tag-reprezentacja-polski-u-21","20":"tag-reprezentacje","21":"tag-sport","22":"tag-sports"},"share_on_mastodon":{"url":"https:\/\/pubeurope.com\/@pl\/115574487446262346","error":""},"_links":{"self":[{"href":"https:\/\/www.europesays.com\/pl\/wp-json\/wp\/v2\/posts\/108001","targetHints":{"allow":["GET"]}}],"collection":[{"href":"https:\/\/www.europesays.com\/pl\/wp-json\/wp\/v2\/posts"}],"about":[{"href":"https:\/\/www.europesays.com\/pl\/wp-json\/wp\/v2\/types\/post"}],"author":[{"embeddable":true,"href":"https:\/\/www.europesays.com\/pl\/wp-json\/wp\/v2\/users\/2"}],"replies":[{"embeddable":true,"href":"https:\/\/www.europesays.com\/pl\/wp-json\/wp\/v2\/comments?post=108001"}],"version-history":[{"count":0,"href":"https:\/\/www.europesays.com\/pl\/wp-json\/wp\/v2\/posts\/108001\/revisions"}],"wp:featuredmedia":[{"embeddable":true,"href":"https:\/\/www.europesays.com\/pl\/wp-json\/wp\/v2\/media\/108002"}],"wp:attachment":[{"href":"https:\/\/www.europesays.com\/pl\/wp-json\/wp\/v2\/media?parent=108001"}],"wp:term":[{"taxonomy":"category","embeddable":true,"href":"https:\/\/www.europesays.com\/pl\/wp-json\/wp\/v2\/categories?post=108001"},{"taxonomy":"post_tag","embeddable":true,"href":"https:\/\/www.europesays.com\/pl\/wp-json\/wp\/v2\/tags?post=108001"}],"curies":[{"name":"wp","href":"https:\/\/api.w.org\/{rel}","templated":true}]}}