{"id":108005,"date":"2025-11-19T04:34:20","date_gmt":"2025-11-19T04:34:20","guid":{"rendered":"https:\/\/www.europesays.com\/pl\/108005\/"},"modified":"2025-11-19T04:34:20","modified_gmt":"2025-11-19T04:34:20","slug":"hezbollah-ma-odbudowywac-potencjal-tymczasem-izraelskie-wojsko-nasila-ataki-na-poludnie-libanu-doniesienia-lorient-le-jour","status":"publish","type":"post","link":"https:\/\/www.europesays.com\/pl\/108005\/","title":{"rendered":"Hezbollah ma odbudowywa\u0107 potencja\u0142. Tymczasem izraelskie wojsko nasila ataki na po\u0142udnie Libanu. Doniesienia &#8222;L&#8217;Orient-Le-Jour&#8221;"},"content":{"rendered":"<p>\u200bHezbollah &#8211; liba\u0144ska szyicka organizacja &#8211; odbudowuje potencja\u0142 i zaostrza \u015brodki bezpiecze\u0144stwa &#8211; napisa\u0142 w poniedzia\u0142ek liba\u0144ski dziennik &#8222;L&#8217;Orient-Le-Jour&#8221;. Tymczasem izraelskie wojsko ma nasila\u0107 ataki na po\u0142udnie kraju.<\/p>\n<p>                         &#13;<br \/>\n        &#13;<\/p>\n<p>                                        &#13;<br \/>\n                        &#13;<br \/>\n                            <img decoding=\"async\" src=\"https:\/\/www.europesays.com\/pl\/wp-content\/uploads\/2025\/11\/000LXUBALVJ3U2PD-C123-F4.jpg\" title=\"Hezbollah odbudowuje si\u0142y? Nowa taktyka w obliczu izraelskiej przewagi\" alt=\"Hezbollah odbudowuje si\u0142y? Nowa taktyka w obliczu izraelskiej przewagi\" class=\"img-responsive\"\/>&#13;<\/p>\n<p>                            &#13;<\/p>\n<p>      &#13;<br \/>\n                            Zdj\u0119cie ilustracyjne&#13;<br \/>\n                                    \/MAHMOUD ZAYYAT\/AFP \/East News  &#13;\n                                    <\/p>\n<p>&#13;<\/p>\n<ul class=\"bullet\">\n<li>Hezbollah, szyicka organizacja wspierana przez Iran, ma odbudowywa\u0107 sw\u00f3j potencja\u0142 militarny po cz\u0119\u015bciowym wyeliminowaniu kierownictwa przez Izrael w zesz\u0142ym roku.<\/li>\n<li>Izraelskie wojsko nasila ataki na po\u0142udniu Libanu, gdzie od listopada zgin\u0119\u0142o 15 bojownik\u00f3w Hezbollahu, t\u0142umacz\u0105c si\u0119 przeciwdzia\u0142aniem odbudowie si\u0142 organizacji.<\/li>\n<li>Cz\u0142onkowie Hezbollahu stosuj\u0105 surowe \u015brodki bezpiecze\u0144stwa, takie jak zakaz korzystania z telefon\u00f3w kom\u00f3rkowych, zmiany miejsca zamieszkania i unikanie niekt\u00f3rych region\u00f3w, aby zniwelowa\u0107 przewag\u0119 technologiczn\u0105 Izraela.<\/li>\n<li>Wi\u0119cej aktualnych informacji znajdziesz na\u00a0<a href=\"https:\/\/www.rmf24.pl\" target=\"_blank\" rel=\"noreferrer noopener nofollow\">stronie g\u0142\u00f3wnej RMF24.pl<\/a><\/li>\n<\/ul>\n<p>W czasie zesz\u0142orocznej wojny z Izraelem kierownictwo Hezbollahu zosta\u0142o cz\u0119\u015bciowo wyeliminowane. Teraz szyicka organizacja ma odbudowywa\u0107 sw\u00f3j potencja\u0142\u00a0militarny i zaostrza\u0107 \u015brodki bezpiecze\u0144stwa &#8211; przekaza\u0142 dziennik &#8222;L&#8217;Orient-Le-Jour&#8221;.<\/p>\n<p>  Jednocze\u015bnie izraelskie wojsko ma nasila\u0107 ataki na po\u0142udnie kraju. Od pocz\u0105tku listopada na po\u0142udniu Libanu w wyniku izraelskich atak\u00f3w zgin\u0119\u0142o 15 bojownik\u00f3w Hezbollahu. Si\u0142y zbrojne Izraela w ostatnim czasie nasili\u0142y ataki na ten obszar, t\u0142umacz\u0105c, \u017ce &#8222;s\u0105 wymierzone w odbudowuj\u0105cy sw\u00f3j potencja\u0142 militarny Hezbollah&#8221;.<\/p>\n<p>  Bojownicy tej szyickiej organizacji (wspieranej przez Iran) musieli w ostatnim czasie wypracowa\u0107 nowy spos\u00f3b dzia\u0142ania, aby zniwelowa\u0107 przewag\u0119 technologiczn\u0105, jak\u0105 dysponuje izraelska armia &#8211; stwierdzi\u0142a liba\u0144ska gazeta. Cz\u0142onkowie tej organizacji maj\u0105 zakaz korzystania z telefon\u00f3w kom\u00f3rkowych czy te\u017c nowoczesnych samochod\u00f3w, musz\u0105 regularnie zmienia\u0107 miejsce zamieszkania i nie mog\u0105 udawa\u0107 si\u0119 w niekt\u00f3re cz\u0119\u015bci kraju.<\/p>\n<p>  \u0179r\u00f3d\u0142o w Hezbollahu potwierdzi\u0142o &#8222;L&#8217;Orient-Le-Jour&#8221;, \u017ce w ostatnich dniach w zwi\u0105zku z nasileniem si\u0119 atak\u00f3w ze strony Izraela zasady dotycz\u0105ce bezpiecznej komunikacji i przemieszczania si\u0119 zosta\u0142y jeszcze bardziej zaostrzone.<\/p>\n<p>W ubieg\u0142ym roku izraelskie s\u0142u\u017cby przeprowadzi\u0142y operacj\u0119 szpiegowsk\u0105, w ramach kt\u00f3rej w ci\u0105gu dw\u00f3ch dni zdalnie wysadzono pagery i kr\u00f3tkofal\u00f3wki, wykorzystywane przez bojownik\u00f3w Hezbollahu. \u0141\u0105cznie zabito 42 osoby i raniono co najmniej 4 tys. Wielu poszkodowanych dozna\u0142o powa\u017cnych uraz\u00f3w. To w efekcie wykluczy\u0142o ich z codziennego funkcjonowania w ramach Hezbollahu. W tamtej fali atak\u00f3w zgin\u0105\u0142 \u00f3wczesny przyw\u00f3dcza tej organizacji Hasan Nasrallah.<\/p>\n<p>  Od tamtego czasu media spekulowa\u0142y, \u017ce pozostali liderzy przeszli operacje plastyczne, aby zmieni\u0107 wizerunek. Niemniej \u017ar\u00f3d\u0142o w Hezbollahu, cytowane przez dziennik, kategorycznie temu zaprzecza.<\/p>\n<p>  &#8222;Zabici (w wyniku izraelskich atak\u00f3w w ostatnich dniach &#8211; przyp. red.) niestety z\u0142amali ustalone zasady bezpiecze\u0144stwa&#8221; &#8211; twierdzi anonimowy rozm\u00f3wca &#8222;L&#8217;Orient-Le-Jour&#8221; z Hezbollahu.<\/p>\n<p>  Niemniej, pytani przez dziennik przedstawiciele liba\u0144skich s\u0142u\u017cb zaznaczyli, \u017ce ta organizacja do tej pory nie zdo\u0142a\u0142a odbudowa\u0107 swojej obecno\u015bci na po\u0142udniu Libanu po bezpo\u015bredniej konfrontacji z Izraelem z 2024 roku.<\/p>\n<p>  &#8222;Hezbollah mo\u017ce chcie\u0107 utworzy\u0107 lini\u0119 obrony na p\u00f3\u0142nocy od rzeki Litani, jednak do tej pory to si\u0119 im nie uda\u0142o, poniewa\u017c Izrael eliminuje ka\u017cd\u0105 podejrzan\u0105 obecno\u015b\u0107 w tym regionie&#8221; &#8211; m\u00f3wi\u0142 cytowany przez gazet\u0119 przedstawiciel liba\u0144skich s\u0142u\u017cb, kt\u00f3ry chce zachowa\u0107 anonimowo\u015b\u0107.<\/p>\n<p>  Zgodnie z porozumieniem z 2024 roku, Hezbollah mia\u0142 wycofa\u0107 swoje si\u0142y na p\u00f3\u0142noc od rzeki Litani, oko\u0142o 30 km od granicy z Izraelem. Jednocze\u015bnie pa\u0144stwo \u017cydowskie zobowi\u0105za\u0142o si\u0119 do wycofania wojsk z terytorium Libanu. Mimo porozumienia Izrael regularnie ostrzeliwuje obiekty, kt\u00f3re zdaniem izraelskich si\u0142 s\u0105 wykorzystywane przez Hezbollah. Ponadto utrzymuje obecno\u015b\u0107 w pi\u0119ciu strategicznych lokalizacjach w po\u0142udniowym Libanie.<\/p>\n","protected":false},"excerpt":{"rendered":"\u200bHezbollah &#8211; liba\u0144ska szyicka organizacja &#8211; odbudowuje potencja\u0142 i zaostrza \u015brodki bezpiecze\u0144stwa &#8211; napisa\u0142 w poniedzia\u0142ek liba\u0144ski dziennik&hellip;\n","protected":false},"author":2,"featured_media":108006,"comment_status":"","ping_status":"","sticky":false,"template":"","format":"standard","meta":{"footnotes":""},"categories":[14],"tags":[32,33,27,34,35,28,31,25,40,41,80,29,30,26,82,83,84],"class_list":{"0":"post-108005","1":"post","2":"type-post","3":"status-publish","4":"format-standard","5":"has-post-thumbnail","7":"category-swiat","8":"tag-breaking-news","9":"tag-breakingnews","10":"tag-headlines","11":"tag-latest-news","12":"tag-latestnews","13":"tag-naglowki","14":"tag-najwazniejsze-artykuly","15":"tag-news","16":"tag-polish","17":"tag-polski","18":"tag-swiat","19":"tag-top-stories","20":"tag-topstories","21":"tag-wiadomosci","22":"tag-world","23":"tag-world-news","24":"tag-worldnews"},"share_on_mastodon":{"url":"https:\/\/pubeurope.com\/@pl\/115574503054202885","error":""},"_links":{"self":[{"href":"https:\/\/www.europesays.com\/pl\/wp-json\/wp\/v2\/posts\/108005","targetHints":{"allow":["GET"]}}],"collection":[{"href":"https:\/\/www.europesays.com\/pl\/wp-json\/wp\/v2\/posts"}],"about":[{"href":"https:\/\/www.europesays.com\/pl\/wp-json\/wp\/v2\/types\/post"}],"author":[{"embeddable":true,"href":"https:\/\/www.europesays.com\/pl\/wp-json\/wp\/v2\/users\/2"}],"replies":[{"embeddable":true,"href":"https:\/\/www.europesays.com\/pl\/wp-json\/wp\/v2\/comments?post=108005"}],"version-history":[{"count":0,"href":"https:\/\/www.europesays.com\/pl\/wp-json\/wp\/v2\/posts\/108005\/revisions"}],"wp:featuredmedia":[{"embeddable":true,"href":"https:\/\/www.europesays.com\/pl\/wp-json\/wp\/v2\/media\/108006"}],"wp:attachment":[{"href":"https:\/\/www.europesays.com\/pl\/wp-json\/wp\/v2\/media?parent=108005"}],"wp:term":[{"taxonomy":"category","embeddable":true,"href":"https:\/\/www.europesays.com\/pl\/wp-json\/wp\/v2\/categories?post=108005"},{"taxonomy":"post_tag","embeddable":true,"href":"https:\/\/www.europesays.com\/pl\/wp-json\/wp\/v2\/tags?post=108005"}],"curies":[{"name":"wp","href":"https:\/\/api.w.org\/{rel}","templated":true}]}}