{"id":108021,"date":"2025-11-19T04:55:22","date_gmt":"2025-11-19T04:55:22","guid":{"rendered":"https:\/\/www.europesays.com\/pl\/108021\/"},"modified":"2025-11-19T04:55:22","modified_gmt":"2025-11-19T04:55:22","slug":"paulina-smaszcz-pochwalila-sie-starszym-synem-mowia-ze-jestesmy-podobni","status":"publish","type":"post","link":"https:\/\/www.europesays.com\/pl\/108021\/","title":{"rendered":"Paulina Smaszcz pochwali\u0142a si\u0119 starszym synem. &#8222;M\u00f3wi\u0105, \u017ce jeste\u015bmy podobni&#8221;"},"content":{"rendered":"<p class=\"article-p\" data-section=\"detail-body\"><a href=\"https:\/\/www.fakt.pl\/temat\/paulina-smaszcz\" id=\"70d1cf49-a016-4cf1-99a1-deaa7fc7ba58\" rel=\"nofollow noopener\" target=\"_blank\">Paulina Smaszcz<\/a> jest mam\u0105 dw\u00f3ch syn\u00f3w: 28-letniego Franciszka i 19-letniego Juliana. Starszy z nich na co dzie\u0144 mieszka we W\u0142oszech, gdzie uk\u0142ada swoje \u017cycie rodzinne i zawodowe. Mimo dziel\u0105cej ich odleg\u0142o\u015bci, Franciszek nie zapomina o swojej mamie. W wakacje celebrytka zapowiedzia\u0142a wsp\u00f3lny projekt z synem, cho\u0107 szczeg\u00f3\u0142y tej wsp\u00f3\u0142pracy wci\u0105\u017c pozostaj\u0105 tajemnic\u0105. Wiadomo jedynie, \u017ce w ramach tego przedsi\u0119wzi\u0119cia odwiedzili m.in. Hiszpani\u0119.<\/p>\n<p>        Paulina Smaszcz pochwali\u0142a si\u0119 starszym synem. &#8222;M\u00f3wi\u0105, \u017ce jeste\u015bmy bardzo podobni&#8221;<\/p>\n<p class=\"article-p\" data-section=\"detail-body\">Na opublikowanym niedawno zdj\u0119ciu, Paulina Smaszcz po raz kolejny wyrazi\u0142a swoj\u0105 dum\u0119 z roli matki. W po\u015bcie na Instagramie napisa\u0142a:<\/p>\n<p class=\"article-p\" data-section=\"detail-body\">Bycie MAM\u0104 to moja kariera. Z moim synem @frankvaccari jest najlepiej. M\u00f3wi\u0105, \u017ce jeste\u015bmy bardzo podobni. A jak wy uwa\u017cacie? Jest podobie\u0144stwo?<\/p>\n<p class=\"article-p\" data-section=\"detail-body\">To nie pierwszy raz, gdy celebrytka publicznie wypowiada si\u0119 o swojej bliskiej relacji z synami. W przesz\u0142o\u015bci wielokrotnie chwali\u0142a Franciszka za jego osi\u0105gni\u0119cia naukowe i zawodowe, podkre\u015blaj\u0105c jego pracowito\u015b\u0107 i determinacj\u0119.<\/p>\n<p class=\"article-p\" data-section=\"detail-body\">&#8222;Sko\u0144czy\u0142 takie trudne studia z wybitnym wynikiem, zdoby\u0142 tytu\u0142 magistra, zna perfekcyjnie pi\u0119\u0107 j\u0119zyk\u00f3w, jest szalenie pracowity i ambitny. Do wszystkiego doszed\u0142 w\u0142asn\u0105, ci\u0119\u017ck\u0105 prac\u0105 i determinacj\u0105&#8221; \u2014 pisa\u0142a o nim z dum\u0105.<\/p>\n<p class=\"article-p\" data-section=\"detail-body\">Franciszek, najstarszy syn Pauliny Smaszcz i Macieja Kurzajewskiego, w 2021 r. wzi\u0105\u0142 \u015blub ze swoj\u0105 ukochan\u0105 Laur\u0105 Vaccari, pochodz\u0105c\u0105 z Werony. Para doczeka\u0142a si\u0119 c\u00f3rki, a Franciszek zdecydowa\u0142 si\u0119 przyj\u0105\u0107 nazwisko \u017cony, staj\u0105c si\u0119 Franciszkiem Vaccari. Na co dzie\u0144 m\u0142ode ma\u0142\u017ce\u0144stwo mieszka we W\u0142oszech, gdzie Franciszek rozwija swoj\u0105 karier\u0119.<\/p>\n<p class=\"article-p\" data-section=\"detail-body\"><a href=\"https:\/\/ludzie.fakt.pl\/smaszcz-zaskoczyla-po-rozprawie-ten-gest-wywolal-zdumienie-u-fanow\/pvlbxz1\" id=\"d64785c7-a3a8-455e-973f-e99b822848fb\" rel=\"nofollow noopener\" target=\"_blank\">Paulina Smaszcz wykona\u0142a zaskakuj\u0105cy ruch. Zrobi\u0142a to po wyj\u015bciu z s\u0105du. Fani oniemieli<\/a><\/p>\n<p class=\"article-p\" data-section=\"detail-body\"><a href=\"https:\/\/ludzie.fakt.pl\/paulina-smaszcz-tak-przyszla-do-sadu-ekspertka-mowi-o-subtelnej-dominacji\/jh8ryce\" id=\"8be287a7-33cd-43f5-922d-4e53809ee158\" rel=\"nofollow noopener\" target=\"_blank\">Stylistka spojrza\u0142a na Smaszcz w s\u0105dzie i od razu to zauwa\u017cy\u0142a. &#8222;Symbol czysto\u015bci i triumfu&#8221;<\/a><\/p>\n<p class=\"article-p\" data-section=\"detail-body\"><a href=\"https:\/\/ludzie.fakt.pl\/podzial-majatku-pauliny-smaszcz-i-macieja-kurzajewskiego-przedluza-sie-co-dalej\/4mhcfeg\" id=\"626d3840-99cd-4174-a698-abe38bf99357\" rel=\"nofollow noopener\" target=\"_blank\">Smaszcz i Kurzajewski sp\u0119dzili kwadrans na sali s\u0105dowej i wyszli. Wiemy, co si\u0119 sta\u0142o<\/a><\/p>\n","protected":false},"excerpt":{"rendered":"Paulina Smaszcz jest mam\u0105 dw\u00f3ch syn\u00f3w: 28-letniego Franciszka i 19-letniego Juliana. Starszy z nich na co dzie\u0144 mieszka&hellip;\n","protected":false},"author":2,"featured_media":108022,"comment_status":"","ping_status":"","sticky":false,"template":"","format":"standard","meta":{"footnotes":""},"categories":[14],"tags":[32,33,27,34,35,28,31,25,40,41,80,29,30,26,82,83,84],"class_list":{"0":"post-108021","1":"post","2":"type-post","3":"status-publish","4":"format-standard","5":"has-post-thumbnail","7":"category-swiat","8":"tag-breaking-news","9":"tag-breakingnews","10":"tag-headlines","11":"tag-latest-news","12":"tag-latestnews","13":"tag-naglowki","14":"tag-najwazniejsze-artykuly","15":"tag-news","16":"tag-polish","17":"tag-polski","18":"tag-swiat","19":"tag-top-stories","20":"tag-topstories","21":"tag-wiadomosci","22":"tag-world","23":"tag-world-news","24":"tag-worldnews"},"share_on_mastodon":{"url":"https:\/\/pubeurope.com\/@pl\/115574585678027440","error":""},"_links":{"self":[{"href":"https:\/\/www.europesays.com\/pl\/wp-json\/wp\/v2\/posts\/108021","targetHints":{"allow":["GET"]}}],"collection":[{"href":"https:\/\/www.europesays.com\/pl\/wp-json\/wp\/v2\/posts"}],"about":[{"href":"https:\/\/www.europesays.com\/pl\/wp-json\/wp\/v2\/types\/post"}],"author":[{"embeddable":true,"href":"https:\/\/www.europesays.com\/pl\/wp-json\/wp\/v2\/users\/2"}],"replies":[{"embeddable":true,"href":"https:\/\/www.europesays.com\/pl\/wp-json\/wp\/v2\/comments?post=108021"}],"version-history":[{"count":0,"href":"https:\/\/www.europesays.com\/pl\/wp-json\/wp\/v2\/posts\/108021\/revisions"}],"wp:featuredmedia":[{"embeddable":true,"href":"https:\/\/www.europesays.com\/pl\/wp-json\/wp\/v2\/media\/108022"}],"wp:attachment":[{"href":"https:\/\/www.europesays.com\/pl\/wp-json\/wp\/v2\/media?parent=108021"}],"wp:term":[{"taxonomy":"category","embeddable":true,"href":"https:\/\/www.europesays.com\/pl\/wp-json\/wp\/v2\/categories?post=108021"},{"taxonomy":"post_tag","embeddable":true,"href":"https:\/\/www.europesays.com\/pl\/wp-json\/wp\/v2\/tags?post=108021"}],"curies":[{"name":"wp","href":"https:\/\/api.w.org\/{rel}","templated":true}]}}