{"id":108027,"date":"2025-11-19T05:01:19","date_gmt":"2025-11-19T05:01:19","guid":{"rendered":"https:\/\/www.europesays.com\/pl\/108027\/"},"modified":"2025-11-19T05:01:19","modified_gmt":"2025-11-19T05:01:19","slug":"znany-producent-wycofuje-ze-sprzedazy-wybrane-przyprawy-i-koncentraty-moga-byc-szkodliwe","status":"publish","type":"post","link":"https:\/\/www.europesays.com\/pl\/108027\/","title":{"rendered":"Znany producent wycofuje ze sprzeda\u017cy wybrane przyprawy i koncentraty. Mog\u0105 by\u0107 szkodliwe"},"content":{"rendered":"<p class=\"article__details\"> Opublikowano: wtorek, 18 lis 2025 12:00 Aktualizacja:\u00a0wtorek, 18 lis 2025 17:28<br \/> Autor: RED., BG | Zdj\u0119cie: Bartosz Nawrocki<\/p>\n<p>S\u0142ynna marka wycofuje wybrane przyprawy i koncentraty. Mog\u0105 by\u0107 szkodliwe. Jest ostrze\u017cenie GIS  |  foto Bartosz Nawrocki<\/p>\n<p>Podmioty handlowe wdro\u017cy\u0142y zalecane \u015brodki zabezpieczaj\u0105ce, a nadz\u00f3r nad nimi sprawuje inspekcja \u017cywno\u015bci. Konsumentom zaleca si\u0119 dok\u0142adne sprawdzenie kuchennych zasob\u00f3w i szybkie reagowanie w razie stwierdzenia zagro\u017conych produkt\u00f3w.Zanieczyszczenia w \u017cywno\u015bci. Jest komunikat s\u0142u\u017cb<br \/>\nInformacje o zagro\u017ceniu trafi\u0142y do polskich s\u0142u\u017cb sanitarnych z dw\u00f3ch \u017ar\u00f3de\u0142: europejskiego systemu RASFF oraz od dystrybutora odpowiedzialnego za produkcj\u0119 ch\u0119tnie kupowanych artyku\u0142\u00f3w \u017cywno\u015bciowych.<\/p>\n<p>\nKilkana\u015bcie partii produkt\u00f3w marki Knorr nie nadaje si\u0119 do spo\u017cycia. Chodzi m.in. o koncentraty zup (borowikowa, barszcz bia\u0142y, \u017curek, krem z kurek), zapiefixy, \u017celatyn\u0119 czy uniwersaln\u0105 przypraw\u0119. G\u0142\u00f3wny Inspektor Sanitarny wyda\u0142 w czwartek, 13 listopada, komunikat informuj\u0105cy o tym, \u017ce \u017cywno\u015b\u0107 jest zanieczyszczona fragmentami metali i\/lub gumy.\u00a0<\/p>\n<blockquote><p>\n&#8211; G\u0142\u00f3wny Inspektor Sanitarny zosta\u0142 poinformowany przez system Wczesnego Ostrzegania o Niebezpiecznej \u017bywno\u015bci i Paszy (RASFF) oraz przez polskiego dystrybutora kwestionowanych produkt\u00f3w Unilever Polska Sp. z o.o. o mo\u017cliwym zanieczyszczeniu okre\u015blonych poni\u017cej partii produkt\u00f3w fragmentami metalu i\/lub gumy &#8211; czytamy w ostrze\u017ceniu.\u00a0<\/p><\/blockquote>\n<p>Te produkty mog\u0105 stanowi\u0107 zagro\u017cenie dla zdrowia<br \/>\nLista produkt\u00f3w i partii produkt\u00f3w obj\u0119tych komunikatem:<\/p>\n<ul>\n<li>KNORR ZUPA BOROWIK<br \/>numer partii: 528008C93, 528108C93<br \/>data wa\u017cno\u015bci: 30.04.2027<\/li>\n<li>KNORR ZUPA BIA\u0141Y BARSZCZ<br \/>numer partii: 528314C93<br \/>data wa\u017cno\u015bci: 31.01.2027<\/li>\n<li>KNORR ZAPIEFIX SZYNKA<br \/>numer partii: 527902C93, 528002C93<br \/>data wa\u017cno\u015bci: 31.01.2027<\/li>\n<li>KNORR ZAPIEFIX VEGE<br \/>numer partii: 527922C93<br \/>data wa\u017cno\u015bci: 30.04.2027<\/li>\n<li>KNORR FIX 4 SERY SPAGHETTI<br \/>numer partii: 527822C93, 527922C93<br \/>data wazno\u015bci: 30.04.2027<\/li>\n<li>KNORR FIX CHRUPI\u0104CY KURCZAK CZOSNEK<br \/>numer partii: 527902C93<br \/>data wa\u017cno\u015bci: 30.04.2027<\/li>\n<li>KNORR \u017bELATYNA 6X800G<br \/>numer partii: 528320C93<br \/>data wa\u017cno\u015bci: 31.10.2028<\/li>\n<li>KNORR ZUPA KREM Z KUREK 6X1KG<br \/>numer partii: 528220C93<br \/>data wa\u017cno\u015bci: 31.01.2027<\/li>\n<li>KNORR ZUPA \u017bUREK 6X1.4KG<br \/>numer partii: 528016C93<br \/>data wa\u017cno\u015bci: 03.10.2026<\/li>\n<li>KNORR DELIKAT PRZYPRAWA UNIWERSALNA 1X3KG\u00a0<br \/>numer partii: 528117C93<br \/>data wa\u017cno\u015bci: 30.04.2027<\/li>\n<\/ul>\n<p>\u00a0Sklepy w ca\u0142ym kraju wycofuj\u0105 produkty ze sprzeda\u017cy\u00a0<br \/>\nPo otrzymaniu informacji o ryzyku, sektor handlowy &#8211; detaliczny i hurtowy &#8211; niezw\u0142ocznie przyst\u0105pi\u0142 do dzia\u0142ania. Plac\u00f3wki musz\u0105 usun\u0105\u0107 z oferty wskazane artyku\u0142y, zablokowa\u0107 ich sprzeda\u017c i odizolowa\u0107 zapasy. S\u0142u\u017cby podkre\u015blaj\u0105, \u017ce to jedna z najwi\u0119kszych operacji wycofywania produkt\u00f3w w ostatnim czasie, prowadzona w ca\u0142ym kraju.Co powinni zrobi\u0107 konsumenci? GIS podaje wytyczne<br \/>\nW celu wyeliminowania ryzyka zaleca si\u0119, by konsumenci stosowali si\u0119 do instrukcji wydanych przez organy ds. bezpiecze\u0144stwa \u017cywno\u015bci. Obejmuj\u0105 one:<\/p>\n<ul>\n<li>niespo\u017cywanie produkt\u00f3w nale\u017c\u0105cych do wskazanych partii,<\/li>\n<li>weryfikacj\u0119 zapas\u00f3w domowych,<\/li>\n<li>mo\u017cliwo\u015b\u0107 dokonania zwrotu w dowolnej plac\u00f3wce handlowej, nie trzeba mie\u0107 paragonu,<\/li>\n<li>otrzymanie zwrotu \u015brodk\u00f3w, zgodnie z deklaracj\u0105 producenta.<\/li>\n<\/ul>\n<p>Wytyczne obowi\u0105zuj\u0105 w ca\u0142ej Polsce, a obs\u0142uga sklep\u00f3w zosta\u0142a zobligowana do przyjmowania zwrot\u00f3w oraz natychmiastowego wycofywania produkt\u00f3w obj\u0119tych komunikatem.Sk\u0105d guma i metal w produktach?<br \/>\nProducent nadal ustala dok\u0142adn\u0105 przyczyn\u0119 problemu, cho\u0107 w bran\u017cy znane s\u0105 typowe sytuacje prowadz\u0105ce do takich incydent\u00f3w.<\/p>\n<p>\nMo\u017cliwe \u017ar\u00f3d\u0142a obejmuj\u0105:<\/p>\n<ul>\n<li>awarie maszyny<\/li>\n<li>uszkodzenia element\u00f3w linii produkcyjnej<\/li>\n<li>niewystarczaj\u0105c\u0105 filtracj\u0119 sk\u0142adnik\u00f3w<\/li>\n<\/ul>\n<p>\u00a0<\/p>\n<p>\nS\u0142u\u017cby zaznaczaj\u0105, \u017ce komunikat nale\u017cy traktowa\u0107 powa\u017cnie, gdy\u017c zagro\u017cenie ma charakter realny, a nie jedynie teoretyczny.\u00a0<\/p>\n","protected":false},"excerpt":{"rendered":"Opublikowano: wtorek, 18 lis 2025 12:00 Aktualizacja:\u00a0wtorek, 18 lis 2025 17:28 Autor: RED., BG | Zdj\u0119cie: Bartosz Nawrocki&hellip;\n","protected":false},"author":2,"featured_media":108028,"comment_status":"","ping_status":"","sticky":false,"template":"","format":"standard","meta":{"footnotes":""},"categories":[16],"tags":[113,112,8569,8445,23949,42,38,40,39,41],"class_list":{"0":"post-108027","1":"post","2":"type-post","3":"status-publish","4":"format-standard","5":"has-post-thumbnail","7":"category-biznes","8":"tag-biznes","9":"tag-business","10":"tag-gis","11":"tag-jarocin","12":"tag-knorr","13":"tag-pl","14":"tag-poland","15":"tag-polish","16":"tag-polska","17":"tag-polski"},"share_on_mastodon":{"url":"https:\/\/pubeurope.com\/@pl\/115574609362208807","error":""},"_links":{"self":[{"href":"https:\/\/www.europesays.com\/pl\/wp-json\/wp\/v2\/posts\/108027","targetHints":{"allow":["GET"]}}],"collection":[{"href":"https:\/\/www.europesays.com\/pl\/wp-json\/wp\/v2\/posts"}],"about":[{"href":"https:\/\/www.europesays.com\/pl\/wp-json\/wp\/v2\/types\/post"}],"author":[{"embeddable":true,"href":"https:\/\/www.europesays.com\/pl\/wp-json\/wp\/v2\/users\/2"}],"replies":[{"embeddable":true,"href":"https:\/\/www.europesays.com\/pl\/wp-json\/wp\/v2\/comments?post=108027"}],"version-history":[{"count":0,"href":"https:\/\/www.europesays.com\/pl\/wp-json\/wp\/v2\/posts\/108027\/revisions"}],"wp:featuredmedia":[{"embeddable":true,"href":"https:\/\/www.europesays.com\/pl\/wp-json\/wp\/v2\/media\/108028"}],"wp:attachment":[{"href":"https:\/\/www.europesays.com\/pl\/wp-json\/wp\/v2\/media?parent=108027"}],"wp:term":[{"taxonomy":"category","embeddable":true,"href":"https:\/\/www.europesays.com\/pl\/wp-json\/wp\/v2\/categories?post=108027"},{"taxonomy":"post_tag","embeddable":true,"href":"https:\/\/www.europesays.com\/pl\/wp-json\/wp\/v2\/tags?post=108027"}],"curies":[{"name":"wp","href":"https:\/\/api.w.org\/{rel}","templated":true}]}}