{"id":108039,"date":"2025-11-19T05:12:12","date_gmt":"2025-11-19T05:12:12","guid":{"rendered":"https:\/\/www.europesays.com\/pl\/108039\/"},"modified":"2025-11-19T05:12:12","modified_gmt":"2025-11-19T05:12:12","slug":"kulisy-problemow-w-legii-warszawa-wszystko-jest-top","status":"publish","type":"post","link":"https:\/\/www.europesays.com\/pl\/108039\/","title":{"rendered":"Kulisy problem\u00f3w w Legii Warszawa. &#8222;Wszystko jest top&#8221;"},"content":{"rendered":"\n<p class=\"contentpart contentpart--default contentpart--text\" data-position=\"0\"><a href=\"https:\/\/sportowefakty.wp.pl\/pilka-nozna\/legia-warszawa\" rel=\"nofollow noopener\" target=\"_blank\">Legia Warszawa<\/a>, kt\u00f3ra w ostatnich meczach notuje s\u0142abe wyniki, znalaz\u0142a si\u0119 w  centrum uwagi nie tylko z powod\u00f3w sportowych. Dru\u017cyna przegra\u0142a z  Pogoni\u0105 Szczecin w Pucharze Polski, co zaostrzy\u0142o kryzys. Po tym spotkaniu z klubu odszed\u0142 trener <a href=\"https:\/\/sportowefakty.wp.pl\/pilka-nozna\/edward-iordanescu\" rel=\"nofollow noopener\" target=\"_blank\">Edward Iordanescu<\/a>.<\/p>\n<p class=\"contentpart contentpart--default contentpart--text\" data-position=\"1\">Jednak jak  podaje &#8222;Przegl\u0105d Sportowy Onet&#8221;, to nie jedyny problem klubu. Za kulisami klubu, zarz\u0105dzanego przez <a href=\"https:\/\/sportowefakty.wp.pl\/pilka-nozna\/dariusz-mioduski\" rel=\"nofollow noopener\" target=\"_blank\">Dariusza Mioduskiego<\/a>, narasta  chaos. Anonimowy by\u0142y pracownik ujawnia brak konsekwencji w decyzjach  w\u0142adz klubu.<\/p>\n<p> <img role=\"presentation\" src=\"https:\/\/std.wpcdn.pl\/images\/adv\/placeholder_wp.svg\" loading=\"lazy\" alt=\"\" decoding=\"async\"\/>  <\/p>\n<p class=\"contentpart contentpart--default contentpart--text\" data-position=\"2\">&#8211; Od wielu os\u00f3b s\u0142ysz\u0119 o Mioduskim, \u017ce to dobry cz\u0142owiek.  Tylko w kierowaniu klubem nie to jest mimo wszystko kluczowe &#8211; twierdzi  by\u0142y pracownik.<\/p>\n<p class=\"contentpart contentpart--default contentpart--text\" data-position=\"3\">ZOBACZ WIDEO: Lewandowski zachwycony po meczu kadry. &#8222;Ciarki na ca\u0142ym ciele&#8221;<\/p>\n<p class=\"contentpart contentpart--default contentpart--text\" data-position=\"5\">Krytyk\u0119 wzbudza r\u00f3wnie\u017c spos\u00f3b wprowadzania zmian kadrowych. Mimo zapowiedzi pe\u0142nej swobody dla\u00a0<a href=\"https:\/\/sportowefakty.wp.pl\/pilka-nozna\/michal-zewlakow\" rel=\"nofollow noopener\" target=\"_blank\">Micha\u0142a \u017bew\u0142akowa<\/a>\u00a0jako dyrektora sportowego w\u0142a\u015bciciel klubu nie zgodzi\u0142 si\u0119 na jego wyb\u00f3r trenera <a href=\"https:\/\/sportowefakty.wp.pl\/pilka-nozna\/aleksandar-vukovic\" rel=\"nofollow noopener\" target=\"_blank\">Aleksandara Vukovica<\/a>. Taka niesp\u00f3jno\u015b\u0107 uderza w stabilno\u015b\u0107 dru\u017cyny.<\/p>\n<p class=\"contentpart contentpart--default contentpart--text\" data-position=\"6\">By\u0142y pracownik sugeruje tak\u017ce, i\u017c Dariusz Mioduski jest nie\u015bwiadomy  rzeczywistej sytuacji w klubie z Warszawy.<\/p>\n<p> <img role=\"presentation\" src=\"https:\/\/std.wpcdn.pl\/images\/adv\/placeholder_wp.svg\" loading=\"lazy\" alt=\"\" decoding=\"async\"\/>  <\/p>\n<p class=\"contentpart contentpart--default contentpart--text\" data-position=\"7\">&#8211; Jemu si\u0119 m\u00f3wi, \u017ce LTC to kraina  mlekiem i miodem p\u0142yn\u0105ca. Wszystko jest top. Procesy s\u0105 top. Standardy  s\u0105 top &#8211; relacjonuje by\u0142y pracownik. Wskazuje to na rozbie\u017cno\u015b\u0107 mi\u0119dzy  obrazem rzeczywisto\u015bci prezentowanym w\u0142a\u015bcicielowi a realn\u0105 kondycj\u0105  klubu.<\/p>\n<p class=\"contentpart contentpart--default contentpart--text\" data-position=\"8\">Jednocze\u015bnie pojawiaj\u0105 si\u0119 obietnice o rozwoju nowych innowacji,  takich jak Aspire Academy, kt\u00f3re maj\u0105 na celu podnie\u015b\u0107 poziom klubu.  Jednak wed\u0142ug by\u0142ego pracownika, pozostaj\u0105 one na razie w sferze plan\u00f3w.<\/p>\n","protected":false},"excerpt":{"rendered":"Legia Warszawa, kt\u00f3ra w ostatnich meczach notuje s\u0142abe wyniki, znalaz\u0142a si\u0119 w centrum uwagi nie tylko z powod\u00f3w&hellip;\n","protected":false},"author":2,"featured_media":108040,"comment_status":"","ping_status":"","sticky":false,"template":"","format":"standard","meta":{"footnotes":""},"categories":[24],"tags":[10066,712,9930,713,3854,269,42,38,40,39,41,127,126],"class_list":{"0":"post-108039","1":"post","2":"type-post","3":"status-publish","4":"format-standard","5":"has-post-thumbnail","7":"category-sport","8":"tag-aleksandar-vukovic","9":"tag-dariusz-mioduski","10":"tag-edward-iordanescu","11":"tag-legia-warszawa","12":"tag-michal-zewlakow","13":"tag-pilka-nozna","14":"tag-pl","15":"tag-poland","16":"tag-polish","17":"tag-polska","18":"tag-polski","19":"tag-sport","20":"tag-sports"},"share_on_mastodon":{"url":"https:\/\/pubeurope.com\/@pl\/115574652707192051","error":""},"_links":{"self":[{"href":"https:\/\/www.europesays.com\/pl\/wp-json\/wp\/v2\/posts\/108039","targetHints":{"allow":["GET"]}}],"collection":[{"href":"https:\/\/www.europesays.com\/pl\/wp-json\/wp\/v2\/posts"}],"about":[{"href":"https:\/\/www.europesays.com\/pl\/wp-json\/wp\/v2\/types\/post"}],"author":[{"embeddable":true,"href":"https:\/\/www.europesays.com\/pl\/wp-json\/wp\/v2\/users\/2"}],"replies":[{"embeddable":true,"href":"https:\/\/www.europesays.com\/pl\/wp-json\/wp\/v2\/comments?post=108039"}],"version-history":[{"count":0,"href":"https:\/\/www.europesays.com\/pl\/wp-json\/wp\/v2\/posts\/108039\/revisions"}],"wp:featuredmedia":[{"embeddable":true,"href":"https:\/\/www.europesays.com\/pl\/wp-json\/wp\/v2\/media\/108040"}],"wp:attachment":[{"href":"https:\/\/www.europesays.com\/pl\/wp-json\/wp\/v2\/media?parent=108039"}],"wp:term":[{"taxonomy":"category","embeddable":true,"href":"https:\/\/www.europesays.com\/pl\/wp-json\/wp\/v2\/categories?post=108039"},{"taxonomy":"post_tag","embeddable":true,"href":"https:\/\/www.europesays.com\/pl\/wp-json\/wp\/v2\/tags?post=108039"}],"curies":[{"name":"wp","href":"https:\/\/api.w.org\/{rel}","templated":true}]}}