{"id":108051,"date":"2025-11-19T05:26:10","date_gmt":"2025-11-19T05:26:10","guid":{"rendered":"https:\/\/www.europesays.com\/pl\/108051\/"},"modified":"2025-11-19T05:26:10","modified_gmt":"2025-11-19T05:26:10","slug":"horror-sedzia-zastrzelil-byla-partnerke-pozniej-probowal-odebrac-sobie-zycie","status":"publish","type":"post","link":"https:\/\/www.europesays.com\/pl\/108051\/","title":{"rendered":"Horror. S\u0119dzia zastrzeli\u0142 by\u0142\u0105 partnerk\u0119. P\u00f3\u017aniej pr\u00f3bowa\u0142 odebra\u0107 sobie \u017cycie"},"content":{"rendered":"\n<p class=\"contentpart contentpart--default contentpart--text\" data-position=\"0\">Do dramatu dosz\u0142o w Mostarze (Bo\u015bnia i Hercegowina), w sobotnie popo\u0142udnie 15 listopada. Aldina Jahi\u0107 zosta\u0142a zastrzelona przez by\u0142ego partnera, <a href=\"https:\/\/sportowefakty.wp.pl\/pilka-nozna\/anis-kalajdzic\" rel=\"nofollow noopener\" target=\"_blank\">Anisa Kalajdzicia<\/a>\u00a0&#8211; znanego w regionie s\u0119dziego pi\u0142karskiego. Kobieta pr\u00f3bowa\u0142a uciec do pobliskiej kawiarni i zd\u0105\u017cy\u0142a zadzwoni\u0107 na policj\u0119. Napastnik dopad\u0142 j\u0105 w toalecie i odda\u0142 strza\u0142. Mimo pr\u00f3by samob\u00f3jczej nie odebra\u0142 sobie \u017cycia &#8211; bro\u0144 si\u0119 zaci\u0119\u0142a. Zosta\u0142 zatrzymany na miejscu &#8211; podaj\u0105 bo\u015bniacki &#8222;Klix&#8221; i &#8222;The Sun&#8221;.<\/p>\n<p> <img role=\"presentation\" src=\"https:\/\/std.wpcdn.pl\/images\/adv\/placeholder_wp.svg\" loading=\"lazy\" alt=\"\" decoding=\"async\"\/>  <\/p>\n<p class=\"contentpart contentpart--default contentpart--text\" data-position=\"1\">Kalajdzi\u0107 by\u0142 znanym w kraju arbitrem, s\u0119dziuj\u0105cym w pierwszej lidze Federacji Bo\u015bni i Hercegowiny. Jego ojciec, Avdo Kalajdzi\u0107, by\u0142 trenerem Velezu Mostar i tymczasowym selekcjonerem reprezentacji w 1999 roku. Anis mia\u0142 legalnie zarejestrowany pistolet od zaledwie miesi\u0105ca. T\u0142umaczy\u0142, \u017ce potrzebowa\u0142 go do ochrony po gro\u017abach, jakie otrzymywa\u0142 jako s\u0119dzia.<\/p>\n<p class=\"contentpart contentpart--default contentpart--text\" data-position=\"2\">Ze wst\u0119pnych ustale\u0144 \u015bledczych wynika, \u017ce zab\u00f3jstwo mog\u0142o by\u0107 zaplanowane. 33-latka pochodzi\u0142a z Kalesiji, a do Mostaru przenios\u0142a si\u0119 zawodowo. Cho\u0107 wed\u0142ug medi\u00f3w dostawa\u0142a wcze\u015bniej niepokoj\u0105ce sygna\u0142y od Kalajdzicia, nie zg\u0142osi\u0142a ich s\u0142u\u017cbom. Motywem mia\u0142o by\u0107 zako\u0144czenie ich relacji.<\/p>\n<p class=\"contentpart contentpart--default contentpart--text\" data-position=\"3\">W mediach spo\u0142eczno\u015bciowych g\u0142os zabra\u0142 Admir Cavali\u0107, bo\u015bniacki parlamentarzysta, kt\u00f3ry zna\u0142 Aldin\u0119 Jahi\u0107. &#8222;Ci\u0119\u017cko znale\u017a\u0107 s\u0142owa po czyjej\u015b \u015bmierci. Jeszcze trudniej, gdy odchodzi kto\u015b m\u0142ody, ambitny, kto m\u00f3wi\u0142 do ciebie: mentorze&#8221; &#8211; napisa\u0142 roz\u017calony.<\/p>\n<p class=\"contentpart contentpart--default contentpart--text\" data-position=\"4\">&#8222;Od pierwszych szkole\u0144, wyjazd\u00f3w, po wsp\u00f3lne publikacje i mi\u0119dzynarodowe projekty. To by\u0142a dekada pracy i rozwoju. Aldina mog\u0142a zorganizowa\u0107 wydarzenie dla tysi\u0105ca os\u00f3b, m\u00f3wi\u0107 p\u0142ynnie po angielsku, \u017cartowa\u0107, pisa\u0107. Ona potrafi\u0142a wszystko&#8221; &#8211; czytamy.<\/p>\n<p> <img role=\"presentation\" src=\"https:\/\/std.wpcdn.pl\/images\/adv\/placeholder_wp.svg\" loading=\"lazy\" alt=\"\" decoding=\"async\"\/>  <\/p>\n<p class=\"contentpart contentpart--default contentpart--text\" data-position=\"5\">Aldina Jahi\u0107 by\u0142a dyrektork\u0105 ds. projekt\u00f3w i wydarze\u0144 w Atlas Society International. Bo\u015bniacka policja prowadzi \u015bledztwo, kt\u00f3re ma wyja\u015bni\u0107, czy Kalajdzi\u0107 dzia\u0142a\u0142 z premedytacj\u0105. Sprawa poruszy\u0142a opini\u0119 publiczn\u0105 w ca\u0142ym kraju.<\/p>\n","protected":false},"excerpt":{"rendered":"Do dramatu dosz\u0142o w Mostarze (Bo\u015bnia i Hercegowina), w sobotnie popo\u0142udnie 15 listopada. Aldina Jahi\u0107 zosta\u0142a zastrzelona przez&hellip;\n","protected":false},"author":2,"featured_media":108052,"comment_status":"","ping_status":"","sticky":false,"template":"","format":"standard","meta":{"footnotes":""},"categories":[24],"tags":[23974,23973,269,278,42,38,40,39,41,127,126],"class_list":{"0":"post-108051","1":"post","2":"type-post","3":"status-publish","4":"format-standard","5":"has-post-thumbnail","7":"category-sport","8":"tag-anis-kalajdzic","9":"tag-bosnia-i-hercegowina","10":"tag-pilka-nozna","11":"tag-pilka-w-europie","12":"tag-pl","13":"tag-poland","14":"tag-polish","15":"tag-polska","16":"tag-polski","17":"tag-sport","18":"tag-sports"},"share_on_mastodon":{"url":"https:\/\/pubeurope.com\/@pl\/115574707701885303","error":""},"_links":{"self":[{"href":"https:\/\/www.europesays.com\/pl\/wp-json\/wp\/v2\/posts\/108051","targetHints":{"allow":["GET"]}}],"collection":[{"href":"https:\/\/www.europesays.com\/pl\/wp-json\/wp\/v2\/posts"}],"about":[{"href":"https:\/\/www.europesays.com\/pl\/wp-json\/wp\/v2\/types\/post"}],"author":[{"embeddable":true,"href":"https:\/\/www.europesays.com\/pl\/wp-json\/wp\/v2\/users\/2"}],"replies":[{"embeddable":true,"href":"https:\/\/www.europesays.com\/pl\/wp-json\/wp\/v2\/comments?post=108051"}],"version-history":[{"count":0,"href":"https:\/\/www.europesays.com\/pl\/wp-json\/wp\/v2\/posts\/108051\/revisions"}],"wp:featuredmedia":[{"embeddable":true,"href":"https:\/\/www.europesays.com\/pl\/wp-json\/wp\/v2\/media\/108052"}],"wp:attachment":[{"href":"https:\/\/www.europesays.com\/pl\/wp-json\/wp\/v2\/media?parent=108051"}],"wp:term":[{"taxonomy":"category","embeddable":true,"href":"https:\/\/www.europesays.com\/pl\/wp-json\/wp\/v2\/categories?post=108051"},{"taxonomy":"post_tag","embeddable":true,"href":"https:\/\/www.europesays.com\/pl\/wp-json\/wp\/v2\/tags?post=108051"}],"curies":[{"name":"wp","href":"https:\/\/api.w.org\/{rel}","templated":true}]}}