{"id":108061,"date":"2025-11-19T05:36:22","date_gmt":"2025-11-19T05:36:22","guid":{"rendered":"https:\/\/www.europesays.com\/pl\/108061\/"},"modified":"2025-11-19T05:36:22","modified_gmt":"2025-11-19T05:36:22","slug":"hit-w-biedronce-telewizory-za-1-zl-jeszcze-przed-black-friday-rmf-fm","status":"publish","type":"post","link":"https:\/\/www.europesays.com\/pl\/108061\/","title":{"rendered":"Hit w Biedronce. Telewizory za 1 z\u0142 jeszcze przed Black Friday :: RMF FM"},"content":{"rendered":"<p>Biedronka szaleje z promocjami przed Black Friday. Sie\u0107 ju\u017c ruszy\u0142a z wielkimi wyprzeda\u017cami, oferuj\u0105c klientom m.in. si\u0119gaj\u0105ce -60% obni\u017cki cen najpopularniejszych produkt\u00f3w. Prawdziwy hit to akcja z telewizorami po 1 z\u0142. Normalnie ten model kosztuje 699 z\u0142.<\/p>\n<p><img decoding=\"async\" alt=\"\" src=\"https:\/\/www.europesays.com\/pl\/wp-content\/uploads\/2025\/11\/1763530581_811_3d08c521533143868e9ad038771ee5f3.jpg\" class=\"w-100\"\/><\/p>\n<p>Wielkie promocje w Biedronka Home, fot. Shutterstock<\/p>\n<p>&#13;<br \/>\n\t<a href=\"https:\/\/www.rmf.fm\/magazyn\/tag,Biedronka.html\" rel=\"nofollow noopener\" target=\"_blank\">Biedronka<\/a> \u2013 wyprzeda\u017c Black Weeks<\/p>\n<p>&#13;<br \/>\n\tW tym roku Black Friday, czyli doroczne \u015bwi\u0119to zakup\u00f3w, wypada 28 listopada. Wiele sklep\u00f3w decyduje si\u0119 jednak rozpocz\u0105\u0107 wyprzeda\u017ce wcze\u015bniej w ramach tzw. Black Weeks czy Black Month. T\u0105 drog\u0105 posz\u0142a tak\u017ce Biedronka, kt\u00f3ra ju\u017c szaleje z przecenami w swoim sklepie internetowym Biedronka Home.<\/p>\n<p>&#13;<br \/>\n\tAktualne obni\u017cki si\u0119gaj\u0105 -60%. O tyle taniej mo\u017cna teraz dosta\u0107 np. trzyelementowe zestawy walizek Wings Egret (przecena z 879 z\u0142 do 339 z\u0142), sze\u015bcioelementowe zestawy garnk\u00f3w Zwieger Multima ze stali nierdzewnej (z 399 z\u0142 do 159 z\u0142), podobne zestawy MG Home Handy Smart (z 299 z\u0142 do 119 z\u0142) czy przybory kuchenne w zestawie zawieraj\u0105cym pi\u0119\u0107 element\u00f3w Zwieger Carmina (z 149 z\u0142 do 59 z\u0142).<\/p>\n<p>&#13;<br \/>\n\tImponuj\u0105cym rabatem obj\u0119to te\u017c np. bezprzewodowy odkurzacz pionowy Tefal X-Force Flex 12.60, 24 kPa, bo w tym przypadku mo\u017cna liczy\u0107 na ponad tysi\u0105c z\u0142otych upustu. Po przecenie o 48% z 2149 z\u0142 urz\u0105dzenie kosztuje obecnie 1099 z\u0142.<\/p>\n<p><a href=\"https:\/\/www.rmf.fm\/magazyn\/news,85239,hit-w-lidlu-idealne-na-zime-skorzane-botki-za-grosze.html\" rel=\"nofollow noopener\" target=\"_blank\"><img decoding=\"async\" src=\"https:\/\/www.europesays.com\/pl\/wp-content\/uploads\/2025\/11\/1763530582_881_95128399847345d03df1fa55357e697b.jpg\" width=\"290\"\/><\/a><a href=\"https:\/\/www.rmf.fm\/magazyn\/news,85239,hit-w-lidlu-idealne-na-zime-skorzane-botki-za-grosze.html\" rel=\"nofollow noopener\" target=\"_blank\">Hit w Lidlu. Idealne na zim\u0119 sk\u00f3rzane botki za grosze<\/a><\/p>\n<p>Lidl szykuje prawdziwy hit. Sie\u0107 zamierza mocno przeceni\u0107 doskona\u0142e na jesie\u0144 i zim\u0119 damskie botki, do tego wykonane z naturalnej sk\u00f3ry. To jednak nie koniec nowo\u015bci, jakie wkr\u00f3tce pojawi\u0105 si\u0119 w sklepach. Sp\u00f3jrzcie tylko na cen\u0119 modnych&#8230;<\/p>\n<p>\n&#13;<br \/>\n\tBiedronka Home \u2013 telewizory po 1 z\u0142<\/p>\n<p>&#13;<br \/>\n\tBiedronka w swoim sklepie internetowym kusi ponadto\u00a0kilkoma akcjami z produktami za 1 z\u0142. Przy zakupie frytownicy bezt\u0142uszczowej Hoffen (przeceniona ze 199 z\u0142 na 149 z\u0142) pozwala dobra\u0107 za symoliczn\u0105 z\u0142ot\u00f3wk\u0119 m\u0142ynek do pieprzu Tadar Cayenne (cena regularna: 24,99 z\u0142) albo dozownik na olej, krajacz do frytek albo szczypce kuchenne tej samej marki (cena regularna: 17,99 z\u0142).<\/p>\n<p>&#13;<br \/>\n\tNajwi\u0119kszy hit jest jednak inny. Biedronka Home wyprzedaje te\u017c telewizory, r\u00f3wnie\u017c pozbywaj\u0105c si\u0119 niekt\u00f3rych za symboliczn\u0105 z\u0142ot\u00f3wk\u0119. Kupuj\u0105c telewizor 65\u201d UD 65GU6210S, Google TV, LED, Ultra za 1999 z\u0142, mo\u017cna dobra\u0107 drugi \u2013 24&#8243; UD 24W5210, HD, Android TV w\u0142a\u015bnie za 1 z\u0142. Normalnie poza promocj\u0105 kosztuje 699 z\u0142. Czas na skorzystanie z tej oferty jest do 1 grudnia.<\/p>\n","protected":false},"excerpt":{"rendered":"Biedronka szaleje z promocjami przed Black Friday. Sie\u0107 ju\u017c ruszy\u0142a z wielkimi wyprzeda\u017cami, oferuj\u0105c klientom m.in. si\u0119gaj\u0105ce -60%&hellip;\n","protected":false},"author":2,"featured_media":108062,"comment_status":"","ping_status":"","sticky":false,"template":"","format":"standard","meta":{"footnotes":""},"categories":[16],"tags":[1528,23975,19805,23976,1530,5415,1531,5416,113,112,42,38,40,39,41,863,862],"class_list":{"0":"post-108061","1":"post","2":"type-post","3":"status-publish","4":"format-standard","5":"has-post-thumbnail","7":"category-biznes","8":"tag-biedronka","9":"tag-biedronka-black-friday","10":"tag-biedronka-home","11":"tag-biedronka-home-promocje","12":"tag-biedronka-promocja","13":"tag-biedronka-promocja-dzisiaj","14":"tag-biedronka-promocje","15":"tag-biedronka-promocje-dzisiaj","16":"tag-biznes","17":"tag-business","18":"tag-pl","19":"tag-poland","20":"tag-polish","21":"tag-polska","22":"tag-polski","23":"tag-promocja","24":"tag-promocje"},"share_on_mastodon":{"url":"https:\/\/pubeurope.com\/@pl\/115574747138187510","error":""},"_links":{"self":[{"href":"https:\/\/www.europesays.com\/pl\/wp-json\/wp\/v2\/posts\/108061","targetHints":{"allow":["GET"]}}],"collection":[{"href":"https:\/\/www.europesays.com\/pl\/wp-json\/wp\/v2\/posts"}],"about":[{"href":"https:\/\/www.europesays.com\/pl\/wp-json\/wp\/v2\/types\/post"}],"author":[{"embeddable":true,"href":"https:\/\/www.europesays.com\/pl\/wp-json\/wp\/v2\/users\/2"}],"replies":[{"embeddable":true,"href":"https:\/\/www.europesays.com\/pl\/wp-json\/wp\/v2\/comments?post=108061"}],"version-history":[{"count":0,"href":"https:\/\/www.europesays.com\/pl\/wp-json\/wp\/v2\/posts\/108061\/revisions"}],"wp:featuredmedia":[{"embeddable":true,"href":"https:\/\/www.europesays.com\/pl\/wp-json\/wp\/v2\/media\/108062"}],"wp:attachment":[{"href":"https:\/\/www.europesays.com\/pl\/wp-json\/wp\/v2\/media?parent=108061"}],"wp:term":[{"taxonomy":"category","embeddable":true,"href":"https:\/\/www.europesays.com\/pl\/wp-json\/wp\/v2\/categories?post=108061"},{"taxonomy":"post_tag","embeddable":true,"href":"https:\/\/www.europesays.com\/pl\/wp-json\/wp\/v2\/tags?post=108061"}],"curies":[{"name":"wp","href":"https:\/\/api.w.org\/{rel}","templated":true}]}}