{"id":108084,"date":"2025-11-19T06:00:07","date_gmt":"2025-11-19T06:00:07","guid":{"rendered":"https:\/\/www.europesays.com\/pl\/108084\/"},"modified":"2025-11-19T06:00:07","modified_gmt":"2025-11-19T06:00:07","slug":"dwa-lotniska-w-polsce-zamkniete-po-ataku-rosji-na-ukraine","status":"publish","type":"post","link":"https:\/\/www.europesays.com\/pl\/108084\/","title":{"rendered":"Dwa lotniska w Polsce zamkni\u0119te po ataku Rosji na Ukrain\u0119"},"content":{"rendered":"<p class=\"ods-c-paragraph \">Jak napisano w komunikacie DORSZ, zgodnie z obowi\u0105zuj\u0105cymi procedurami <a href=\"https:\/\/wiadomosci.onet.pl\/kraj\/polskie-lotnictwo-w-najwyzszej-gotowosci-dorsz-reakcja-na-ataki-rosji\/67009nk\" id=\"7d991e30-7a15-4ade-a8fd-1b2ed5389831\" rel=\"nofollow noopener\" target=\"_blank\">Dow\u00f3dca Operacyjny RSZ uruchomi\u0142 niezb\u0119dne si\u0142y i \u015brodki pozostaj\u0105ce w jego dyspozycji<\/a>.<\/p>\n<p> Dlaczego lotniska w Rzeszowie i Lublinie zosta\u0142y zamkni\u0119te? <\/p>\n<p> Kiedy zamkni\u0119to lotniska Rzesz\u00f3w i Lublin? <\/p>\n<p> Kto poinformowa\u0142 o zamkni\u0119ciu lotnisk? <\/p>\n<p> Jakie dzia\u0142ania podj\u0119to w polskiej przestrzeni powietrznej? <\/p>\n<p>  My\u015bliwce nad Polsk\u0105 po ataku Rosji na Ukrain\u0119<\/p>\n<p class=\"ods-c-paragraph \">&#8222;Poderwane zosta\u0142y dy\u017curne pary my\u015bliwskie i samolot wczesnego ostrzegania, a naziemne systemy obrony powietrznej oraz rozpoznania radiolokacyjnego osi\u0105gn\u0119\u0142y stan najwy\u017cszej gotowo\u015bci&#8221; \u2014 przekazano.<\/p>\n<p class=\"ods-c-paragraph \">Zaznaczono, \u017ce dzia\u0142ania te maj\u0105 charakter prewencyjny i s\u0105 ukierunkowane na zabezpieczenie przestrzeni powietrznej i jej ochron\u0119, zw\u0142aszcza w rejonach przyleg\u0142ych do zagro\u017conych obszar\u00f3w.<\/p>\n<p class=\"ods-c-paragraph \">&#8222;Dow\u00f3dztwo Operacyjne RSZ monitoruje bie\u017c\u0105c\u0105 sytuacj\u0119, a podleg\u0142e si\u0142y i \u015brodki pozostaj\u0105 w gotowo\u015bci do natychmiastowej reakcji&#8221; \u2014 podkre\u015blono.<\/p>\n<p>Dwa lotniska w Polsce zamkni\u0119te po ataku Rosji na Ukrain\u0119<\/p>\n<p class=\"ods-c-paragraph \">Nast\u0119pnie o zamkni\u0119ciu lotnisk w Rzeszowie i Lublinie poinformowa\u0142a Polska Agencja \u017beglugi Powietrznej. &#8222;Z powodu konieczno\u015bci zapewnienia swobody dzia\u0142ania lotnictwa wojskowego lotniska Rzesz\u00f3w i Lublin zosta\u0142y czasowo zamkni\u0119te&#8221; \u2014 czytamy.<\/p>\n","protected":false},"excerpt":{"rendered":"Jak napisano w komunikacie DORSZ, zgodnie z obowi\u0105zuj\u0105cymi procedurami Dow\u00f3dca Operacyjny RSZ uruchomi\u0142 niezb\u0119dne si\u0142y i \u015brodki pozostaj\u0105ce&hellip;\n","protected":false},"author":2,"featured_media":108085,"comment_status":"","ping_status":"","sticky":false,"template":"","format":"standard","meta":{"footnotes":""},"categories":[5],"tags":[32,33,36,37,27,76,49,34,35,2995,1081,28,31,48,25,46,23979,42,38,40,39,41,1742,2683,47,29,30,26],"class_list":{"0":"post-108084","1":"post","2":"type-post","3":"status-publish","4":"format-standard","5":"has-post-thumbnail","7":"category-naglowki","8":"tag-breaking-news","9":"tag-breakingnews","10":"tag-featured-news","11":"tag-featurednews","12":"tag-headlines","13":"tag-inwazja_rosji_na_ukraine","14":"tag-kraj","15":"tag-latest-news","16":"tag-latestnews","17":"tag-lotnisko","18":"tag-lublin","19":"tag-naglowki","20":"tag-najwazniejsze-artykuly","21":"tag-nat_styl","22":"tag-news","23":"tag-omp","24":"tag-pansa","25":"tag-pl","26":"tag-poland","27":"tag-polish","28":"tag-polska","29":"tag-polski","30":"tag-rzeszow","31":"tag-samoloty_lotnictwo_ruch_lotniczy","32":"tag-screening_general","33":"tag-top-stories","34":"tag-topstories","35":"tag-wiadomosci"},"share_on_mastodon":{"url":"https:\/\/pubeurope.com\/@pl\/115574841327004856","error":""},"_links":{"self":[{"href":"https:\/\/www.europesays.com\/pl\/wp-json\/wp\/v2\/posts\/108084","targetHints":{"allow":["GET"]}}],"collection":[{"href":"https:\/\/www.europesays.com\/pl\/wp-json\/wp\/v2\/posts"}],"about":[{"href":"https:\/\/www.europesays.com\/pl\/wp-json\/wp\/v2\/types\/post"}],"author":[{"embeddable":true,"href":"https:\/\/www.europesays.com\/pl\/wp-json\/wp\/v2\/users\/2"}],"replies":[{"embeddable":true,"href":"https:\/\/www.europesays.com\/pl\/wp-json\/wp\/v2\/comments?post=108084"}],"version-history":[{"count":0,"href":"https:\/\/www.europesays.com\/pl\/wp-json\/wp\/v2\/posts\/108084\/revisions"}],"wp:featuredmedia":[{"embeddable":true,"href":"https:\/\/www.europesays.com\/pl\/wp-json\/wp\/v2\/media\/108085"}],"wp:attachment":[{"href":"https:\/\/www.europesays.com\/pl\/wp-json\/wp\/v2\/media?parent=108084"}],"wp:term":[{"taxonomy":"category","embeddable":true,"href":"https:\/\/www.europesays.com\/pl\/wp-json\/wp\/v2\/categories?post=108084"},{"taxonomy":"post_tag","embeddable":true,"href":"https:\/\/www.europesays.com\/pl\/wp-json\/wp\/v2\/tags?post=108084"}],"curies":[{"name":"wp","href":"https:\/\/api.w.org\/{rel}","templated":true}]}}